{"id":588389,"date":"2025-12-09T11:14:31","date_gmt":"2025-12-09T11:14:31","guid":{"rendered":"https:\/\/www.europesays.com\/fr\/588389\/"},"modified":"2025-12-09T11:14:31","modified_gmt":"2025-12-09T11:14:31","slug":"un-joueur-de-lens-arrive-pour-renforcer-leffectif-des-canaris","status":"publish","type":"post","link":"https:\/\/www.europesays.com\/fr\/588389\/","title":{"rendered":"un joueur de Lens arrive pour renforcer l&rsquo;effectif des Canaris"},"content":{"rendered":"<p>                    Par<br \/>\n        <strong><br \/>\n            <a href=\"https:\/\/actu.fr\/auteur\/thomas-bernard\" title=\"Consulter tous les articles de Thomas Bernard\" target=\"_blank\" rel=\"noopener\">Thomas Bernard<\/a><br \/>\n                    <\/strong><\/p>\n<p>        Publi\u00e9 le<\/p>\n<p>            9 d\u00e9c. 2025 \u00e0 10h15        <\/p>\n<p>Un renfort attendu. Ce lundi 8 d\u00e9cembre, le FC Nantes a officialis\u00e9 la signature de <b>Deiver Machado<\/b>, lat\u00e9ral gauche de 32 ans, en provenance du RC Lens. Le natif de Tad\u00f3 s\u2019est engag\u00e9 avec le<b> club des bords de l\u2019Erdre jusqu\u2019en 2028<\/b>.\u00a0<\/p>\n<p class=\" wall-content\">\n<p>Un mercato hivernal mouvement\u00e9<\/p>\n<p class=\" wall-content\">Recrut\u00e9 comme joker, le Colombien vient combler un manque au sein de l\u2019effectif nantais dans ce secteur de jeu. L\u2019ancien joueur lensois devrait prendre la place de Nicolas Cozza dont les performances sportives n\u2019ont pas donn\u00e9 satisfaction. Est-ce que cette arriv\u00e9e annonce les grandes man\u0153uvres pour le mercato hivernal ?<\/p>\n<p class=\" wall-content\">Apr\u00e8s <a href=\"https:\/\/actu.fr\/pays-de-la-loire\/nantes_44109\/fc-nantes-heureusement-quil-y-a-lambiance-des-supporters-pessimistes_63541582.html\" target=\"_blank\" rel=\"noopener\">leur d\u00e9faite face au RC Lens<\/a>, les Nantais sont class\u00e9s \u00e0 la 17\u1d49 place, en position de rel\u00e9gables, \u00e0 quatre points du Havre, 15\u1d49 et premier non rel\u00e9gable. Face \u00e0 cette situation, les dirigeants du FCN envisagent d\u2019investir pour renforcer l\u2019effectif des Jaune et Vert.\u00a0<\/p>\n<p class=\" wall-content\">Fragilis\u00e9 par les r\u00e9sultats, <b>Luis Castro<\/b> devrait bien \u00eatre sur le banc face \u00e0 Angers, ce vendredi 12 d\u00e9cembre. Comme indiqu\u00e9 par nos confr\u00e8res de <a href=\"https:\/\/www.lequipe.fr\/Football\/Actualites\/Will-still-envisage-pour-remplacer-luis-castro-mais-la-piste-s-est-refermee\/1615433\" target=\"_blank\" rel=\"noopener\">Ouest-France<\/a>, les caciques nantais ont pens\u00e9 \u00e0 Will Still pour remplacer le technicien portugais, mais cette piste est (pour l\u2019heure) ferm\u00e9e.<\/p>\n<p class=\" wall-content\">Personnalisez votre actualit\u00e9 en ajoutant vos villes et m\u00e9dias en favori avec <a href=\"https:\/\/moncompte.actu.fr\" title=\"D\u00e9couvez Mon Actu\" rel=\"nofollow noopener\" data-trk=\"{&quot;cta&quot;:{&quot;action&quot;:&quot;https:\\\/\\\/moncompte.actu.fr&quot;,&quot;category&quot;:&quot;mon compte&quot;,&quot;from&quot;:&quot;article footer&quot;,&quot;name&quot;:&quot;Mon actu&quot;,&quot;type&quot;:&quot;cta&quot;}}\" target=\"_blank\">Mon Actu<\/a>.<\/p>\n","protected":false},"excerpt":{"rendered":"Par Thomas Bernard Publi\u00e9 le 9 d\u00e9c. 2025 \u00e0 10h15 Un renfort attendu. Ce lundi 8 d\u00e9cembre, le&hellip;\n","protected":false},"author":2,"featured_media":588390,"comment_status":"","ping_status":"","sticky":false,"template":"","format":"standard","meta":{"footnotes":""},"categories":[2818],"tags":[1111,11,1777,674,462,63,1011,27,66,1434,766,12,2636,25,60],"class_list":{"0":"post-588389","1":"post","2":"type-post","3":"status-publish","4":"format-standard","5":"has-post-thumbnail","7":"category-nantes","8":"tag-actu","9":"tag-actualites","10":"tag-eu","11":"tag-europe","12":"tag-fc-nantes","13":"tag-football","14":"tag-fr","15":"tag-france","16":"tag-ligue-1","17":"tag-mercato","18":"tag-nantes","19":"tag-news","20":"tag-pays-de-la-loire","21":"tag-republique-francaise","22":"tag-sports"},"share_on_mastodon":{"url":"https:\/\/pubeurope.com\/@fr\/115689322323139550","error":""},"_links":{"self":[{"href":"https:\/\/www.europesays.com\/fr\/wp-json\/wp\/v2\/posts\/588389","targetHints":{"allow":["GET"]}}],"collection":[{"href":"https:\/\/www.europesays.com\/fr\/wp-json\/wp\/v2\/posts"}],"about":[{"href":"https:\/\/www.europesays.com\/fr\/wp-json\/wp\/v2\/types\/post"}],"author":[{"embeddable":true,"href":"https:\/\/www.europesays.com\/fr\/wp-json\/wp\/v2\/users\/2"}],"replies":[{"embeddable":true,"href":"https:\/\/www.europesays.com\/fr\/wp-json\/wp\/v2\/comments?post=588389"}],"version-history":[{"count":0,"href":"https:\/\/www.europesays.com\/fr\/wp-json\/wp\/v2\/posts\/588389\/revisions"}],"wp:featuredmedia":[{"embeddable":true,"href":"https:\/\/www.europesays.com\/fr\/wp-json\/wp\/v2\/media\/588390"}],"wp:attachment":[{"href":"https:\/\/www.europesays.com\/fr\/wp-json\/wp\/v2\/media?parent=588389"}],"wp:term":[{"taxonomy":"category","embeddable":true,"href":"https:\/\/www.europesays.com\/fr\/wp-json\/wp\/v2\/categories?post=588389"},{"taxonomy":"post_tag","embeddable":true,"href":"https:\/\/www.europesays.com\/fr\/wp-json\/wp\/v2\/tags?post=588389"}],"curies":[{"name":"wp","href":"https:\/\/api.w.org\/{rel}","templated":true}]}}