{"id":588395,"date":"2025-12-09T11:17:19","date_gmt":"2025-12-09T11:17:19","guid":{"rendered":"https:\/\/www.europesays.com\/fr\/588395\/"},"modified":"2025-12-09T11:17:19","modified_gmt":"2025-12-09T11:17:19","slug":"marche-gourmand-doccitanie-lexcellence-culinaire-regionale-avec-200-producteurs-labellises","status":"publish","type":"post","link":"https:\/\/www.europesays.com\/fr\/588395\/","title":{"rendered":"March\u00e9 Gourmand d&rsquo;Occitanie : l&rsquo;excellence culinaire r\u00e9gionale avec 200 producteurs labellis\u00e9s"},"content":{"rendered":"<p>Le mois de d\u00e9cembre apporte la promesse de bons repas aux saveurs festives. Les illuminations embellissent la ville rose, <strong>des odeurs de cannelle et\u00a0chocolat chaud <\/strong>embaument les march\u00e9s de No\u00ebl et <strong>les gourmets <\/strong>attendent avec impatience le\u00a0tout premier <strong><a href=\"https:\/\/www.marchegourmandoccitanie.fr\/\" target=\"_blank\" rel=\"noopener\">March\u00e9 Gourmand d\u2019Occitanie<\/a><\/strong>.\u00a0<strong>Du 12 au 14\u00a0d\u00e9cembre<\/strong>, rendez-vous au<strong> MEETT <\/strong>pour\u00a0ce salon qui c\u00e9l\u00e8bre <strong>l\u2019excellence alimentaire r\u00e9gionale<\/strong>. Un march\u00e9 vivant pour rencontrer<strong> 200 producteurs labellis\u00e9s<\/strong>, go\u00fbter et acheter les sp\u00e9cialit\u00e9s qui font la r<strong>enomm\u00e9e du patrimoine culinaire d\u2019Occitanie<\/strong>.<\/p>\n<p>\u00a0<\/p>\n<p>L\u2019Occitanie, championne des labels<\/p>\n<p><strong>Veau d\u2019Aveyron et du S\u00e9gala,<\/strong> Noir de Bigorre, <strong>Aligot Jeune Montagne <\/strong>ou encore la fougasse Sud Camargue \u2013 pour ne citer qu\u2019eux \u2013 <strong>l\u2019excellence culinaire est totalement assum\u00e9e en Occitanie<\/strong>. Notre belle r\u00e9gion est celle qui compte <strong>le plus grand nombre de produits labellis\u00e9s en Europe<\/strong>\u00a0: AOP, Bio, IGP\u2026 Ainsi, ce sont plus de <strong>260 produits<\/strong> qui feront fr\u00e9tiller les papilles et c\u00e9l\u00e9breront <strong>la culture du terroir <\/strong>lors du March\u00e9 Gourmand d\u2019Occitanie.<\/p>\n<p>        <img decoding=\"async\" class=\"std-img__img responsive-img\" src=\"https:\/\/www.europesays.com\/fr\/wp-content\/uploads\/2025\/12\/1765279036_138_image.jpg\" alt=\"Les visiteurs retrouveront les sp\u00e9cialit\u00e9s incontournables des f\u00eates telles que le foie gras.\"\/><\/p>\n<p>                Les visiteurs retrouveront les sp\u00e9cialit\u00e9s incontournables des f\u00eates telles que le foie gras.<br \/>\n                                    \u00a9Guillin Thomas<\/p>\n<p>Les <strong>13 d\u00e9partements <\/strong>seront repr\u00e9sent\u00e9s, chacun avec ses<strong> sp\u00e9cialit\u00e9s<\/strong>. L\u2019occasion d\u2019<strong>acheter en direct et en circuit court<\/strong>, les classiques de No\u00ebl\u00a0: <strong>foie gras<\/strong>, chapon, <strong>Armagnac<\/strong>, Roquefort, miel et <strong>d\u00e9licieux chocolats<\/strong>.<\/p>\n<p>        <img decoding=\"async\" class=\"std-img__img responsive-img\" src=\"https:\/\/www.europesays.com\/fr\/wp-content\/uploads\/2025\/12\/1765279037_108_image.jpg\" alt=\"Vous reprendrez bien une truffe\u00a0?\"\/><\/p>\n<p>                Vous reprendrez bien une truffe\u00a0?<br \/>\n                                    \u00a9Guillin Thomas<\/p>\n<p>\nMais le salon r\u00e9serve \u00e9galement quelques surprises telles que le<strong> kiwi rouge<\/strong>, la raviole \u00e0 la brousse des Pyr\u00e9n\u00e9es, de l\u2019<strong>ail noir<\/strong> ou encore les \u00e9tonnantes et savoureuses cr\u00eapes au lait de jument.\u00a0Le March\u00e9 Gourmand d\u2019Occitanie, premier du nom mais d\u00e9j\u00e0 taill\u00e9 pour devenir <strong>un classique des f\u00eates<\/strong>, un peu comme la b\u00fbche\u00a0!<\/p>\n<blockquote>\n<p><a href=\"https:\/\/www.marchegourmandoccitanie.fr\/billetterie\" target=\"_self\" rel=\"noopener\">R\u00e9server son billet en ligne pour le March\u00e9 Gourmand<\/a><\/p>\n<\/blockquote>\n<p>\u00a0<\/p>\n<p>D\u00e9gustations, ateliers et conf\u00e9rences<\/p>\n<p>Le March\u00e9 Gourmand d\u2019Occitanie nourrit \u00e9galement l\u2019esprit\u00a0! <strong>Pendant 3 jours, chefs, artisans et experts partageront leurs connaissances avec les visiteurs.<\/strong> Ainsi, <strong>l\u2019\u00e9quilibre alimentaire <\/strong>sera le th\u00e8me d\u2019<strong>ateliers p\u00e9dagogiques<\/strong>. Du c\u00f4t\u00e9 des vins,<strong> l\u2019\u0152noth\u00e8que<\/strong> proposera une <strong>d\u00e9gustation de quatre vins des grandes interprofessions viticoles<\/strong>\u00a0: les vins du Sud-Ouest, les IGP Pays d\u2019Oc, les vins du Languedoc et ceux du Roussillon. L\u2019occasion de mieux comprendre les accords mets-vins aupr\u00e8s de <strong>sommeliers passionn\u00e9s<\/strong>.<\/p>\n<p>        <img decoding=\"async\" class=\"std-img__img responsive-img\" src=\"https:\/\/www.europesays.com\/fr\/wp-content\/uploads\/2025\/12\/1765279037_533_image.jpg\" alt=\"Les visiteurs pourront red\u00e9couvrir la richesse du vignoble.\"\/><\/p>\n<p>                Les visiteurs pourront red\u00e9couvrir la richesse du vignoble.<br \/>\n                                    \u00a9Guillin Thomas<\/p>\n<p>\nL\u2019Institut R\u00e9gional de la Qualit\u00e9 Alimentaire pr\u00e9sentera les nombreux<strong> produits d\u2019Occitanie sous signes officiels de qualit\u00e9<\/strong>. Enfin, des <strong>conf\u00e9rences<\/strong> aborderont <strong>les fili\u00e8res d\u2019excellence de la r\u00e9gion<\/strong>, les diff\u00e9rents<strong> labels<\/strong> et <strong>l\u2019avenir du bio<\/strong>.<\/p>\n<p>\u00a0<\/p>\n<p>Bandas et restaurant \u00e9ph\u00e9m\u00e8re<\/p>\n<p><strong>Ambiance chaleureuse de f\u00eate <\/strong>et de camaraderie seront \u00e9galement au menu ! Esprit Pergo proposera un <strong>restaurant \u00e9ph\u00e9m\u00e8re <\/strong>de 120 places pour d\u00e9guster sur place <strong>les recettes phares de la r\u00e9gion<\/strong>. Coup de c\u0153ur de Toulouscope pour les <strong>nocturnes du vendredi et du samedi<\/strong> port\u00e9es par des <strong>bandas <\/strong>dans la pure tradition du Sud-Ouest.<\/p>\n<blockquote data-instgrm-permalink=\"https:\/\/www.instagram.com\/reel\/DRmh0kDjDZW\/?utm_source=ig_embed&amp;utm_campaign=loading\" data-instgrm-version=\"14\" style=\" background:#FFF; border:0; border-radius:3px; box-shadow:0 0 1px 0 rgba(0,0,0,0.5),0 1px 10px 0 rgba(0,0,0,0.15); margin: 1px; max-width:540px; min-width:326px; padding:0; width:99.375%; width:-webkit-calc(100% - 2px); width:calc(100% - 2px);\" data-class=\"instagram-media\"\/>\n<p>\u00a0<\/p>\n<p>Le bon plan du week-end<\/p>\n<p>Le <a href=\"https:\/\/www.marchegourmandoccitanie.fr\/\" target=\"_blank\" rel=\"noopener\"><strong>March\u00e9 Gourmand d\u2019Occitanie<\/strong><\/a> se tiendra en\u00a0parall\u00e8le du <a href=\"https:\/\/www.salon-artisansdart-toulouse.com\/fr\" target=\"_blank\" rel=\"noopener\"><strong>Salon des Cr\u00e9ateurs et Artisans d\u2019Art<\/strong><\/a>.\u00a0<strong>De quoi remplir son panier, puis sa hotte !<\/strong><\/p>\n<blockquote>\n<p>\u00ab\u00a0<strong>Les visiteurs pourront passer librement d\u2019un univers \u00e0 l\u2019autre munis d\u2019un seul billet d\u2019entr\u00e9e donnant acc\u00e8s aux deux salons.<\/strong> Nous souhaitons proposer une exp\u00e9rience compl\u00e8te autour des go\u00fbts et des savoir-faire d\u2019Occitanie\u00a0\u00bb. Olivier Cahuzac, directeur des salons de Toulouse Events.<\/p>\n<\/blockquote>\n<p>        <img decoding=\"async\" class=\"std-img__img responsive-img\" src=\"https:\/\/www.europesays.com\/fr\/wp-content\/uploads\/2025\/12\/1765279039_532_image.png\" alt=\"Du 12 au 14\u00a0d\u00e9cembre 2025\u00a0: un week-end pour rencontrer les artisans du go\u00fbt occitan au MEETT\"\/><\/p>\n<p>                Du 12 au 14\u00a0d\u00e9cembre 2025\u00a0: un week-end pour rencontrer les artisans du go\u00fbt occitan au MEETT<br \/>\n                                    \u00a9Toulouse events<\/p>\n<p>\n            Horaires :<br \/>\n            Vendredi 12 et samedi 13 d\u00e9cembre de 10h \u00e0 21h30, dimanche 14 d\u00e9cembre de 10h \u00e0 18h30\n        <\/p>\n<p>\n            Lieu :<br \/>\n            MEETT, Parc des Expositions, Centre de Conventions &amp; Congr\u00e8s de Toulouse\n        <\/p>\n<p>\n            Adresse :<br \/>\n            Concorde Avenue, 31840 Aussonne\n        <\/p>\n<p>\n            Tarif :<br \/>\n            5\u20ac &#8211; Tarif web et r\u00e9duit (15-18 ans, \u00e9tudiants, groupes, PMR) : 4,50 \u20ac &#8211; Gratuit moins de 10 ans.\n        <\/p>\n<p>                                                                                    <script async src=\"\/\/www.instagram.com\/embed.js\"><\/script><\/p>\n","protected":false},"excerpt":{"rendered":"Le mois de d\u00e9cembre apporte la promesse de bons repas aux saveurs festives. Les illuminations embellissent la ville&hellip;\n","protected":false},"author":2,"featured_media":588396,"comment_status":"","ping_status":"","sticky":false,"template":"","format":"standard","meta":{"footnotes":""},"categories":[2816],"tags":[1111,11,1777,674,1011,27,12,2680,25,4251,2312],"class_list":{"0":"post-588395","1":"post","2":"type-post","3":"status-publish","4":"format-standard","5":"has-post-thumbnail","7":"category-toulouse","8":"tag-actu","9":"tag-actualites","10":"tag-eu","11":"tag-europe","12":"tag-fr","13":"tag-france","14":"tag-news","15":"tag-occitanie","16":"tag-republique-francaise","17":"tag-sortir","18":"tag-toulouse"},"share_on_mastodon":{"url":"https:\/\/pubeurope.com\/@fr\/115689334677349523","error":""},"_links":{"self":[{"href":"https:\/\/www.europesays.com\/fr\/wp-json\/wp\/v2\/posts\/588395","targetHints":{"allow":["GET"]}}],"collection":[{"href":"https:\/\/www.europesays.com\/fr\/wp-json\/wp\/v2\/posts"}],"about":[{"href":"https:\/\/www.europesays.com\/fr\/wp-json\/wp\/v2\/types\/post"}],"author":[{"embeddable":true,"href":"https:\/\/www.europesays.com\/fr\/wp-json\/wp\/v2\/users\/2"}],"replies":[{"embeddable":true,"href":"https:\/\/www.europesays.com\/fr\/wp-json\/wp\/v2\/comments?post=588395"}],"version-history":[{"count":0,"href":"https:\/\/www.europesays.com\/fr\/wp-json\/wp\/v2\/posts\/588395\/revisions"}],"wp:featuredmedia":[{"embeddable":true,"href":"https:\/\/www.europesays.com\/fr\/wp-json\/wp\/v2\/media\/588396"}],"wp:attachment":[{"href":"https:\/\/www.europesays.com\/fr\/wp-json\/wp\/v2\/media?parent=588395"}],"wp:term":[{"taxonomy":"category","embeddable":true,"href":"https:\/\/www.europesays.com\/fr\/wp-json\/wp\/v2\/categories?post=588395"},{"taxonomy":"post_tag","embeddable":true,"href":"https:\/\/www.europesays.com\/fr\/wp-json\/wp\/v2\/tags?post=588395"}],"curies":[{"name":"wp","href":"https:\/\/api.w.org\/{rel}","templated":true}]}}