{"id":588404,"date":"2025-12-09T11:22:15","date_gmt":"2025-12-09T11:22:15","guid":{"rendered":"https:\/\/www.europesays.com\/fr\/588404\/"},"modified":"2025-12-09T11:22:15","modified_gmt":"2025-12-09T11:22:15","slug":"on-se-prepare-a-se-faire","status":"publish","type":"post","link":"https:\/\/www.europesays.com\/fr\/588404\/","title":{"rendered":"\u00ab\u00a0On se pr\u00e9pare \u00e0 se faire &#8230;"},"content":{"rendered":"<p>Alors que le centre commercial Grand Littoral, \u00e0 <a href=\"https:\/\/www.sudradio.fr\/sud-radio\/municipales-2026-le-rn-peut-rever-de-la-mairie-de-marseille\" target=\"_blank\" rel=\"noopener\">Marseille<\/a> est un des plus importants de France, les agents de s\u00e9curit\u00e9 racontent un quotidien o\u00f9 les risques sont devenus la norme. Ils assurent travailler dans un climat fait \u00ab d\u2019intimidations, de menaces physiques et verbales, de rixes et d\u2019armes blanches \u00bb, comme l\u2019explique leur pr\u00e9avis de gr\u00e8ve. Beaucoup disent partir en service avec la peur au ventre, redoutant les bagarres, les coups et les altercations qui se multiplient en cette p\u00e9riode de forte affluence.<\/p>\n<p><strong>Plus risquer leur vie pour \u00ab des salaires de mis\u00e8re \u00bb<\/strong><\/p>\n<p>Depuis vendredi dernier, les 14 agents de s\u00e9curit\u00e9 ont ainsi lanc\u00e9 une gr\u00e8ve \u00e0 l\u2019appel de la CGT Pr\u00e9vention S\u00e9curit\u00e9 13. Rassembl\u00e9s \u00e0 la porte 4 du centre commercial, ils r\u00e9clament une revalorisation salariale \u00ab \u00e0 la hauteur des risques r\u00e9els \u00bb, le versement de primes adapt\u00e9es et davantage de jours de cong\u00e9. Ils pr\u00e9viennent d\u00e9j\u00e0 que cette mobilisation pourrait n\u2019\u00eatre que la premi\u00e8re \u00e9tape d\u2019un mouvement plus large si leur direction ne r\u00e9pond pas \u00e0 leurs revendications.<\/p>\n<p>Les agents assurent qu\u2019ils ne veulent plus risquer leur vie pour \u00ab des salaires de mis\u00e8re \u00bb. Et tant qu\u2019ils se sentiront livr\u00e9s \u00e0 eux-m\u00eames face \u00e0 la violence du quotidien, ils promettent de maintenir la pression.<\/p>\n<p><strong>\u00ab\u00a0On se pr\u00e9pare tous les matins \u00e0 se faire frapper, gazer, insulter \u00bb<\/strong><\/p>\n<p>Ainsi, Amine, agent de s\u00e9curit\u00e9 a toujours la trace de cette violence avec une cicatrice laiss\u00e9e par un coup de couteau sur sa main droite : \u00ab Ce n\u2019est pas le pire, je me suis d\u00e9j\u00e0 fait renverser par une voiture \u00bb, confie-t-il au micro de <a href=\"https:\/\/www.sudradio.fr\/\" target=\"_blank\" rel=\"noopener\">Sud Radio<\/a>. Son coll\u00e8gue Christopher, qui travaille \u00e0 Grand Littoral depuis quatre ans, confirme que ces violences ne sont plus l\u2019exception : \u00ab Cette semaine, il y a au moins deux agents qui vont se faire agresser. C\u2019est pareil toutes les f\u00eates. On se pr\u00e9pare tous les matins, en se r\u00e9veillant, \u00e0 se faire frapper, gazer, insulter. \u00bb<\/p>\n<p><strong>\u00ab 200 heures par mois pour m\u00eame pas 2000 euros \u00bb\u00a0<\/strong><\/p>\n<p>Les agents assurent \u00eatre confront\u00e9s \u00e0 des vols quotidiens et des r\u00e9actions violentes lorsqu\u2019ils tentent d\u2019intervenir, notamment lors de contr\u00f4les. \u00ab C\u2019est surtout certaines femmes qui cachent des articles dans leurs affaires, et quand on leur dit qu\u2019il va falloir payer, ils se font agresser directement \u00bb, raconte-t-il.<\/p>\n<p>Au-del\u00e0 du danger, c\u2019est le manque de reconnaissance qui r\u00e9volte les agents. \u00ab On fait plus de 200 heures par mois pour ne m\u00eame pas toucher 2000 euros \u00bb, d\u00e9nonce Christopher, qui juge la situation intenable. La frustration est d\u2019autant plus grande que, selon eux, les agresseurs ne sont que tr\u00e8s rarement inqui\u00e9t\u00e9s : \u00ab Nous, interpellons les gens, on se fait frapper, donc on veut porter plainte. La police les rel\u00e2che au rond-point. \u00c7a arrive plusieurs fois \u00bb, regrette-t-il.<\/p>\n","protected":false},"excerpt":{"rendered":"Alors que le centre commercial Grand Littoral, \u00e0 Marseille est un des plus importants de France, les agents&hellip;\n","protected":false},"author":2,"featured_media":588405,"comment_status":"","ping_status":"","sticky":false,"template":"","format":"standard","meta":{"footnotes":""},"categories":[2814],"tags":[1111,11,1777,674,1011,27,884,12,882,25,656],"class_list":{"0":"post-588404","1":"post","2":"type-post","3":"status-publish","4":"format-standard","5":"has-post-thumbnail","7":"category-marseille","8":"tag-actu","9":"tag-actualites","10":"tag-eu","11":"tag-europe","12":"tag-fr","13":"tag-france","14":"tag-marseille","15":"tag-news","16":"tag-provence-alpes-cote-dazur","17":"tag-republique-francaise","18":"tag-securite"},"share_on_mastodon":{"url":"https:\/\/pubeurope.com\/@fr\/115689353722396646","error":""},"_links":{"self":[{"href":"https:\/\/www.europesays.com\/fr\/wp-json\/wp\/v2\/posts\/588404","targetHints":{"allow":["GET"]}}],"collection":[{"href":"https:\/\/www.europesays.com\/fr\/wp-json\/wp\/v2\/posts"}],"about":[{"href":"https:\/\/www.europesays.com\/fr\/wp-json\/wp\/v2\/types\/post"}],"author":[{"embeddable":true,"href":"https:\/\/www.europesays.com\/fr\/wp-json\/wp\/v2\/users\/2"}],"replies":[{"embeddable":true,"href":"https:\/\/www.europesays.com\/fr\/wp-json\/wp\/v2\/comments?post=588404"}],"version-history":[{"count":0,"href":"https:\/\/www.europesays.com\/fr\/wp-json\/wp\/v2\/posts\/588404\/revisions"}],"wp:featuredmedia":[{"embeddable":true,"href":"https:\/\/www.europesays.com\/fr\/wp-json\/wp\/v2\/media\/588405"}],"wp:attachment":[{"href":"https:\/\/www.europesays.com\/fr\/wp-json\/wp\/v2\/media?parent=588404"}],"wp:term":[{"taxonomy":"category","embeddable":true,"href":"https:\/\/www.europesays.com\/fr\/wp-json\/wp\/v2\/categories?post=588404"},{"taxonomy":"post_tag","embeddable":true,"href":"https:\/\/www.europesays.com\/fr\/wp-json\/wp\/v2\/tags?post=588404"}],"curies":[{"name":"wp","href":"https:\/\/api.w.org\/{rel}","templated":true}]}}