{"id":588408,"date":"2025-12-09T11:25:25","date_gmt":"2025-12-09T11:25:25","guid":{"rendered":"https:\/\/www.europesays.com\/fr\/588408\/"},"modified":"2025-12-09T11:25:25","modified_gmt":"2025-12-09T11:25:25","slug":"lyon-les-pompiers-interviennent-a-lhotel-de-la-metropole-le-personnel-evacue","status":"publish","type":"post","link":"https:\/\/www.europesays.com\/fr\/588408\/","title":{"rendered":"Lyon. Les pompiers interviennent \u00e0 l\u2019H\u00f4tel de la M\u00e9tropole, le personnel \u00e9vacu\u00e9"},"content":{"rendered":"<p>C\u2019est un important dispositif de secours qui a converg\u00e9 ce mardi 9\u00a0d\u00e9cembre en direction de l\u2019H\u00f4tel de la M\u00e9tropole de Lyon, situ\u00e9 20 rue du Lac \u00e0 Lyon (3e), et cette fois, les pompiers n\u2019\u00e9taient pas venus manifester mais s\u00e9curiser les lieux.<\/p>\n<p>Selon nos informations, la surchauffe d\u2019un groupe de climatisation a provoqu\u00e9 l\u2019\u00e9manation d\u2019une fum\u00e9e suspecte, laissant de prime abord imaginer un d\u00e9but d\u2019incendie.<\/p>\n<p>  \u00c9vacu\u00e9 moins d&rsquo;une heure<\/p>\n<p>L\u2019ensemble du personnel a d\u00fb \u00eatre \u00e9vacu\u00e9 durant l\u2019intervention qui a \u00e9t\u00e9 rapide, puisqu\u2019elle a dur\u00e9 \u00ab\u00a0moins d\u2019une heure\u00a0\u00bb, selon les pompiers.<\/p>\n<p>Une fois les doutes lev\u00e9s, les employ\u00e9s ont pu calmement regagner leurs bureaux.<\/p>\n","protected":false},"excerpt":{"rendered":"C\u2019est un important dispositif de secours qui a converg\u00e9 ce mardi 9\u00a0d\u00e9cembre en direction de l\u2019H\u00f4tel de la&hellip;\n","protected":false},"author":2,"featured_media":588409,"comment_status":"","ping_status":"","sticky":false,"template":"","format":"standard","meta":{"footnotes":""},"categories":[1889],"tags":[1111,11,2430,2757,1777,674,274,107,1011,27,1310,2428,4751,4750,12,25,2429],"class_list":{"0":"post-588408","1":"post","2":"type-post","3":"status-publish","4":"format-standard","5":"has-post-thumbnail","7":"category-lyon","8":"tag-actu","9":"tag-actualites","10":"tag-auvergne-rhone-alpes","11":"tag-edition-lyon-villeurbanne","12":"tag-eu","13":"tag-europe","14":"tag-faits-divers-justice","15":"tag-fil-info","16":"tag-fr","17":"tag-france","18":"tag-incendie","19":"tag-lyon","20":"tag-lyon-3e","21":"tag-lyon-3e-arrondissement","22":"tag-news","23":"tag-republique-francaise","24":"tag-rhone"},"share_on_mastodon":{"url":"https:\/\/pubeurope.com\/@fr\/115689365388973987","error":""},"_links":{"self":[{"href":"https:\/\/www.europesays.com\/fr\/wp-json\/wp\/v2\/posts\/588408","targetHints":{"allow":["GET"]}}],"collection":[{"href":"https:\/\/www.europesays.com\/fr\/wp-json\/wp\/v2\/posts"}],"about":[{"href":"https:\/\/www.europesays.com\/fr\/wp-json\/wp\/v2\/types\/post"}],"author":[{"embeddable":true,"href":"https:\/\/www.europesays.com\/fr\/wp-json\/wp\/v2\/users\/2"}],"replies":[{"embeddable":true,"href":"https:\/\/www.europesays.com\/fr\/wp-json\/wp\/v2\/comments?post=588408"}],"version-history":[{"count":0,"href":"https:\/\/www.europesays.com\/fr\/wp-json\/wp\/v2\/posts\/588408\/revisions"}],"wp:featuredmedia":[{"embeddable":true,"href":"https:\/\/www.europesays.com\/fr\/wp-json\/wp\/v2\/media\/588409"}],"wp:attachment":[{"href":"https:\/\/www.europesays.com\/fr\/wp-json\/wp\/v2\/media?parent=588408"}],"wp:term":[{"taxonomy":"category","embeddable":true,"href":"https:\/\/www.europesays.com\/fr\/wp-json\/wp\/v2\/categories?post=588408"},{"taxonomy":"post_tag","embeddable":true,"href":"https:\/\/www.europesays.com\/fr\/wp-json\/wp\/v2\/tags?post=588408"}],"curies":[{"name":"wp","href":"https:\/\/api.w.org\/{rel}","templated":true}]}}