{"id":588414,"date":"2025-12-09T11:29:13","date_gmt":"2025-12-09T11:29:13","guid":{"rendered":"https:\/\/www.europesays.com\/fr\/588414\/"},"modified":"2025-12-09T11:29:13","modified_gmt":"2025-12-09T11:29:13","slug":"pagaille-sur-la-ligne-8-du-metro-a-paris-des-rames-a-larret-des-passagers-bloques-pendant-plus-d1-heure","status":"publish","type":"post","link":"https:\/\/www.europesays.com\/fr\/588414\/","title":{"rendered":"Pagaille sur la ligne 8 du m\u00e9tro \u00e0 Paris : des rames \u00e0 l&rsquo;arr\u00eat, des passagers bloqu\u00e9s pendant plus d&rsquo;1 heure"},"content":{"rendered":"<ul class=\"jsx-862013697 ArticleChapo__List\">\n<li class=\"jsx-862013697 ArticleChapo__List_Item flex\">Ce mardi matin, des centaines de voyageurs du m\u00e9tro parisien ont \u00e9t\u00e9 mis \u00e0 rude \u00e9preuve apr\u00e8s un nouvel incident.<\/li>\n<li class=\"jsx-862013697 ArticleChapo__List_Item flex\">En pleine heure de pointe, une rame est tomb\u00e9e en panne sur la ligne 8, bloquant le trafic.<\/li>\n<li class=\"jsx-862013697 ArticleChapo__List_Item flex\">Des passagers sont rest\u00e9s \u00e0 l&rsquo;arr\u00eat pendant une heure, avant d&rsquo;\u00eatre \u00e9vacu\u00e9s.<\/li>\n<\/ul>\n<p data-module=\"article-paragraph\" class=\"jsx-3046738180 Paragraph\">Pour des milliers de voyageurs, rien ne va plus sur certaines lignes du m\u00e9tro parisien. Tr\u00e8s fr\u00e9quent\u00e9es le matin, la ligne 9 comme la 8 connaissent r\u00e9guli\u00e8rement des incidents qui ralentissent ou stoppent le trafic, en t\u00e9moignent les profils X de ces lignes sur lesquels la RATP publie presque en temps r\u00e9el toutes les perturbations.\u00a0<\/p>\n<p data-module=\"article-paragraph\" class=\"jsx-3046738180 Paragraph Paragraph__End\">Ce mardi matin, c&rsquo;est une panne qui a perturb\u00e9 le trajet de tr\u00e8s nombreux passagers de la ligne 8, entre 8h30 et 9h, alors que la majorit\u00e9 d&rsquo;entre eux se rendaient sur leur lieu de travail. \u00ab\u00a0Un train stationne \u00e0 Madeleine vers Balard, en raison d&rsquo;un m\u00e9tro en panne. #ligne8 #RATP\u00a0\u00bb, a ainsi \u00e9crit la r\u00e9gie sur le r\u00e9seau social \u00e0 8h49. Elle ne savait pas encore que cette panne allait durer un long moment, suscitant l&rsquo;agacement, la panique, voire des malaises chez plusieurs usagers coinc\u00e9s.\u00a0<\/p>\n<p>Bloqu\u00e9e sans information<\/p>\n<p data-module=\"article-paragraph\" class=\"jsx-3046738180 Paragraph\">\u00c0 8h52, une certaine Laurie a ainsi appel\u00e9 \u00e0 l&rsquo;aide sur les r\u00e9seaux. \u00ab\u00a0On stationne sous le tunnel. Piti\u00e9, je me sens mal, d\u00e9p\u00eachez-vous\u00a0\u00bb, a-t-elle implor\u00e9 sur X. \u00ab\u00a0Nous sommes d\u00e9sol\u00e9s pour la g\u00eane occasionn\u00e9e. Le conducteur intervient sur son mat\u00e9riel et ne peut communiquer des informations sur la situation du trafic\u00a0\u00bb, lui a r\u00e9pondu la RATP.\u00a0<\/p>\n<p data-module=\"article-paragraph\" class=\"jsx-3046738180 Paragraph\">Deux minutes plus tard, \u00e0 8h54, Laurence s&rsquo;est \u00e9tonn\u00e9e sur le m\u00eame r\u00e9seau d&rsquo;\u00eatre \u00ab\u00a0bloqu\u00e9e\u00a0\u00bb avec d&rsquo;autres dans le m\u00e9tro dans le tunnel et de n&rsquo;avoir \u00ab\u00a0aucune information\u00a0\u00bb de la part du conducteur.<\/p>\n<p data-module=\"article-paragraph\" class=\"jsx-3046738180 Paragraph\">La RATP a apport\u00e9 cette fois des \u00e9l\u00e9ments, indiquant que le trafic \u00e9tait \u00ab\u00a0interrompu entre La Motte-Picquet \u2013 Grenelle et R\u00e9publique\u00a0\u00bbet qu&rsquo;il reprendrait \u00ab\u00a0vers 09:30\u00a0\u00bb suite \u00e0 la panne du m\u00e9tro \u00a0\u00e0 Madeleine. Elle pr\u00e9cisait aussi que \u00a0le trafic restait \u00ab\u00a0tr\u00e8s perturb\u00e9 sur le reste de la ligne\u00a0\u00bb.<\/p>\n<p data-module=\"article-paragraph\" class=\"jsx-3046738180 Paragraph\">\u00c0 9h10, la panique a gagn\u00e9 plusieurs passagers. \u00ab\u00a0Pourquoi n\u2019avons-nous aucune communication \u00e0 l\u2019int\u00e9rieur ? Il commence \u00e0 faire chaud. On est serr\u00e9s comme des sardines depuis 30 minutes\u2026 C\u2019est scandaleux de nous laisser comme \u00e7a !\u00a0\u00bb, s&rsquo;est indign\u00e9 Hadrien qui, comme d&rsquo;autres, s&rsquo;est senti mal en raison du chauffage et du monde dans le m\u00e9tro.<\/p>\n<p data-module=\"article-paragraph\" class=\"jsx-3046738180 Paragraph Paragraph__End\">\u00c0 10h16, Sarah a, elle, d\u00e9nonc\u00e9 le <a href=\"https:\/\/www.tf1info.fr\/transports\/transport-ile-de-france-metro-le-prix-du-navigo-encore-en-hausse-decouvrez-combien-il-vous-coutera-en-2026-2409398.html\" target=\"_blank\" rel=\"noopener\">prix du pass Navigo<\/a> et son augmentation constante par rapport au service propos\u00e9.\u00a0<\/p>\n<blockquote data-testid=\"EmbedTwitter\" id=\"tweet-1998321596306432299-:R4rcmj9v79m:\" class=\"jsx-aeff1a1c40f54d7a twitter-tweet flex justify-center items-center\"><p>Bonjour  @RATPgroup ,  Je suis actuellement dans la  @Ligne8_RATP depuis quasiment 1h et je n\u2019ai toujours pas rejoins ma destination.  TOUS LES JOURS il y a des soucis de r\u00e9gulation ou autre sur cette ligne et je dis bien TOUS LES JOURS, c\u2019est invivable. On paye 90\u20ac pour un\u2026  https:\/\/t.co\/9U20wE7fHq \u2014 Senk\u01d4. (@23KneG)  December 9, 2025<\/p><\/blockquote>\n<blockquote data-testid=\"EmbedTwitter\" id=\"tweet-1998320740509032510-:R4scmj9v79m:\" class=\"jsx-aeff1a1c40f54d7a twitter-tweet flex justify-center items-center\"><p>On paye 1k\u20ac la navigo pour descendre sur les voies car train en panne or que tu vas au bara \ud83e\udd40\ud83e\udd40\ud83e\udd40\ud83e\udd40  #ratp #metro8 #ligne8 #paris pic.twitter.com\/8v7oYskyta \u2014 \u271f \ud835\udc12\ud835\udc1a\ud835\udc2b\ud835\udc1a\ud835\udc21 (@KreativeSarah)  December 9, 2025<\/p><\/blockquote>\n<p>Le trafic n&rsquo;a repris progressivement qu&rsquo;apr\u00e8s 11 heures<\/p>\n<p data-module=\"article-paragraph\" class=\"jsx-3046738180 Paragraph\">Les.cons\u00e9quences de cette panne ont dur\u00e9 bien plus longtemps que pr\u00e9vu. Peu avant 10h, le d\u00e9put\u00e9 UDR de Sa\u00f4ne-et-Loire \u00c9ric Michoux, qui faisait partie des passagers bloqu\u00e9s, a post\u00e9 une photo attestant de l&rsquo;\u00e9vacuation progressive du train, apr\u00e8s \u00eatre rest\u00e9 plus d&rsquo;une heure coinc\u00e9 \u00e0 l&rsquo;int\u00e9rieur et s&rsquo;\u00eatre fait en plus, selon lui, \u00ab\u00a0engueuler par un agent de la RATP\u00a0\u00bb. L&rsquo;\u00e9lu n&rsquo;a pas h\u00e9sit\u00e9 \u00e0 d\u00e9noncer dans la foul\u00e9e un \u00ab\u00a0vrai scandale\u00a0\u00bb<\/p>\n<p data-module=\"article-paragraph\" class=\"jsx-3046738180 Paragraph\">\u00c0 11h10, la RATP postait finalement ce message sur le compte de la ligne 8 : \u00ab\u00a0Le trafic reprend progressivement mais reste tr\u00e8s perturb\u00e9 sur l&rsquo;ensemble de la ligne (m\u00e9tro en panne \u00e0 Madeleine). #ligne8 #RATP\u00a0\u00bb.\u00a0<\/p>\n<p data-module=\"article-paragraph\" class=\"jsx-3046738180 Paragraph Paragraph__End\">Contact\u00e9e par TF1info dans la matin\u00e9e sur ce probl\u00e8me, la RATP n&rsquo;avait toujours pas r\u00e9pondu \u00e0 notre demande sur cet incident \u00e0 11h30.<\/p>\n<p>A.S<\/p>\n<p><script async src=\"https:\/\/platform.twitter.com\/widgets.js\" charset=\"utf-8\"><\/script><\/p>\n","protected":false},"excerpt":{"rendered":"Ce mardi matin, des centaines de voyageurs du m\u00e9tro parisien ont \u00e9t\u00e9 mis \u00e0 rude \u00e9preuve apr\u00e8s un&hellip;\n","protected":false},"author":2,"featured_media":588415,"comment_status":"","ping_status":"","sticky":false,"template":"","format":"standard","meta":{"footnotes":""},"categories":[1888],"tags":[1111,1928,11,1927,1921,1777,674,6017,1011,27,1922,2954,12,1926,626,1925,25,133,2953],"class_list":{"0":"post-588414","1":"post","2":"type-post","3":"status-publish","4":"format-standard","5":"has-post-thumbnail","7":"category-paris","8":"tag-actu","9":"tag-actu-paris","10":"tag-actualites","11":"tag-actualites-paris","12":"tag-article-video","13":"tag-eu","14":"tag-europe","15":"tag-fait-divers","16":"tag-fr","17":"tag-france","18":"tag-info","19":"tag-justice-et-faits-divers","20":"tag-news","21":"tag-news-paris","22":"tag-paris","23":"tag-paris-news","24":"tag-republique-francaise","25":"tag-video","26":"tag-video-police"},"share_on_mastodon":{"url":"https:\/\/pubeurope.com\/@fr\/115689381292480898","error":""},"_links":{"self":[{"href":"https:\/\/www.europesays.com\/fr\/wp-json\/wp\/v2\/posts\/588414","targetHints":{"allow":["GET"]}}],"collection":[{"href":"https:\/\/www.europesays.com\/fr\/wp-json\/wp\/v2\/posts"}],"about":[{"href":"https:\/\/www.europesays.com\/fr\/wp-json\/wp\/v2\/types\/post"}],"author":[{"embeddable":true,"href":"https:\/\/www.europesays.com\/fr\/wp-json\/wp\/v2\/users\/2"}],"replies":[{"embeddable":true,"href":"https:\/\/www.europesays.com\/fr\/wp-json\/wp\/v2\/comments?post=588414"}],"version-history":[{"count":0,"href":"https:\/\/www.europesays.com\/fr\/wp-json\/wp\/v2\/posts\/588414\/revisions"}],"wp:featuredmedia":[{"embeddable":true,"href":"https:\/\/www.europesays.com\/fr\/wp-json\/wp\/v2\/media\/588415"}],"wp:attachment":[{"href":"https:\/\/www.europesays.com\/fr\/wp-json\/wp\/v2\/media?parent=588414"}],"wp:term":[{"taxonomy":"category","embeddable":true,"href":"https:\/\/www.europesays.com\/fr\/wp-json\/wp\/v2\/categories?post=588414"},{"taxonomy":"post_tag","embeddable":true,"href":"https:\/\/www.europesays.com\/fr\/wp-json\/wp\/v2\/tags?post=588414"}],"curies":[{"name":"wp","href":"https:\/\/api.w.org\/{rel}","templated":true}]}}