{"id":588416,"date":"2025-12-09T11:30:26","date_gmt":"2025-12-09T11:30:26","guid":{"rendered":"https:\/\/www.europesays.com\/fr\/588416\/"},"modified":"2025-12-09T11:30:26","modified_gmt":"2025-12-09T11:30:26","slug":"arcane-17-le-nouveau-restaurant-fashion-ou-tout-le-monde-veut-une-table-dans-le-marais","status":"publish","type":"post","link":"https:\/\/www.europesays.com\/fr\/588416\/","title":{"rendered":"Arcane 17 : le nouveau restaurant fashion o\u00f9 tout le monde veut une table dans le Marais"},"content":{"rendered":"<p>On pourrait sans h\u00e9siter l\u2019inscrire parmi <a href=\"https:\/\/www.grazia.fr\/cuisine\/restaurants\/les-restaurants-ou-s-attabler-avec-du-beau-monde-pendant-la-fashion-week-de-paris-673827.html\" target=\"_blank\" rel=\"noopener\"><br \/>\nles art\u00e8res les plus fashion<\/a> du <a href=\"https:\/\/www.grazia.fr\/cuisine\/restaurants\/maslow-soffre-une-seconde-adresse-flamboyante-qui-merite-le-coup-de-fourchette-1170857.html\" target=\"_blank\" rel=\"noopener\"><br \/>\nHaut-Marais<\/a>. La rue Charlot attire modeux, cool kids et autres<br \/>\nbeautiful people qui d\u00e9filent sur ses trottoirs, s\u2019attablent dans<br \/>\nses caf\u00e9s et bars branch\u00e9s, \u00e9cument ses boutiques vintage<br \/>\nultra-hype et remplissent ses restaurants pris\u00e9s, souvent complets.<br \/>\nParmi ces adresses, juste en face de l\u2019italien Carboni\u2019s et de ses<br \/>\ncacio e pepe mille fois document\u00e9es sur Instagram, vient d\u2019ouvrir<br \/>\n<strong>Arcane 1<\/strong>7. Le lieu qui fait d\u00e9j\u00e0 sensation aupr\u00e8s<br \/>\ndes foodies les mieux renseign\u00e9s, est le tout premier d\u2019une fine<br \/>\n\u00e9quipe de trentenaires, <strong>Pablo Escriva<\/strong> et<br \/>\n<strong>Jules Flottes<\/strong>, un duo d\u2019amis de l\u2019\u00e9cole h\u00f4teli\u00e8re<br \/>\nVatel. Ensemble, ils ont d\u00e9cid\u00e9 d\u2019ouvrir cette table super sexy,<br \/>\ndont le nom fait r\u00e9f\u00e9rence \u00e0 la dix septi\u00e8me lame du tarot de<br \/>\nMarseille : \u00ab\u00a0l\u2019\u00c9toile\u00a0\u00bb, symbole d\u2019esp\u00e9rance, d\u2019harmonie et de<br \/>\nclart\u00e9.<\/p>\n<p><img loading=\"lazy\" decoding=\"async\" aria-describedby=\"caption-attachment-1206597\" itemprop=\"thumbnailUrl\" class=\"wp-image-1206597 img-responsive pinit-here\" src=\"https:\/\/www.europesays.com\/fr\/wp-content\/uploads\/2025\/12\/p-14.jpg\" alt=\"\" width=\"550\" height=\"737\" data-pin-media=\"https:\/\/www.europesays.com\/fr\/wp-content\/uploads\/2025\/12\/p-14.jpg\"\/><br \/>\n\u00a9 Axel<br \/>\nAurejac<\/p>\n<p id=\"caption-attachment-1206597\" class=\"wp-caption-text\">Le d\u00e9cor<br \/>\ndu restaurant Arcane 17 dans le Marais sign\u00e9 Betyle Studio.<\/p>\n<p>D\u00e9cor de bon go\u00fbt<\/p>\n<p>Inscrit dans l\u2019air du temps, ce restaurant \u00e0 l\u2019inspiration<br \/>\nbasque et espagnole d\u00e9voile un d\u00e9cor savamment pens\u00e9 par<br \/>\n<strong>Betyle Studio<\/strong>, fond\u00e9 \u00e0 Marseille par Carla Romano<br \/>\net Nicolas Cazenave de la Roche, qui signent ici leur premi\u00e8re<br \/>\nr\u00e9alisation. Inspir\u00e9s par Le Corbusier ou encore Gio Ponti, ils ont<br \/>\nimagin\u00e9 un lieu qui \u00e9voque \u00e0 la fois un bar \u00e0 tapas espagnol<br \/>\nd\u2019\u00e9poque et l\u2019\u00e9l\u00e9gance d\u2019un bistrot parisien classique, rehauss\u00e9 de<br \/>\ntouches contemporaines. Le rouge carmin guide l\u2019am\u00e9nagement,<br \/>\nponctu\u00e9 de r\u00e9f\u00e9rences hispaniques : banquettes en cuir clout\u00e9,<br \/>\nmarqueteries inspir\u00e9es de la mer et de la culture \u00e9questre, grandes<br \/>\nappliques pliss\u00e9es en pl\u00e2tre\u2026 Chaque \u00e9l\u00e9ment a \u00e9t\u00e9 dessin\u00e9 et<br \/>\nfabriqu\u00e9 sur mesure. Au centre, un bar habill\u00e9 de tubes d\u2019acier<br \/>\ninoxydable et de chaises de bistrot noires apporte la touche<br \/>\nr\u00e9tro-parisienne. Si Arcane 17 nous re\u00e7oit aussi le midi, c\u2019est<br \/>\nsurtout le soir que l\u2019adresse devient pris\u00e9e, lorsque la lumi\u00e8re se<br \/>\ntamise, que les tables s\u2019illuminent \u00e0 la bougie, et que<br \/>\nl\u2019atmosph\u00e8re se fait propice aux dates intimistes ou aux d\u00eeners<br \/>\nplac\u00e9s sous le signe des good vibes.<\/p>\n<p>La cuisine met le sud \u00e0 l\u2019honneur et navigue entre la Catalogne<br \/>\net le Pays Basque. Une tendance ind\u00e9niable, quand on voit le nombre<br \/>\nde tables hispanisantes qui ont ouvert \u00e0 Paris en 2025. Mais<br \/>\nau-del\u00e0 de la hype, il s\u2019agissait surtout pour Pablo Escriva de<br \/>\nraviver ses souvenirs de jeunesse dans des restaurants anim\u00e9s de<br \/>\nBarcelone o\u00f9 il avait pour habitude de d\u00e9guster de petites<br \/>\nassiettes soign\u00e9es, souvent centr\u00e9es sur un produit unique mais<br \/>\ncuisin\u00e9 de fa\u00e7on irr\u00e9prochable. Pour concr\u00e9tiser cette vision, ils<br \/>\nont fait appel \u00e0 la cheffe <strong>Sophie L\u00e9ger<\/strong>, dont le<br \/>\nparcours correspondait parfaitement \u00e0 leur projet. Form\u00e9e \u00e0<br \/>\nMarseille chez Livingston aupr\u00e8s du Top Chef, Valentin Raffali,<br \/>\ncelle qui a multipli\u00e9 les r\u00e9sidences culinaires \u00e0 Paris, Berlin,<br \/>\nBruxelles et Marseille, s\u2019est sp\u00e9cialis\u00e9e dans le poisson et la<br \/>\ncuisson rapide au charbon.<\/p>\n<p><img loading=\"lazy\" decoding=\"async\" aria-describedby=\"caption-attachment-1206596\" class=\"wp-image-1206596 img-responsive pinit-here\" src=\"https:\/\/www.europesays.com\/fr\/wp-content\/uploads\/2025\/12\/p-15.jpg\" alt=\"\" width=\"550\" height=\"825\" data-pin-media=\"https:\/\/www.europesays.com\/fr\/wp-content\/uploads\/2025\/12\/p-15.jpg\"\/><br \/>\n\u00a9 Axel<br \/>\nAurejac<\/p>\n<p id=\"caption-attachment-1206596\" class=\"wp-caption-text\">La<br \/>\ncuisine met l\u00a0\u00bbaccent sur les produits de la mer.<\/p>\n<p>Une cuisine aux accents catalans et<br \/>\nbasques<\/p>\n<p>On commence alors par picorer des pintxos et tapas irr\u00e9sistibles<br \/>\n: toasts de poutargue, bikini\u00a0 sandwich d\u00e9goulinant de fromage<br \/>\ntruff\u00e9, ou encore un belle plat\u00e9e de chips agr\u00e9ment\u00e9e de jam\u00f3n<br \/>\nib\u00e9rico, le tout \u00e0 savourer en m\u00eame temps qu\u2019une spicy margarita<br \/>\nparfaitement ex\u00e9cut\u00e9e ou d\u2019un tr\u00e8s beau vin du sud s\u00e9lectionn\u00e9 par<br \/>\nJules Flottes. Les entr\u00e9es comme les plats mettent \u00e0 l\u2019honneur la<br \/>\nmer et les l\u00e9gumes sublim\u00e9s : carpaccio de poisson ou de betterave,<br \/>\np\u00eache du jour grill\u00e9e au charbon, ou une assiette v\u00e9g\u00e9tale qui<br \/>\nmarie chanterelles, pleurotes et artichauts frits relev\u00e9s par une<br \/>\nsauce x\u00e9r\u00e8s divine. A noter que les poissons sont issus d\u2019une p\u00eache<br \/>\nresponsable, captur\u00e9s \u00e0 la ligne ou par de petits bateaux, et<br \/>\nabattus selon la m\u00e9thode Ikejime.<\/p>\n<p>V\u00e9ritable coup de c\u0153ur pour le dessert, \u00e0 savoir un cr\u00e9meux<br \/>\nglac\u00e9 au chocolat d\u00e9pos\u00e9 sur une fine tranche de pain croustillant,<br \/>\nfa\u00e7on biscotte, arros\u00e9 d\u2019un filet d\u2019huile d\u2019olive. Merveille<br \/>\nabsolue qui rivalise d\u2019ailleurs avec une tarta de queso et une<br \/>\ncr\u00e8me catalane, toutes deux aussi app\u00e9tissantes.<\/p>\n<ul>\n<li><strong>17 Rue Charlot, 75003 Paris<\/strong><\/li>\n<\/ul>\n<p><img loading=\"lazy\" decoding=\"async\" aria-describedby=\"caption-attachment-1206594\" class=\"wp-image-1206594 img-responsive pinit-here\" src=\"https:\/\/www.europesays.com\/fr\/wp-content\/uploads\/2025\/12\/p-17.jpg\" alt=\"\" width=\"550\" height=\"737\" data-pin-media=\"https:\/\/www.europesays.com\/fr\/wp-content\/uploads\/2025\/12\/p-17.jpg\"\/><br \/>\n\u00a9 Axel<br \/>\nAurejac<\/p>\n<p id=\"caption-attachment-1206594\" class=\"wp-caption-text\">Le<br \/>\nrestaurant \u00e9voque \u00e0 la fois un bar \u00e0 tapas espagnol d\u2019\u00e9poque et un<br \/>\nbistrot parisien \u00e9l\u00e9gant avec des touches contemporaines.<\/p>\n","protected":false},"excerpt":{"rendered":"On pourrait sans h\u00e9siter l\u2019inscrire parmi les art\u00e8res les plus fashion du Haut-Marais. La rue Charlot attire modeux,&hellip;\n","protected":false},"author":2,"featured_media":588417,"comment_status":"","ping_status":"","sticky":false,"template":"","format":"standard","meta":{"footnotes":""},"categories":[1888],"tags":[930,9273,11,59806,1446,1777,674,15683,1011,27,43373,74,12,4565,10650,626,25,1340,4611,3585,96,9870],"class_list":{"0":"post-588416","1":"post","2":"type-post","3":"status-publish","4":"format-standard","5":"has-post-thumbnail","7":"category-paris","8":"tag-le","9":"tag-9273","10":"tag-actualites","11":"tag-arcane","12":"tag-dans","13":"tag-eu","14":"tag-europe","15":"tag-fashion","16":"tag-fr","17":"tag-france","18":"tag-marais","19":"tag-monde","20":"tag-news","21":"tag-nouveau","22":"tag-ou","23":"tag-paris","24":"tag-republique-francaise","25":"tag-restaurant","26":"tag-table","27":"tag-tout","28":"tag-une","29":"tag-veut"},"share_on_mastodon":{"url":"https:\/\/pubeurope.com\/@fr\/115689386232459146","error":""},"_links":{"self":[{"href":"https:\/\/www.europesays.com\/fr\/wp-json\/wp\/v2\/posts\/588416","targetHints":{"allow":["GET"]}}],"collection":[{"href":"https:\/\/www.europesays.com\/fr\/wp-json\/wp\/v2\/posts"}],"about":[{"href":"https:\/\/www.europesays.com\/fr\/wp-json\/wp\/v2\/types\/post"}],"author":[{"embeddable":true,"href":"https:\/\/www.europesays.com\/fr\/wp-json\/wp\/v2\/users\/2"}],"replies":[{"embeddable":true,"href":"https:\/\/www.europesays.com\/fr\/wp-json\/wp\/v2\/comments?post=588416"}],"version-history":[{"count":0,"href":"https:\/\/www.europesays.com\/fr\/wp-json\/wp\/v2\/posts\/588416\/revisions"}],"wp:featuredmedia":[{"embeddable":true,"href":"https:\/\/www.europesays.com\/fr\/wp-json\/wp\/v2\/media\/588417"}],"wp:attachment":[{"href":"https:\/\/www.europesays.com\/fr\/wp-json\/wp\/v2\/media?parent=588416"}],"wp:term":[{"taxonomy":"category","embeddable":true,"href":"https:\/\/www.europesays.com\/fr\/wp-json\/wp\/v2\/categories?post=588416"},{"taxonomy":"post_tag","embeddable":true,"href":"https:\/\/www.europesays.com\/fr\/wp-json\/wp\/v2\/tags?post=588416"}],"curies":[{"name":"wp","href":"https:\/\/api.w.org\/{rel}","templated":true}]}}