{"id":588420,"date":"2025-12-09T11:33:13","date_gmt":"2025-12-09T11:33:13","guid":{"rendered":"https:\/\/www.europesays.com\/fr\/588420\/"},"modified":"2025-12-09T11:33:13","modified_gmt":"2025-12-09T11:33:13","slug":"un-avion-de-transport-militaire-sest-ecrase-a-environ-200-kilometres-de-moscou","status":"publish","type":"post","link":"https:\/\/www.europesays.com\/fr\/588420\/","title":{"rendered":"un avion de transport militaire s\u2019est \u00e9cras\u00e9 \u00e0 environ 200\u00a0kilom\u00e8tres de Moscou"},"content":{"rendered":"<p>\u00ab\u00a0Lors d\u2019un vol d\u2019essai, apr\u00e8s des travaux de r\u00e9paration,<a href=\"https:\/\/www.sudouest.fr\/international\/russie\/ils-croient-qu-il-est-un-espion-et-tue-un-americain-prorusse-deux-soldats-russes-condamnes-a-12-ans-de-prison-27021506.php\" target=\"_blank\" rel=\"follow noopener\"> un avion de transport militaire<\/a> An-22 s\u2019est \u00e9cras\u00e9, l\u2019appareil est tomb\u00e9 dans une zone inhabit\u00e9e\u00a0\u00bb, a indiqu\u00e9 le minist\u00e8re aux agences de presse russes TASS et Ria Novosti.<\/p>\n<p>Sept potentielles victimes<\/p>\n<p>Selon le minist\u00e8re, une \u00e9quipe de secours se rend sur le site de la catastrophe pour d\u00e9terminer s\u2019il y a des survivants. Une source anonyme au sein des services de secours a affirm\u00e9 \u00e0 l\u2019agence TASS que sept personnes pourraient avoir \u00e9t\u00e9 \u00e0 bord de l\u2019avion.<\/p>\n","protected":false},"excerpt":{"rendered":"\u00ab\u00a0Lors d\u2019un vol d\u2019essai, apr\u00e8s des travaux de r\u00e9paration, un avion de transport militaire An-22 s\u2019est \u00e9cras\u00e9, l\u2019appareil&hellip;\n","protected":false},"author":2,"featured_media":588421,"comment_status":"","ping_status":"","sticky":false,"template":"","format":"standard","meta":{"footnotes":""},"categories":[1591],"tags":[11,1887,12,1885,1886,132],"class_list":{"0":"post-588420","1":"post","2":"type-post","3":"status-publish","4":"format-standard","5":"has-post-thumbnail","7":"category-russie","8":"tag-actualites","9":"tag-federation-de-russie","10":"tag-news","11":"tag-russia","12":"tag-russian-federation","13":"tag-russie"},"share_on_mastodon":{"url":"https:\/\/pubeurope.com\/@fr\/115689396999238010","error":""},"_links":{"self":[{"href":"https:\/\/www.europesays.com\/fr\/wp-json\/wp\/v2\/posts\/588420","targetHints":{"allow":["GET"]}}],"collection":[{"href":"https:\/\/www.europesays.com\/fr\/wp-json\/wp\/v2\/posts"}],"about":[{"href":"https:\/\/www.europesays.com\/fr\/wp-json\/wp\/v2\/types\/post"}],"author":[{"embeddable":true,"href":"https:\/\/www.europesays.com\/fr\/wp-json\/wp\/v2\/users\/2"}],"replies":[{"embeddable":true,"href":"https:\/\/www.europesays.com\/fr\/wp-json\/wp\/v2\/comments?post=588420"}],"version-history":[{"count":0,"href":"https:\/\/www.europesays.com\/fr\/wp-json\/wp\/v2\/posts\/588420\/revisions"}],"wp:featuredmedia":[{"embeddable":true,"href":"https:\/\/www.europesays.com\/fr\/wp-json\/wp\/v2\/media\/588421"}],"wp:attachment":[{"href":"https:\/\/www.europesays.com\/fr\/wp-json\/wp\/v2\/media?parent=588420"}],"wp:term":[{"taxonomy":"category","embeddable":true,"href":"https:\/\/www.europesays.com\/fr\/wp-json\/wp\/v2\/categories?post=588420"},{"taxonomy":"post_tag","embeddable":true,"href":"https:\/\/www.europesays.com\/fr\/wp-json\/wp\/v2\/tags?post=588420"}],"curies":[{"name":"wp","href":"https:\/\/api.w.org\/{rel}","templated":true}]}}