{"id":588426,"date":"2025-12-09T11:36:14","date_gmt":"2025-12-09T11:36:14","guid":{"rendered":"https:\/\/www.europesays.com\/fr\/588426\/"},"modified":"2025-12-09T11:36:14","modified_gmt":"2025-12-09T11:36:14","slug":"camilla-passera-noel-sans-ses-enfants-son-fils-tom-le-confirme","status":"publish","type":"post","link":"https:\/\/www.europesays.com\/fr\/588426\/","title":{"rendered":"Camilla passera No\u00ebl sans ses enfants : son fils Tom le confirme"},"content":{"rendered":"<p>Cette ann\u00e9e, la reine <a target=\"_blank\" href=\"https:\/\/www.pointdevue.fr\/grand-angle\/biographies\/reine-camilla\" rel=\"noopener\">Camilla<\/a> ne partagera pas les f\u00eates de No\u00ebl avec ses enfants, Tom Parker Bowles, n\u00e9 en 1974, et Laura Lopes, n\u00e9e en 1978. Une absence confirm\u00e9e par Tom lui-m\u00eame dans les colonnes du Daily Mail. \u00ab\u00a0<strong>Je ne passe pas No\u00ebl \u00e0 Sandringham\u00a0\u00bb,<\/strong> a-t-il confi\u00e9. <strong>\u00ab\u00a0Ma s\u0153ur non plus.\u00a0\u00bb<\/strong> Avec son humour habituel, il a ajout\u00e9 : \u00ab\u00a0Je retourne m\u2019affaler sur le canap\u00e9 chez mon ex-femme.\u00a0\u00bb<\/p>\n<p>Entre 2005 et 2022, Tom a \u00e9t\u00e9 mari\u00e9 \u00e0 Sara Buys, r\u00e9dactrice en chef. Le couple s\u2019\u00e9tait rencontr\u00e9 en 2000. En 2007, ils ont accueilli leur premi\u00e8re enfant, Lola, puis un fils, Frederick, en 2010. S\u00e9par\u00e9s en 2018, ils ont officiellement divorc\u00e9 en 2022.<\/p>\n<p>Un soutien pr\u00e9cieux en 2024<\/p>\n<p><strong>L\u2019an dernier,<\/strong> alors que <a target=\"_blank\" href=\"https:\/\/www.pointdevue.fr\/grand-angle\/biographies\/charles-iii\" rel=\"noopener\">Charles III<\/a> venait d\u2019annoncer son cancer, <strong>Tom et Laura avaient tenu \u00e0 \u00eatre pr\u00e9sents,<\/strong> soucieux d\u2019accompagner leur m\u00e8re dans cette p\u00e9riode \u00e9prouvante. Camilla en avait \u00e9t\u00e9 profond\u00e9ment touch\u00e9e : ses enfants, rejoints par leurs propres familles, avaient partag\u00e9 les c\u00e9l\u00e9brations avec les Windsor. Tom Parker Bowles avait m\u00eame d\u00e9laiss\u00e9 son habituel bas de surv\u00eatement\u00a0\u00bb pour rev\u00eatir un costume, \u00e0 <a target=\"_blank\" href=\"https:\/\/www.pointdevue.fr\/royal\/royaume-uni\/dinde-messe-et-choux-de-bruxelles-tom-parker-bowles-prepare-son-premier-noel-a-sandringham\" rel=\"noopener\">la demande affectueuse de la reine<\/a>. \u00ab\u00a0Ma m\u00e8re a dit : \u201cJ\u2019aimerais que tu viennes, je n\u2019ai pas pass\u00e9 No\u00ebl avec toi depuis longtemps\u201d\u00a0\u00bb, confiait-il alors dans le Daily Telegraph. S\u2019ils n\u2019avaient pas particip\u00e9 \u00e0 la promenade rituelle du lendemain, fr\u00e8re et s\u0153ur s\u2019\u00e9taient n\u00e9anmoins joints au service de No\u00ebl c\u00e9l\u00e9br\u00e9 \u00e0 l\u2019\u00e9glise Sainte-Marie-Madeleine.<\/p>\n<p>Cette ann\u00e9e, Tom et Laura ont donc choisi de f\u00eater No\u00ebl ailleurs, entour\u00e9s des autres leurs. Un arrangement parfaitement assum\u00e9, mais qui laissera \u00e0 la reine Camilla un No\u00ebl sans doute plus feutr\u00e9, o\u00f9<strong> l\u2019absence discr\u00e8te de ses enfants se fera malgr\u00e9 tout sentir.<\/strong><\/p>\n<p>Lire aussi &gt;&gt; <a target=\"_blank\" href=\"https:\/\/www.pointdevue.fr\/royal\/royaume-uni\/tom-parker-bowles-raconte-lambiance-des-diners-en-famille-avec-charles-iii-et-camilla\" rel=\"noopener\">Tom Parker-Bowles raconte l&rsquo;ambiance des d\u00eeners en famille avec Charles III et Camilla<\/a><\/p>\n","protected":false},"excerpt":{"rendered":"Cette ann\u00e9e, la reine Camilla ne partagera pas les f\u00eates de No\u00ebl avec ses enfants, Tom Parker Bowles,&hellip;\n","protected":false},"author":2,"featured_media":588427,"comment_status":"","ping_status":"","sticky":false,"template":"","format":"standard","meta":{"footnotes":""},"categories":[1588],"tags":[11,1777,674,12,473,1853,1851,1850,1852],"class_list":{"0":"post-588426","1":"post","2":"type-post","3":"status-publish","4":"format-standard","5":"has-post-thumbnail","7":"category-royaume-uni","8":"tag-actualites","9":"tag-eu","10":"tag-europe","11":"tag-news","12":"tag-royaume-uni","13":"tag-royaume-uni-de-grande-bretagne-et-dirlande-du-nord","14":"tag-uk","15":"tag-united-kingdom","16":"tag-united-kingdom-of-great-britain-and-northern-ireland"},"share_on_mastodon":{"url":"https:\/\/pubeurope.com\/@fr\/115689408690040830","error":""},"_links":{"self":[{"href":"https:\/\/www.europesays.com\/fr\/wp-json\/wp\/v2\/posts\/588426","targetHints":{"allow":["GET"]}}],"collection":[{"href":"https:\/\/www.europesays.com\/fr\/wp-json\/wp\/v2\/posts"}],"about":[{"href":"https:\/\/www.europesays.com\/fr\/wp-json\/wp\/v2\/types\/post"}],"author":[{"embeddable":true,"href":"https:\/\/www.europesays.com\/fr\/wp-json\/wp\/v2\/users\/2"}],"replies":[{"embeddable":true,"href":"https:\/\/www.europesays.com\/fr\/wp-json\/wp\/v2\/comments?post=588426"}],"version-history":[{"count":0,"href":"https:\/\/www.europesays.com\/fr\/wp-json\/wp\/v2\/posts\/588426\/revisions"}],"wp:featuredmedia":[{"embeddable":true,"href":"https:\/\/www.europesays.com\/fr\/wp-json\/wp\/v2\/media\/588427"}],"wp:attachment":[{"href":"https:\/\/www.europesays.com\/fr\/wp-json\/wp\/v2\/media?parent=588426"}],"wp:term":[{"taxonomy":"category","embeddable":true,"href":"https:\/\/www.europesays.com\/fr\/wp-json\/wp\/v2\/categories?post=588426"},{"taxonomy":"post_tag","embeddable":true,"href":"https:\/\/www.europesays.com\/fr\/wp-json\/wp\/v2\/tags?post=588426"}],"curies":[{"name":"wp","href":"https:\/\/api.w.org\/{rel}","templated":true}]}}