{"id":588428,"date":"2025-12-09T11:37:13","date_gmt":"2025-12-09T11:37:13","guid":{"rendered":"https:\/\/www.europesays.com\/fr\/588428\/"},"modified":"2025-12-09T11:37:13","modified_gmt":"2025-12-09T11:37:13","slug":"lallemagne-et-la-france-pourraient-utiliser-leurs-propres-avions-de-chasse-pour-sauver-un-projet-de-defense-selon-une-deputee","status":"publish","type":"post","link":"https:\/\/www.europesays.com\/fr\/588428\/","title":{"rendered":"L&rsquo;Allemagne et la France pourraient utiliser leurs propres avions de chasse pour sauver un projet de d\u00e9fense, selon une d\u00e9put\u00e9e"},"content":{"rendered":"<p>Une d\u00e9put\u00e9e allemande de premier plan a exhort\u00e9 mardi l&rsquo;Allemagne et la France \u00e0 sauver un projet de d\u00e9fense de 100 milliards d&rsquo;euros (116 milliards de dollars) en d\u00e9veloppant un syst\u00e8me de combat commun, tout en permettant \u00e0 chaque pays d&rsquo;utiliser ses propres avions de chasse.<\/p>\n<p>Le temps presse pour que Berlin et Paris trouvent un terrain d&rsquo;entente concernant le Syst\u00e8me de Combat A\u00e9rien du Futur (SCAF), un ambitieux programme de chasseur de nouvelle g\u00e9n\u00e9ration lanc\u00e9 il y a huit ans mais aujourd&rsquo;hui enlis\u00e9 dans des diff\u00e9rends.<\/p>\n<p>L&rsquo;incapacit\u00e9 \u00e0 sortir de l&rsquo;impasse risque de mettre en lumi\u00e8re l&rsquo;incapacit\u00e9 de l&rsquo;Europe \u00e0 forger une unit\u00e9 de d\u00e9fense \u00e0 un moment o\u00f9 la guerre est revenue sur le continent et o\u00f9 les \u00c9tats-Unis, sous la pr\u00e9sidence de Donald Trump, souhaitent que l&rsquo;Europe prenne davantage en main sa propre s\u00e9curit\u00e9.<\/p>\n<p>Les ministres de la D\u00e9fense de l&rsquo;Allemagne, de la France et de l&rsquo;Espagne devraient se r\u00e9unir cette semaine, suivis de discussions entre le chancelier allemand Friedrich Merz et le pr\u00e9sident fran\u00e7ais Emmanuel Macron la semaine prochaine.<\/p>\n<p>Siemtje Moeller, d\u00e9put\u00e9e influente de la coalition de Merz et ancienne secr\u00e9taire d&rsquo;\u00c9tat \u00e0 la D\u00e9fense, a d\u00e9clar\u00e9 \u00e0 Reuters que le projet traversait une phase d&rsquo;\u00ab adaptation \u00bb et non de \u00ab terminaison \u00bb.<\/p>\n<p>Il \u00e9tait logique, selon elle, que l&rsquo;Allemagne et la France utilisent des avions de chasse diff\u00e9rents pour r\u00e9pondre \u00e0 leurs besoins sp\u00e9cifiques. Par exemple, la France a besoin que ses chasseurs puissent emporter des armes nucl\u00e9aires ou atterrir sur un porte-avions.<\/p>\n<p>\u00ab Une approche r\u00e9aliste serait de d\u00e9velopper une plateforme commune, puis de la faire \u00e9voluer pour r\u00e9pondre aux besoins sp\u00e9cifiques de chaque pays \u00bb, a-t-elle expliqu\u00e9, pr\u00e9cisant que le coeur du projet r\u00e9sidait dans les capacit\u00e9s de r\u00e9seau, le fameux \u00ab Combat Cloud \u00bb.<\/p>\n<p>\u00ab Nous pouvons continuer \u00e0 coop\u00e9rer \u00e9troitement sur ce point, sur les syst\u00e8mes sans pilote et sur les capacit\u00e9s de guerre \u00e9lectronique \u00bb, a-t-elle ajout\u00e9.<\/p>\n<p>Le SCAF est enlis\u00e9 dans des d\u00e9saccords entre Dassault Aviation, c\u00f4t\u00e9 fran\u00e7ais, et Airbus, concernant la r\u00e9partition du travail et les technologies strat\u00e9giques.<\/p>\n<p>\u00ab Des exigences diff\u00e9rentes ne signifient pas la fin de la coop\u00e9ration franco-allemande &#8211; et certainement pas un rejet des projets de d\u00e9fense europ\u00e9ens \u00bb, a conclu Moeller.<\/p>\n<p>($1 = 0,8587 euro)<\/p>\n<p>\n(R\u00e9daction : Matthias Williams, \u00c9dition : Ros Russell)<\/p>\n","protected":false},"excerpt":{"rendered":"Une d\u00e9put\u00e9e allemande de premier plan a exhort\u00e9 mardi l&rsquo;Allemagne et la France \u00e0 sauver un projet de&hellip;\n","protected":false},"author":2,"featured_media":588429,"comment_status":"","ping_status":"","sticky":false,"template":"","format":"standard","meta":{"footnotes":""},"categories":[1587],"tags":[11,672,340,1804,1805,1803,1777,674,1801,12,1802],"class_list":{"0":"post-588428","1":"post","2":"type-post","3":"status-publish","4":"format-standard","5":"has-post-thumbnail","7":"category-allemagne","8":"tag-actualites","9":"tag-allemagne","10":"tag-bourse","11":"tag-bundesrepublik-deutschland","12":"tag-de","13":"tag-deutschland","14":"tag-eu","15":"tag-europe","16":"tag-germany","17":"tag-news","18":"tag-republique-federale-dallemagne"},"share_on_mastodon":{"url":"https:\/\/pubeurope.com\/@fr\/115689412712557049","error":""},"_links":{"self":[{"href":"https:\/\/www.europesays.com\/fr\/wp-json\/wp\/v2\/posts\/588428","targetHints":{"allow":["GET"]}}],"collection":[{"href":"https:\/\/www.europesays.com\/fr\/wp-json\/wp\/v2\/posts"}],"about":[{"href":"https:\/\/www.europesays.com\/fr\/wp-json\/wp\/v2\/types\/post"}],"author":[{"embeddable":true,"href":"https:\/\/www.europesays.com\/fr\/wp-json\/wp\/v2\/users\/2"}],"replies":[{"embeddable":true,"href":"https:\/\/www.europesays.com\/fr\/wp-json\/wp\/v2\/comments?post=588428"}],"version-history":[{"count":0,"href":"https:\/\/www.europesays.com\/fr\/wp-json\/wp\/v2\/posts\/588428\/revisions"}],"wp:featuredmedia":[{"embeddable":true,"href":"https:\/\/www.europesays.com\/fr\/wp-json\/wp\/v2\/media\/588429"}],"wp:attachment":[{"href":"https:\/\/www.europesays.com\/fr\/wp-json\/wp\/v2\/media?parent=588428"}],"wp:term":[{"taxonomy":"category","embeddable":true,"href":"https:\/\/www.europesays.com\/fr\/wp-json\/wp\/v2\/categories?post=588428"},{"taxonomy":"post_tag","embeddable":true,"href":"https:\/\/www.europesays.com\/fr\/wp-json\/wp\/v2\/tags?post=588428"}],"curies":[{"name":"wp","href":"https:\/\/api.w.org\/{rel}","templated":true}]}}