{"id":588432,"date":"2025-12-09T11:39:16","date_gmt":"2025-12-09T11:39:16","guid":{"rendered":"https:\/\/www.europesays.com\/fr\/588432\/"},"modified":"2025-12-09T11:39:16","modified_gmt":"2025-12-09T11:39:16","slug":"google-vise-par-une-enquete-de-bruxelles-pour-des-possibles-infractions-aux-regles-de-la-concurrence-liberation","status":"publish","type":"post","link":"https:\/\/www.europesays.com\/fr\/588432\/","title":{"rendered":"Google vis\u00e9 par une enqu\u00eate de Bruxelles pour des possibles infractions aux r\u00e8gles de la concurrence \u2013 Lib\u00e9ration"},"content":{"rendered":"<p class=\"sc-cPiKLX AiZTS text-element\">L\u2019Union europ\u00e9enne a annonc\u00e9 ce mardi 9 d\u00e9cembre avoir ouvert une enqu\u00eate sur l\u2019utilisation par Google de contenus en ligne pour ses services d\u2019intelligence artificielle (IA). L\u2019instance veut v\u00e9rifier si le g\u00e9ant am\u00e9ricain ne commet pas des infractions aux r\u00e8gles de la concurrence et ne l\u00e8se pas les \u00e9diteurs en ligne et les youtubeurs lorsqu\u2019il utilise leurs contenus pour g\u00e9n\u00e9rer des r\u00e9sultats de recherche faisant appel \u00e0 l\u2019IA.<\/p>\n<p class=\"sc-cPiKLX AiZTS text-element\">La Commission europ\u00e9enne s\u2019inqui\u00e8te \u00e9galement du fait que Google utilise les vid\u00e9os publi\u00e9es sur sa plateforme YouTube <a href=\"https:\/\/www.liberation.fr\/economie\/economie-numerique\/intelligence-artificielle-dans-le-moteur-de-recherche-google-ce-que-ca-va-changer-pour-les-utilisateurs-20240516_LMAHP52TXJGCFLTLSAEVJYCJNY\/\" target=\"_blank\" rel=\"noreferrer noopener\" title=\"https:\/\/www.liberation.fr\/economie\/economie-numerique\/intelligence-artificielle-dans-le-moteur-de-recherche-google-ce-que-ca-va-changer-pour-les-utilisateurs-20240516_LMAHP52TXJGCFLTLSAEVJYCJNY\/\">pour entra\u00eener des mod\u00e8les d\u2019IA<\/a>, sans donner la possibilit\u00e9 \u00e0 ceux qui les ont cr\u00e9\u00e9es de s\u2019y opposer ni leur offrir de compensation. Ces pratiques pourraient constituer des abus de position dominante, pr\u00e9vient l\u2019ex\u00e9cutif europ\u00e9en. En outre, Google interdit sp\u00e9cifiquement \u00e0 ses concurrents de se servir des vid\u00e9os diffus\u00e9es sur YouTube pour des usages similaires, ce qui pourrait l\u00e0 encore constituer une infraction aux r\u00e8gles de la concurrence, estime la Commission.<\/p>\n<p class=\"sc-cPiKLX AiZTS text-element\">\u00abL\u2019IA apporte des innovations remarquables et de nombreux avantages aux citoyens et aux entreprises partout en Europe, mais ce progr\u00e8s ne saurait se faire au d\u00e9triment des principes fondamentaux de nos soci\u00e9t\u00e9s, a d\u00e9clar\u00e9 la vice-pr\u00e9sidente de la commission europ\u00e9enne charg\u00e9e de la Concurrence, Teresa Ribera. C\u2019est pourquoi nous enqu\u00eatons afin de d\u00e9terminer si Google a pu imposer des conditions abusives aux \u00e9diteurs et aux cr\u00e9ateurs de contenu, tout en d\u00e9savantageant les d\u00e9veloppeurs de mod\u00e8les d\u2019IA concurrents, en violation des r\u00e8gles de concurrence de l\u2019UE.\u00bb<\/p>\n<p class=\"sc-cPiKLX AiZTS text-element\">Google a imm\u00e9diatement r\u00e9agi. Cette enqu\u00eate \u00abrisque d\u2019\u00e9touffer l\u2019innovation dans un march\u00e9 plus concurrentiel que jamais\u00bb, a d\u00e9clar\u00e9 l\u2019un de ses porte-parole.<\/p>\n<p class=\"sc-cPiKLX AiZTS text-element\">L\u2019entreprise am\u00e9ricaine n\u2019est pas le seul groupe dans le collimateur de Bruxelles pour ses activit\u00e9s dans l\u2019intelligence artificielle. La semaine derni\u00e8re, la Commission europ\u00e9enne a ouvert une autre enqu\u00eate \u00e0 propos des fonctions d\u2019<a href=\"https:\/\/www.liberation.fr\/economie\/instagram-whatsapp-meta-va-entrainer-son-ia-avec-les-donnees-publiques-dutilisateurs-europeens-20250414_YWKXNTKCHNBGVDUSGP4KEUQ3OA\/\" target=\"_blank\" rel=\"noreferrer noopener\" title=\"https:\/\/www.liberation.fr\/economie\/instagram-whatsapp-meta-va-entrainer-son-ia-avec-les-donnees-publiques-dutilisateurs-europeens-20250414_YWKXNTKCHNBGVDUSGP4KEUQ3OA\/\">IA dans WhatsApp, filiale de Meta<\/a>.<\/p>\n<p class=\"sc-cPiKLX AiZTS text-element\">La Commission soup\u00e7onne que de nouvelles r\u00e8gles d\u2019int\u00e9gration des chatbots (\u00abrobots conversationnels\u00bb) faisant appel \u00e0 l\u2019IA dans WhatsApp, annonc\u00e9es par Meta, puissent priver d\u2019acc\u00e8s les fournisseurs tiers de services d\u2019intelligence artificielle, au b\u00e9n\u00e9fice de son propre service, baptis\u00e9 Meta AI.<\/p>\n","protected":false},"excerpt":{"rendered":"L\u2019Union europ\u00e9enne a annonc\u00e9 ce mardi 9 d\u00e9cembre avoir ouvert une enqu\u00eate sur l\u2019utilisation par Google de contenus&hellip;\n","protected":false},"author":2,"featured_media":588433,"comment_status":"","ping_status":"","sticky":false,"template":"","format":"standard","meta":{"footnotes":""},"categories":[1586],"tags":[11,1777,674,1779,1011,27,323,223,12,25,1778,364],"class_list":{"0":"post-588432","1":"post","2":"type-post","3":"status-publish","4":"format-standard","5":"has-post-thumbnail","7":"category-europe","8":"tag-actualites","9":"tag-eu","10":"tag-europe","11":"tag-european-union","12":"tag-fr","13":"tag-france","14":"tag-google","15":"tag-intelligence-artificielle","16":"tag-news","17":"tag-republique-francaise","18":"tag-ue","19":"tag-union-europeenne"},"share_on_mastodon":{"url":"https:\/\/pubeurope.com\/@fr\/115689420577462494","error":""},"_links":{"self":[{"href":"https:\/\/www.europesays.com\/fr\/wp-json\/wp\/v2\/posts\/588432","targetHints":{"allow":["GET"]}}],"collection":[{"href":"https:\/\/www.europesays.com\/fr\/wp-json\/wp\/v2\/posts"}],"about":[{"href":"https:\/\/www.europesays.com\/fr\/wp-json\/wp\/v2\/types\/post"}],"author":[{"embeddable":true,"href":"https:\/\/www.europesays.com\/fr\/wp-json\/wp\/v2\/users\/2"}],"replies":[{"embeddable":true,"href":"https:\/\/www.europesays.com\/fr\/wp-json\/wp\/v2\/comments?post=588432"}],"version-history":[{"count":0,"href":"https:\/\/www.europesays.com\/fr\/wp-json\/wp\/v2\/posts\/588432\/revisions"}],"wp:featuredmedia":[{"embeddable":true,"href":"https:\/\/www.europesays.com\/fr\/wp-json\/wp\/v2\/media\/588433"}],"wp:attachment":[{"href":"https:\/\/www.europesays.com\/fr\/wp-json\/wp\/v2\/media?parent=588432"}],"wp:term":[{"taxonomy":"category","embeddable":true,"href":"https:\/\/www.europesays.com\/fr\/wp-json\/wp\/v2\/categories?post=588432"},{"taxonomy":"post_tag","embeddable":true,"href":"https:\/\/www.europesays.com\/fr\/wp-json\/wp\/v2\/tags?post=588432"}],"curies":[{"name":"wp","href":"https:\/\/api.w.org\/{rel}","templated":true}]}}