{"id":588439,"date":"2025-12-09T11:44:12","date_gmt":"2025-12-09T11:44:12","guid":{"rendered":"https:\/\/www.europesays.com\/fr\/588439\/"},"modified":"2025-12-09T11:44:12","modified_gmt":"2025-12-09T11:44:12","slug":"alterna-cultive-son-ancrage-territorial","status":"publish","type":"post","link":"https:\/\/www.europesays.com\/fr\/588439\/","title":{"rendered":"Alterna cultive son ancrage territorial"},"content":{"rendered":"<p>Ce n\u2019est pas anodin. Alterna \u00e9nergie est en t\u00eate de la cat\u00e9gorie services, dans l\u2019\u00e9dition 2025 du Top des entreprises de la Vienne. \u00ab\u00a0On est un fournisseur national d\u2019\u00e9nergie mais on a une coloration Vienne\u00a0\u00bb, sourit Antonin Marcault, son directeur g\u00e9n\u00e9ral. Cet ancrage se\u00a0traduit aussi \u00e0 l\u2019\u00e9chelle r\u00e9gionale\u00a0: \u00ab\u00a0Sor\u00e9gies est la 10e\u00a0entreprise de Nouvelle-Aquitaine. Alterna \u00e9nergie est la 18e&#8230;. <\/p>\n<p>    Cet article a \u00e9t\u00e9 tronqu\u00e9. Abonnez-vous pour lire l&rsquo;article complet sur notre site.<\/p>\n<p>\u00a0\u00bb<\/p>\n<p style=\"margin: 0 !important; padding: 0 !important; font-size: 12px !important;\">Cet article a \u00e9t\u00e9 tronqu\u00e9. Abonnez-vous pour lire l&rsquo;article complet.<\/p>\n<p>    <a href=\"https:\/\/www.lanouvellerepublique.fr\/abonnements\" style=\"display: inline-block; margin-top: 5px !important; padding: 6px 12px !important; background: #cb1c27; color: white; text-decoration: none; border-radius: 4px; font-size: 12px !important;\" target=\"_blank\" rel=\"noopener\"><br \/>\n      S&rsquo;abonner<br \/>\n    <\/a><\/p>\n","protected":false},"excerpt":{"rendered":"Ce n\u2019est pas anodin. Alterna \u00e9nergie est en t\u00eate de la cat\u00e9gorie services, dans l\u2019\u00e9dition 2025 du Top&hellip;\n","protected":false},"author":2,"featured_media":588440,"comment_status":"","ping_status":"","sticky":false,"template":"","format":"standard","meta":{"footnotes":""},"categories":[1417],"tags":[1392,33,893,2830,313,436,1011,27,1653,60,1584,1470,1469],"class_list":{"0":"post-588439","1":"post","2":"type-post","3":"status-publish","4":"format-standard","5":"has-post-thumbnail","7":"category-volley","8":"tag-a-la-une-local","9":"tag-economie","10":"tag-energie","11":"tag-energies-renouvelables","12":"tag-entreprises","13":"tag-environnement","14":"tag-fr","15":"tag-france","16":"tag-poitiers","17":"tag-sports","18":"tag-vienne","19":"tag-volley","20":"tag-volleyball"},"share_on_mastodon":{"url":"https:\/\/pubeurope.com\/@fr\/115689440207873037","error":""},"_links":{"self":[{"href":"https:\/\/www.europesays.com\/fr\/wp-json\/wp\/v2\/posts\/588439","targetHints":{"allow":["GET"]}}],"collection":[{"href":"https:\/\/www.europesays.com\/fr\/wp-json\/wp\/v2\/posts"}],"about":[{"href":"https:\/\/www.europesays.com\/fr\/wp-json\/wp\/v2\/types\/post"}],"author":[{"embeddable":true,"href":"https:\/\/www.europesays.com\/fr\/wp-json\/wp\/v2\/users\/2"}],"replies":[{"embeddable":true,"href":"https:\/\/www.europesays.com\/fr\/wp-json\/wp\/v2\/comments?post=588439"}],"version-history":[{"count":0,"href":"https:\/\/www.europesays.com\/fr\/wp-json\/wp\/v2\/posts\/588439\/revisions"}],"wp:featuredmedia":[{"embeddable":true,"href":"https:\/\/www.europesays.com\/fr\/wp-json\/wp\/v2\/media\/588440"}],"wp:attachment":[{"href":"https:\/\/www.europesays.com\/fr\/wp-json\/wp\/v2\/media?parent=588439"}],"wp:term":[{"taxonomy":"category","embeddable":true,"href":"https:\/\/www.europesays.com\/fr\/wp-json\/wp\/v2\/categories?post=588439"},{"taxonomy":"post_tag","embeddable":true,"href":"https:\/\/www.europesays.com\/fr\/wp-json\/wp\/v2\/tags?post=588439"}],"curies":[{"name":"wp","href":"https:\/\/api.w.org\/{rel}","templated":true}]}}