{"id":588443,"date":"2025-12-09T11:46:11","date_gmt":"2025-12-09T11:46:11","guid":{"rendered":"https:\/\/www.europesays.com\/fr\/588443\/"},"modified":"2025-12-09T11:46:11","modified_gmt":"2025-12-09T11:46:11","slug":"caroline-garcia-a-refuse-une-offre-de-sponsoring-a-230-000-euros-pour-son-podcast","status":"publish","type":"post","link":"https:\/\/www.europesays.com\/fr\/588443\/","title":{"rendered":"Caroline Garcia a refus\u00e9 une offre de sponsoring \u00e0 230.000 euros pour son podcast"},"content":{"rendered":"<p>Caroline Garcia a refus\u00e9 une offre de sponsoring \u00e0 230.000 euros pour son podcastSur le m\u00eame sujet<a href=\"https:\/\/www.bfmtv.com\/societe\/video-masculinisme-conclave-wesh-voici-les-mots-les-plus-recherches_VN-202512090523.html\" title=\"&quot;Masculinisme&quot;, &quot;conclave&quot;, &quot;wesh&quot;: voici les mots les plus recherch\u00e9s \" target=\"_blank\" rel=\"noopener\"><img width=\"16\" height=\"9\" class=\"lozad\"  alt=\"&quot;Masculinisme&quot;, &quot;conclave&quot;, &quot;wesh&quot;: voici les mots les plus recherch\u00e9s \"\/>0:47&Prime;Masculinisme\u00a0\u00bb, \u00ab\u00a0conclave\u00a0\u00bb, \u00ab\u00a0wesh\u00a0\u00bb: voici les mots les plus recherch\u00e9s<\/a><a href=\"https:\/\/www.bfmtv.com\/societe\/video-moi-aussi-je-suis-une-sale-conne-l-insulte-de-brigitte-macron-reprise-sur-les-reseaux-sociaux-par-plusieurs-personnalites_VN-202512090509.html\" title=\"&quot;Moi aussi je suis une sale conne&quot;: l&#039;insulte de Brigitte Macron reprise sur les r\u00e9seaux sociaux par plusieurs personnalit\u00e9s\" target=\"_blank\" rel=\"noopener\"><img width=\"16\" height=\"9\" class=\"lozad\"  alt=\"&quot;Moi aussi je suis une sale conne&quot;: l'insulte de Brigitte Macron reprise sur les r\u00e9seaux sociaux par plusieurs personnalit\u00e9s\"\/>1:13&Prime;Moi aussi je suis une sale conne\u00a0\u00bb: l&rsquo;insulte de Brigitte Macron reprise sur les r\u00e9seaux sociaux par plusieurs personnalit\u00e9s<\/a><a href=\"https:\/\/www.bfmtv.com\/societe\/video-les-eclaireurs-quels-sont-les-chiffres-de-la-prostitution-en-france_VN-202512090452.html\" title=\"LES \u00c9CLAIREURS - Quels sont les chiffres de la prostitution en France?\" target=\"_blank\" rel=\"noopener\"><img width=\"16\" height=\"9\" class=\"lozad\"  alt=\"LES \u00c9CLAIREURS - Quels sont les chiffres de la prostitution en France?\"\/>1:46LES \u00c9CLAIREURS &#8211; Quels sont les chiffres de la prostitution en France?<\/a><a href=\"https:\/\/www.bfmtv.com\/societe\/video-ca-m-a-vraiment-touche-un-village-se-mobilise-pour-sauver-sa-boulangerie_VN-202512090166.html\" title=\"&quot;\u00c7a m&#039;a vraiment touch\u00e9&quot;: un village se mobilise pour sauver sa boulangerie\" target=\"_blank\" rel=\"noopener\"><img width=\"16\" height=\"9\" class=\"lozad\"  alt=\"&quot;\u00c7a m'a vraiment touch\u00e9&quot;: un village se mobilise pour sauver sa boulangerie\"\/>2:23&Prime;\u00c7a m&rsquo;a vraiment touch\u00e9\u00a0\u00bb: un village se mobilise pour sauver sa boulangerie<\/a><a href=\"https:\/\/www.bfmtv.com\/societe\/video-caroline-garcia-a-refuse-une-offre-de-sponsoring-a-230-000-euros-pour-son-podcast_VN-202512090139.html\" title=\"Caroline Garcia a refus\u00e9 une offre de sponsoring \u00e0 230.000 euros pour son podcast\" target=\"_blank\" rel=\"noopener\"><img width=\"16\" height=\"9\" class=\"lozad\"  alt=\"Caroline Garcia a refus\u00e9 une offre de sponsoring \u00e0 230.000 euros pour son podcast\"\/>en lectureCaroline Garcia a refus\u00e9 une offre de sponsoring \u00e0 230.000 euros pour son podcast<\/a><a href=\"https:\/\/www.bfmtv.com\/sante\/video-j-aime-bien-bouger-julia-qui-vit-seule-a-100-ans-nous-livre-les-secrets-de-sa-longevite_VN-202512090134.html\" title=\"&quot;J&#039;aime bien bouger&quot;: Julia, qui vit seule \u00e0 100 ans, nous livre les secrets de sa long\u00e9vit\u00e9\" target=\"_blank\" rel=\"noopener\"><img width=\"16\" height=\"9\" class=\"lozad\"  alt=\"&quot;J'aime bien bouger&quot;: Julia, qui vit seule \u00e0 100 ans, nous livre les secrets de sa long\u00e9vit\u00e9\"\/>2:33&Prime;J&rsquo;aime bien bouger\u00a0\u00bb: Julia, qui vit seule \u00e0 100 ans, nous livre les secrets de sa long\u00e9vit\u00e9<\/a><a href=\"https:\/\/www.bfmtv.com\/societe\/education\/video-120-ans-apres-la-loi-de-1905-la-laicite-au-c-ur-de-certains-enseignements-en-classe_VN-202512090096.html\" title=\"120 ans apr\u00e8s la loi de 1905; la la\u00efcit\u00e9 au c\u0153ur de certains enseignements en classe\" target=\"_blank\" rel=\"noopener\"><img width=\"16\" height=\"9\" class=\"lozad\"  alt=\"120 ans apr\u00e8s la loi de 1905; la la\u00efcit\u00e9 au c\u0153ur de certains enseignements en classe\"\/>1:30120 ans apr\u00e8s la loi de 1905; la la\u00efcit\u00e9 au c\u0153ur de certains enseignements en classe<\/a><a href=\"https:\/\/www.bfmtv.com\/sante\/video-l-association-addictions-france-denonce-la-promotion-de-l-alcool-aupres-des-jeunes-par-des-influenceurs_VN-202512090085.html\" title=\"L&#039;association Addictions France d\u00e9nonce la promotion de l&#039;alcool aupr\u00e8s des jeunes par des influenceurs \" target=\"_blank\" rel=\"noopener\"><img width=\"16\" height=\"9\" class=\"lozad\"  alt=\"L'association Addictions France d\u00e9nonce la promotion de l'alcool aupr\u00e8s des jeunes par des influenceurs \"\/>1:10L&rsquo;association Addictions France d\u00e9nonce la promotion de l&rsquo;alcool aupr\u00e8s des jeunes par des influenceurs<\/a><a href=\"https:\/\/www.bfmtv.com\/societe\/video-jean-philippe-tanguy-depute-du-rassemblement-national-veut-rouvrir-les-maisons-closes_VN-202512080886.html\" title=\"Jean-Philippe Tanguy, d\u00e9put\u00e9 du Rassemblement National, veut rouvrir les maisons closes  \" target=\"_blank\" rel=\"noopener\"><img width=\"16\" height=\"9\" class=\"lozad\"  alt=\"Jean-Philippe Tanguy, d\u00e9put\u00e9 du Rassemblement National, veut rouvrir les maisons closes  \"\/>2:09Jean-Philippe Tanguy, d\u00e9put\u00e9 du Rassemblement National, veut rouvrir les maisons closes<\/a><a href=\"https:\/\/www.bfmtv.com\/replay-emissions\/bfm-story\/video-marschall-truchot-brigitte-macron-ary-abittan-la-phrase-polemique-08-12_VN-202512080807.html\" title=\"Marschall Truchot : Brigitte Macron \/ Ary Abittan, la phrase pol\u00e9mique - 08\/12\" target=\"_blank\" rel=\"noopener\"><img width=\"16\" height=\"9\" class=\"lozad\"  alt=\"Marschall Truchot : Brigitte Macron \/ Ary Abittan, la phrase pol\u00e9mique - 08\/12\"\/>6:24Marschall Truchot : Brigitte Macron \/ Ary Abittan, la phrase pol\u00e9mique &#8211; 08\/12<\/a><a href=\"https:\/\/www.bfmtv.com\/replay-emissions\/bfm-story\/video-marshall-truchot-union-des-droites-poisons-mortels-pour-les-republicains-08-12_VN-202512080785.html\" title=\"Marshall Truchot : Union des droites, poisons mortels pour les R\u00e9publicains ? - 08\/12\" target=\"_blank\" rel=\"noopener\"><img width=\"16\" height=\"9\" class=\"lozad\"  alt=\"Marshall Truchot : Union des droites, poisons mortels pour les R\u00e9publicains ? - 08\/12\"\/>12:35Marshall Truchot : Union des droites, poisons mortels pour les R\u00e9publicains ? &#8211; 08\/12<\/a><a href=\"https:\/\/www.bfmtv.com\/societe\/video-pizzaiolo-cambriole-dans-les-alpes-maritimes-on-est-en-train-de-bouger-le-curseur-entre-le-permis-et-l-interdit-observe-pierre-rance-ancien-porte-parole-du-ministere-de-la-justice_VN-202512080766.html\" title=\"Pizzaiolo cambriol\u00e9 dans les Alpes-Maritimes: &quot;On est en train de bouger le curseur entre le permis et l&#039;interdit&quot;, observe Pierre Ranc\u00e9, ancien porte-parole du minist\u00e8re de la Justice\" target=\"_blank\" rel=\"noopener\"><img width=\"16\" height=\"9\" class=\"lozad\"  alt=\"Pizzaiolo cambriol\u00e9 dans les Alpes-Maritimes: &quot;On est en train de bouger le curseur entre le permis et l'interdit&quot;, observe Pierre Ranc\u00e9, ancien porte-parole du minist\u00e8re de la Justice\"\/>1:51Pizzaiolo cambriol\u00e9 dans les Alpes-Maritimes: \u00ab\u00a0On est en train de bouger le curseur entre le permis et l&rsquo;interdit\u00a0\u00bb, observe Pierre Ranc\u00e9, ancien porte-parole du minist\u00e8re de la Justice<\/a><a href=\"https:\/\/www.bfmtv.com\/replay-emissions\/bfm-story\/video-marschall-truchot-cambriole-un-pizzaiolo-se-fait-justice-lui-meme-08-12_VN-202512080764.html\" title=\"Marschall Truchot : cambriol\u00e9, un pizzaiolo se fait justice lui-m\u00eame - 08\/12\" target=\"_blank\" rel=\"noopener\"><img width=\"16\" height=\"9\" class=\"lozad\"  alt=\"Marschall Truchot : cambriol\u00e9, un pizzaiolo se fait justice lui-m\u00eame - 08\/12\"\/>17:09Marschall Truchot : cambriol\u00e9, un pizzaiolo se fait justice lui-m\u00eame &#8211; 08\/12<\/a><a href=\"https:\/\/www.bfmtv.com\/replay-emissions\/bfm-story\/video-marshall-truchot-les-migrants-bientot-expulsable-vers-un-pays-d-accueil-08-12_VN-202512080757.html\" title=\"Marshall Truchot : Les migrants bient\u00f4t expulsable vers un pays d\u2019accueil - 08\/12\" target=\"_blank\" rel=\"noopener\"><img width=\"16\" height=\"9\" class=\"lozad\"  alt=\"Marshall Truchot : Les migrants bient\u00f4t expulsable vers un pays d\u2019accueil - 08\/12\"\/>17:45Marshall Truchot : Les migrants bient\u00f4t expulsable vers un pays d\u2019accueil &#8211; 08\/12<\/a><a class=\"jumpToVideo\" target=\"_blank\"><img class=\"thumbnailPreview\"\/><\/a><\/p>\n","protected":false},"excerpt":{"rendered":"Caroline Garcia a refus\u00e9 une offre de sponsoring \u00e0 230.000 euros pour son podcastSur le m\u00eame sujet0:47&Prime;Masculinisme\u00a0\u00bb, \u00ab\u00a0conclave\u00a0\u00bb,&hellip;\n","protected":false},"author":2,"featured_media":588444,"comment_status":"","ping_status":"","sticky":false,"template":"","format":"standard","meta":{"footnotes":""},"categories":[1415],"tags":[1011,27,60,1467],"class_list":{"0":"post-588443","1":"post","2":"type-post","3":"status-publish","4":"format-standard","5":"has-post-thumbnail","7":"category-tennis","8":"tag-fr","9":"tag-france","10":"tag-sports","11":"tag-tennis"},"share_on_mastodon":{"url":"https:\/\/pubeurope.com\/@fr\/115689447928993179","error":""},"_links":{"self":[{"href":"https:\/\/www.europesays.com\/fr\/wp-json\/wp\/v2\/posts\/588443","targetHints":{"allow":["GET"]}}],"collection":[{"href":"https:\/\/www.europesays.com\/fr\/wp-json\/wp\/v2\/posts"}],"about":[{"href":"https:\/\/www.europesays.com\/fr\/wp-json\/wp\/v2\/types\/post"}],"author":[{"embeddable":true,"href":"https:\/\/www.europesays.com\/fr\/wp-json\/wp\/v2\/users\/2"}],"replies":[{"embeddable":true,"href":"https:\/\/www.europesays.com\/fr\/wp-json\/wp\/v2\/comments?post=588443"}],"version-history":[{"count":0,"href":"https:\/\/www.europesays.com\/fr\/wp-json\/wp\/v2\/posts\/588443\/revisions"}],"wp:featuredmedia":[{"embeddable":true,"href":"https:\/\/www.europesays.com\/fr\/wp-json\/wp\/v2\/media\/588444"}],"wp:attachment":[{"href":"https:\/\/www.europesays.com\/fr\/wp-json\/wp\/v2\/media?parent=588443"}],"wp:term":[{"taxonomy":"category","embeddable":true,"href":"https:\/\/www.europesays.com\/fr\/wp-json\/wp\/v2\/categories?post=588443"},{"taxonomy":"post_tag","embeddable":true,"href":"https:\/\/www.europesays.com\/fr\/wp-json\/wp\/v2\/tags?post=588443"}],"curies":[{"name":"wp","href":"https:\/\/api.w.org\/{rel}","templated":true}]}}