{"id":588452,"date":"2025-12-09T11:55:11","date_gmt":"2025-12-09T11:55:11","guid":{"rendered":"https:\/\/www.europesays.com\/fr\/588452\/"},"modified":"2025-12-09T11:55:11","modified_gmt":"2025-12-09T11:55:11","slug":"pourquoi-il-a-accepte-de-participer-a-dals","status":"publish","type":"post","link":"https:\/\/www.europesays.com\/fr\/588452\/","title":{"rendered":"pourquoi il a accept\u00e9 de participer \u00e0 DALS"},"content":{"rendered":"<p><strong>D\u00e9fi<\/strong>. <a href=\"https:\/\/www.journaldesfemmes.fr\/people\/personnalites\/2907317-philippe-lellouche-age-couple-gilles-infos\/\" title=\"Philippe Lellouche\" target=\"_blank\" rel=\"noopener\">Philippe Lellouche<\/a> fait partie des candidats de la prochaine saison de Danse Avec Les Stars et il a accept\u00e9 pour plusieurs raisons. \u00ab\u00a0\u00c7a a \u00e9t\u00e9 bien pr\u00e9sent\u00e9. Je sais pas, j&rsquo;ai eu envie&#8230; Et puis j&rsquo;aime bien le challenge, j&rsquo;adore. Comme c&rsquo;est une ann\u00e9e un peu nouvelle pour moi, il y a plein de choses que je fais l\u00e0 que je ne faisais pas comme la radio, etc&#8230; Je me suis dit\u00a0: c&rsquo;est bien de sortir de sa zone de confort\u00a0\u00bb, a expliqu\u00e9 le com\u00e9dien de 59 ans dans\u00a0Culture m\u00e9dias sur Europe 1.<\/p>\n","protected":false},"excerpt":{"rendered":"D\u00e9fi. Philippe Lellouche fait partie des candidats de la prochaine saison de Danse Avec Les Stars et il&hellip;\n","protected":false},"author":2,"featured_media":588453,"comment_status":"","ping_status":"","sticky":false,"template":"","format":"standard","meta":{"footnotes":""},"categories":[1356],"tags":[70185,51761,58,59,52292,1011,27,51766,1031,68438,252,1364],"class_list":{"0":"post-588452","1":"post","2":"type-post","3":"status-publish","4":"format-standard","5":"has-post-thumbnail","7":"category-television","8":"tag-cms-journaldesfemmes-3249998","9":"tag-controller-content","10":"tag-divertissement","11":"tag-entertainment","12":"tag-format-reportage","13":"tag-fr","14":"tag-france","15":"tag-les-histoires-du-jdf","16":"tag-magazine","17":"tag-philippe-lellouche","18":"tag-television","19":"tag-tv"},"share_on_mastodon":{"url":"https:\/\/pubeurope.com\/@fr\/115689483451153080","error":""},"_links":{"self":[{"href":"https:\/\/www.europesays.com\/fr\/wp-json\/wp\/v2\/posts\/588452","targetHints":{"allow":["GET"]}}],"collection":[{"href":"https:\/\/www.europesays.com\/fr\/wp-json\/wp\/v2\/posts"}],"about":[{"href":"https:\/\/www.europesays.com\/fr\/wp-json\/wp\/v2\/types\/post"}],"author":[{"embeddable":true,"href":"https:\/\/www.europesays.com\/fr\/wp-json\/wp\/v2\/users\/2"}],"replies":[{"embeddable":true,"href":"https:\/\/www.europesays.com\/fr\/wp-json\/wp\/v2\/comments?post=588452"}],"version-history":[{"count":0,"href":"https:\/\/www.europesays.com\/fr\/wp-json\/wp\/v2\/posts\/588452\/revisions"}],"wp:featuredmedia":[{"embeddable":true,"href":"https:\/\/www.europesays.com\/fr\/wp-json\/wp\/v2\/media\/588453"}],"wp:attachment":[{"href":"https:\/\/www.europesays.com\/fr\/wp-json\/wp\/v2\/media?parent=588452"}],"wp:term":[{"taxonomy":"category","embeddable":true,"href":"https:\/\/www.europesays.com\/fr\/wp-json\/wp\/v2\/categories?post=588452"},{"taxonomy":"post_tag","embeddable":true,"href":"https:\/\/www.europesays.com\/fr\/wp-json\/wp\/v2\/tags?post=588452"}],"curies":[{"name":"wp","href":"https:\/\/api.w.org\/{rel}","templated":true}]}}