{"id":588454,"date":"2025-12-09T11:56:11","date_gmt":"2025-12-09T11:56:11","guid":{"rendered":"https:\/\/www.europesays.com\/fr\/588454\/"},"modified":"2025-12-09T11:56:11","modified_gmt":"2025-12-09T11:56:11","slug":"vanessa-paradis-comblee-par-ses-enfants-je-suis-tres-admirative","status":"publish","type":"post","link":"https:\/\/www.europesays.com\/fr\/588454\/","title":{"rendered":"Vanessa Paradis, combl\u00e9e par ses enfants\u00a0: \u00ab\u00a0je suis tr\u00e8s admirative\u00a0\u00bb"},"content":{"rendered":"<p><strong>Les chiens ne font pas des chats.<\/strong> Lily-Rose et Jack, les deux enfants de <a href=\"https:\/\/www.journaldesfemmes.fr\/people\/personnalites\/2559608-vanessa-paradis\/\" title=\"Vanessa Paradis\" target=\"_blank\" rel=\"noopener\">Vanessa Paradis<\/a>, ont particip\u00e9 \u00e0 son 8e album pour le plus grand bonheur de la chanteuse ! \u00ab\u00a0Je ne voulais pas leur faire une place sur le disque simplement parce qu&rsquo;on travaille en famille, m\u00eame si j&rsquo;adore \u00e7a. Je trouve \u00e7a super. Mais c&rsquo;est simplement parce que je suis tr\u00e8s admirative de leur talent, leur savoir-faire, leur sensibilit\u00e9 et qu&rsquo;ils ont ajout\u00e9 deux morceaux \u00e0 ce disque\u00a0\u00bb, a expliqu\u00e9 Vanessa Paradis\u00a0sur le plateau de C \u00e0 vous.<\/p>\n","protected":false},"excerpt":{"rendered":"Les chiens ne font pas des chats. Lily-Rose et Jack, les deux enfants de Vanessa Paradis, ont particip\u00e9&hellip;\n","protected":false},"author":2,"featured_media":588455,"comment_status":"","ping_status":"","sticky":false,"template":"","format":"standard","meta":{"footnotes":""},"categories":[1355],"tags":[70186,51761,58,59,52292,1011,27,51766,1031,1361,873,10245],"class_list":{"0":"post-588454","1":"post","2":"type-post","3":"status-publish","4":"format-standard","5":"has-post-thumbnail","7":"category-musique","8":"tag-cms-journaldesfemmes-3250004","9":"tag-controller-content","10":"tag-divertissement","11":"tag-entertainment","12":"tag-format-reportage","13":"tag-fr","14":"tag-france","15":"tag-les-histoires-du-jdf","16":"tag-magazine","17":"tag-music","18":"tag-musique","19":"tag-vanessa-paradis"},"share_on_mastodon":{"url":"https:\/\/pubeurope.com\/@fr\/115689487414315175","error":""},"_links":{"self":[{"href":"https:\/\/www.europesays.com\/fr\/wp-json\/wp\/v2\/posts\/588454","targetHints":{"allow":["GET"]}}],"collection":[{"href":"https:\/\/www.europesays.com\/fr\/wp-json\/wp\/v2\/posts"}],"about":[{"href":"https:\/\/www.europesays.com\/fr\/wp-json\/wp\/v2\/types\/post"}],"author":[{"embeddable":true,"href":"https:\/\/www.europesays.com\/fr\/wp-json\/wp\/v2\/users\/2"}],"replies":[{"embeddable":true,"href":"https:\/\/www.europesays.com\/fr\/wp-json\/wp\/v2\/comments?post=588454"}],"version-history":[{"count":0,"href":"https:\/\/www.europesays.com\/fr\/wp-json\/wp\/v2\/posts\/588454\/revisions"}],"wp:featuredmedia":[{"embeddable":true,"href":"https:\/\/www.europesays.com\/fr\/wp-json\/wp\/v2\/media\/588455"}],"wp:attachment":[{"href":"https:\/\/www.europesays.com\/fr\/wp-json\/wp\/v2\/media?parent=588454"}],"wp:term":[{"taxonomy":"category","embeddable":true,"href":"https:\/\/www.europesays.com\/fr\/wp-json\/wp\/v2\/categories?post=588454"},{"taxonomy":"post_tag","embeddable":true,"href":"https:\/\/www.europesays.com\/fr\/wp-json\/wp\/v2\/tags?post=588454"}],"curies":[{"name":"wp","href":"https:\/\/api.w.org\/{rel}","templated":true}]}}