{"id":588458,"date":"2025-12-09T11:58:15","date_gmt":"2025-12-09T11:58:15","guid":{"rendered":"https:\/\/www.europesays.com\/fr\/588458\/"},"modified":"2025-12-09T11:58:15","modified_gmt":"2025-12-09T11:58:15","slug":"vaccins-a-arnm-et-le-covid-19-ils-naugmentent-pas-le-risque-de-mortalite-a-long-terme-au-contraire-contrepoints","status":"publish","type":"post","link":"https:\/\/www.europesays.com\/fr\/588458\/","title":{"rendered":"Vaccins \u00e0 ARNm et le Covid-19 : ils n\u2019augmentent pas le risque de mortalit\u00e9 \u00e0 long terme. Au contraire &#8211; Contrepoints"},"content":{"rendered":"<ol>\n<li><a href=\"https:\/\/news.google.com\/rss\/articles\/CBMiwgFBVV95cUxPX3NPLXF3VU9FNnM0M3NuSFhub0pPbDloc1BXZmdwVHR6eEVzVEVkc0d5WTVWeTBsakgzaEl0OEpFa0gwanp2RFVZWEVMVGNhaW01YWpLNXU5VTFFQUprZjZiNWlWYnM2OGZQZGR3bmNCdi1ON1M0UzFRY0ZDdTJoamhZNFpLRnc5QVV5cXU0NDlqdktZc29kOU0xeGpET0l3MDhoY3FiRTRLejZKM1dEc1hKSFVaVEhibGVyeExSbm94UQ?oc=5\" target=\"_blank\" rel=\"noopener\">Vaccins \u00e0 ARNm et le Covid-19 : ils n\u2019augmentent pas le risque de mortalit\u00e9 \u00e0 long terme. Au contraire<\/a>&nbsp;&nbsp;Contrepoints<\/li>\n<li><a href=\"https:\/\/news.google.com\/rss\/articles\/CBMi_wFBVV95cUxPZjBCM3piZy1STS1mSTRzUmQyZ1psa0Q2LWlJWU5VOEZjXzJsdHFMWjFDcnFORjN4bVRvdzFoQTBwbS1SSVFLU2NfTVhINTNqbUFBcW5tMWFrSWdWRHgzRHZQMGZPQk5rZWtYeEVQSHlOZnFnYlFUZFF3Sk0zTEFJS09MbHVubExwR1FpUzI2MkdWNDlhR1F1a2Nxa052MHhIRE1BZ2FRZDJfZkV4ekJrTE05cFVMWVNZdDAzS2pDT2xHNUx0cjA5R3ZWcHppTjBPMXVTNnBaUGJQaVNqcWVxZzNuLUphMnM3M2F6V2RKM053a1Yxd19rN3NyZ0ZKRXc?oc=5\" target=\"_blank\" rel=\"noopener\">Covid-19 : l\u2019absence de danger et l\u2019efficacit\u00e9 des vaccins \u00e0 ARN messager d\u00e9montr\u00e9es par une vaste \u00e9tude<\/a>&nbsp;&nbsp;Le Monde.fr<\/li>\n<li><a href=\"https:\/\/news.google.com\/rss\/articles\/CBMikgFBVV95cUxPRVFkcWFmNUxoU1FPRzJyRXE5Zm5tV05sSWRVNW8wMGxMaGJBcFVyQk5Tak1UMWEzTzRDQWZIZVF2REJEcUpyN0pZU0I2NEktdzJSeG1keFRRQkNfeENXUFBIbHZidVlWNzkxUDN1MzdpaUNFYUxCdU54ZXFzOTFsUHNiN2hPREZIaTl6RWNwMC15QQ?oc=5\" target=\"_blank\" rel=\"noopener\">Vaccination par ARNm contre la COVID-19 et mortalit\u00e9 toutes causes<\/a>&nbsp;&nbsp;epi-phare<\/li>\n<li><a href=\"https:\/\/news.google.com\/rss\/articles\/CBMia0FVX3lxTE14bTBLYTBFeW1NdXhKRnRQRVBJRDBPU3A2M2haRmNBRUJhS1l0LXBjWV9xZk03NmdVbGlwOENHWUR4aXlxdExNdkI4NGMxOFpCRGJFdVFZWDhUYWhyWWUxLXhWVGprZnBzM0N3?oc=5\" target=\"_blank\" rel=\"noopener\">Billet. Y croire ou pas !<\/a>&nbsp;&nbsp;Le Dauphin\u00e9 Lib\u00e9r\u00e9<\/li>\n<li><a href=\"https:\/\/news.google.com\/rss\/articles\/CBMi9AFBVV95cUxOVGNncC1DQ0VROVhCRHhlY3ZvenpQaUNoWVhqbWVmcDdoYk4zTmQ1V3I4cS02N2VYV0Q4VjBhYUNsQXdLNGpFOEZLVHRNT0lmOFpBc3BMS3QxandKUV9IeXAwSFhQUGZqN050dXZZMzVrZkdFVnVYWGJGdGpxc05scnR5cEpPMndKRHJjc2MybzYxaEFfY09PdEZheGtGWnN0bWluajd5Ynd0NWIweVZidkpkSnhpZk1zWmI4N2xLYTNocm5IZmNFUTIwbkNjTkVWQ3J0TDdYYVNFSEx0RE04T013LUdrMVpKMmNXamxxbVlZZUlk?oc=5\" target=\"_blank\" rel=\"noopener\">Quatre ans, 29 millions de dossiers : l\u2019\u00e9tude fran\u00e7aise qui d\u00e9monte la th\u00e8se d\u2019un risque accru avec les vaccins ARNm<\/a>&nbsp;&nbsp;futura-sciences.com<\/li>\n<\/ol>\n","protected":false},"excerpt":{"rendered":"Vaccins \u00e0 ARNm et le Covid-19 : ils n\u2019augmentent pas le risque de mortalit\u00e9 \u00e0 long terme. Au&hellip;\n","protected":false},"author":2,"featured_media":588459,"comment_status":"","ping_status":"","sticky":false,"template":"","format":"standard","meta":{"footnotes":""},"categories":[10],"tags":[1011,27,72,71],"class_list":{"0":"post-588458","1":"post","2":"type-post","3":"status-publish","4":"format-standard","5":"has-post-thumbnail","7":"category-sante","8":"tag-fr","9":"tag-france","10":"tag-health","11":"tag-sante"},"share_on_mastodon":{"url":"https:\/\/pubeurope.com\/@fr\/115689495338154260","error":""},"_links":{"self":[{"href":"https:\/\/www.europesays.com\/fr\/wp-json\/wp\/v2\/posts\/588458","targetHints":{"allow":["GET"]}}],"collection":[{"href":"https:\/\/www.europesays.com\/fr\/wp-json\/wp\/v2\/posts"}],"about":[{"href":"https:\/\/www.europesays.com\/fr\/wp-json\/wp\/v2\/types\/post"}],"author":[{"embeddable":true,"href":"https:\/\/www.europesays.com\/fr\/wp-json\/wp\/v2\/users\/2"}],"replies":[{"embeddable":true,"href":"https:\/\/www.europesays.com\/fr\/wp-json\/wp\/v2\/comments?post=588458"}],"version-history":[{"count":0,"href":"https:\/\/www.europesays.com\/fr\/wp-json\/wp\/v2\/posts\/588458\/revisions"}],"wp:featuredmedia":[{"embeddable":true,"href":"https:\/\/www.europesays.com\/fr\/wp-json\/wp\/v2\/media\/588459"}],"wp:attachment":[{"href":"https:\/\/www.europesays.com\/fr\/wp-json\/wp\/v2\/media?parent=588458"}],"wp:term":[{"taxonomy":"category","embeddable":true,"href":"https:\/\/www.europesays.com\/fr\/wp-json\/wp\/v2\/categories?post=588458"},{"taxonomy":"post_tag","embeddable":true,"href":"https:\/\/www.europesays.com\/fr\/wp-json\/wp\/v2\/tags?post=588458"}],"curies":[{"name":"wp","href":"https:\/\/api.w.org\/{rel}","templated":true}]}}