{"id":588462,"date":"2025-12-09T12:00:13","date_gmt":"2025-12-09T12:00:13","guid":{"rendered":"https:\/\/www.europesays.com\/fr\/588462\/"},"modified":"2025-12-09T12:00:13","modified_gmt":"2025-12-09T12:00:13","slug":"deux-candidates-destituees-apres-avoir-profere-des-propos-injurieux-a-legard-des-douze-demi-finalistes","status":"publish","type":"post","link":"https:\/\/www.europesays.com\/fr\/588462\/","title":{"rendered":"deux candidates destitu\u00e9es apr\u00e8s avoir prof\u00e9r\u00e9 des \u00ab\u00a0propos injurieux\u00a0\u00bb \u00e0 l&rsquo;\u00e9gard des douze demi-finalistes"},"content":{"rendered":"<p class=\"article-p mdl\">La sanction n&rsquo;a pas tard\u00e9. Apr\u00e8s plusieurs jours de pol\u00e9miques, Julie Zitouni et A\u00efnhoa Lahitete ont \u00e9t\u00e9 destitu\u00e9es de leurs titres de Miss Provence et Miss Aquitaine, par les comit\u00e9s Miss Provence C\u00f4te d&rsquo;Azur et Miss Aquitaine, avec le soutien de la Soci\u00e9t\u00e9 Miss France et de l&rsquo;Amicales des D\u00e9l\u00e9gu\u00e9s R\u00e9gionaux.<\/p>\n<p class=\"article-p mdl\">\u00ab\u00a0Cette d\u00e9cision fait suite \u00e0 la diffusion d&rsquo;une vid\u00e9o tourn\u00e9e dans les loges de l&rsquo;\u00e9lection de Miss France 2026, dans laquelle les deux candidates tiennent et relayent des propos injurieux \u00e0 l&rsquo;\u00e9gard les douze demi-finalistes, indique les comit\u00e9s dans un communiqu\u00e9 conjoint. Ces paroles et cette attitude sont en totale contradiction avec les valeurs que nos comit\u00e9s s&rsquo;efforcent de d\u00e9fendre. Il s&rsquo;agit d&rsquo;une d\u00e9cision lourde de cons\u00e9quences mais n\u00e9cessaire.\u00a0\u00bb<\/p>\n<p class=\"article-p mdl\">Dans cette vid\u00e9o devenue rapidement virale, on pouvait voir les deux candidates critiquant grossi\u00e8rement leurs rivales s\u00e9lectionn\u00e9es parmi \u00ab\u00a0les douze\u00a0\u00bb. La Marseillaise de 26 ans a m\u00eame qualifi\u00e9 les jeunes filles s\u00e9lectionn\u00e9es de \u00ab\u00a0putes\u00a0\u00bb, provoquant l&rsquo;indignation des internautes.<\/p>\n<p>    Les excuses de Miss Provence et Miss Aquitaine n&rsquo;ont pas suffi<\/p>\n<p class=\"article-p mdl\">Le lendemain,<a class=\"link\" href=\"https:\/\/www.rtl.fr\/culture\/medias-people\/miss-france-2026-julie-zitouni-miss-provence-presente-ses-excuses-apres-avoir-insulte-d-autres-candidates-7900575049\" target=\"_blank\" rel=\"noopener\">\u00a0Miss Provence a r\u00e9agi<\/a>\u00a0sur Instagram, affirmant que l&rsquo;insulte avait \u00e9t\u00e9 utilis\u00e9e \u00ab\u00a0dans un sens familier, signifiant simplement &lsquo;les veinardes&rsquo;, &lsquo;les chanceuses\u00a0\u00bb, tout en reconnaissant que \u00ab\u00a0ce n&rsquo;est pas un vocabulaire qui a sa place dans\u00a0<a class=\"link\" href=\"https:\/\/www.rtl.fr\/culture\/medias-people\/de-l-improvisation-mais-preparee-dans-les-coulisses-des-derniers-preparatifs-de-la-96e-edition-de-miss-france-7900574806\" target=\"_blank\" rel=\"noopener\">Miss France<\/a>\u00ab\u00a0. Un argumentaire\u00a0<a class=\"link\" href=\"https:\/\/www.rtl.fr\/culture\/humour\/philippe-caveriviere-j-etais-persuade-que-les-miss-etaient-pour-la-paix-dans-le-monde-7900575539\" title=\"Miss France 2026 :  Philippe Caverivi\u00e8re &quot;persuad\u00e9 que les Miss \u00e9taient pour la paix dans le monde&quot;\" target=\"_blank\" rel=\"noopener\">qui n&rsquo;a pas convaincu tout le monde<\/a>.<\/p>\n<p class=\"article-p mdl\">Apr\u00e8s la r\u00e9action de sa cons\u0153ur, Ainhoa Lahitete s&rsquo;est exprim\u00e9e sur\u00a0<a class=\"link\" href=\"https:\/\/www.instagram.com\/p\/DR-Jj2ECC29\/?img_index=4&amp;igsh=MmVneWZodjNlaDIz\" target=\"_blank\" rel=\"noopener\">l<\/a>es r\u00e9seaux sociaux. Elle a \u00e9voqu\u00e9 la vid\u00e9o \u00ab\u00a0destin\u00e9e \u00e0 un cercle priv\u00e9\u00a0\u00bb et a admis avoir \u00ab\u00a0approuv\u00e9 des propos inacceptables\u00a0\u00bb, pr\u00e9cisant qu&rsquo;ils avaient \u00e9t\u00e9 \u00ab\u00a0tenus par une autre miss\u00a0\u00bb. \u00ab\u00a0Je tiens \u00e0 dire clairement que je regrette profond\u00e9ment mon attitude. Je pr\u00e9sente mes excuses les plus sinc\u00e8res \u00e0 toutes les candidates de la promotion Miss France 2026, aux comit\u00e9s d\u00e9partementaux et r\u00e9gionaux, aux familles des Miss R\u00e9gionales, aux spectateurs, ainsi qu&rsquo;\u00e0 la soci\u00e9t\u00e9\u00a0<a class=\"link\" href=\"https:\/\/www.rtl.fr\/culture\/medias-people\/miss-france-2026-qui-est-hinaupoko-deveze-miss-tahiti-7900574928\" target=\"_blank\" rel=\"noopener\">Miss France<\/a>\u00ab\u00a0, a \u00e9crit Ainhoa Lahitete.<\/p>\n<p class=\"article-p mdl\">\u00ab\u00a0Nous tenons \u00e0 souligner que Julie et A\u00efnhoa ont pr\u00e9sent\u00e9 des excuses publiques, ainsi qu&rsquo;aux candidates concern\u00e9es, et nous en prenons acte, poursuivent les comit\u00e9s dans leur communiqu\u00e9. N\u00e9anmoins, la gravit\u00e9 des propos tenus rend impossible le maintien de leur titre de Miss Provence 2025 et de Miss Aquitaine 2025. Le r\u00f4le d&rsquo;une Miss r\u00e9gionale est d&rsquo;\u00eatre une ambassadrice de sa r\u00e9gion, un visage de s\u00e9rieux, de respect et de responsabilit\u00e9, notamment aupr\u00e8s des jeunes femmes qui s&rsquo;identifient \u00e0 elle. C&rsquo;est \u00e0 cette exigence que nous restons fid\u00e8les.\u00a0\u00bb<\/p>\n<p class=\"article-p mdl\">\u00ab\u00a0Les Comit\u00e9s Miss Provence C\u00f4te d&rsquo;Azur et Miss Aquitaine condamnent avec la m\u00eame fermet\u00e9 les propos tenus dans cette vid\u00e9o que le d\u00e9ferlement de cyberviolence et de harc\u00e8lement dont Julie et A\u00efnhoa font l&rsquo;objet depuis leur diffusion. Aucune faute ne justifie la haine, l&rsquo;acharnement ou les menaces sur les r\u00e9seaux sociaux.\u00a0\u00bb<\/p>\n<p>    La r\u00e9daction vous recommande<\/p>\n<p class=\"s-newsletter__title\">\n                L\u2019actualit\u00e9 par la r\u00e9daction de RTL dans votre bo\u00eete mail.\n            <\/p>\n<p class=\"s-newsletter__subtitle\">\n                Gr\u00e2ce \u00e0 votre compte RTL abonnez-vous \u00e0 la newsletter RTL info pour suivre toute l&rsquo;actualit\u00e9 au quotidien\n            <\/p>\n<p>\n                                    Lire la suite\n                                <\/p>\n<p>                            <script async src=\"\/\/www.instagram.com\/embed.js\"><\/script><\/p>\n","protected":false},"excerpt":{"rendered":"La sanction n&rsquo;a pas tard\u00e9. Apr\u00e8s plusieurs jours de pol\u00e9miques, Julie Zitouni et A\u00efnhoa Lahitete ont \u00e9t\u00e9 destitu\u00e9es&hellip;\n","protected":false},"author":2,"featured_media":588463,"comment_status":"","ping_status":"","sticky":false,"template":"","format":"standard","meta":{"footnotes":""},"categories":[8],"tags":[898,58,59,2414,107,1011,27,3034,973],"class_list":{"0":"post-588462","1":"post","2":"type-post","3":"status-publish","4":"format-standard","5":"has-post-thumbnail","7":"category-divertissement","8":"tag-alerte","9":"tag-divertissement","10":"tag-entertainment","11":"tag-fil-culture","12":"tag-fil-info","13":"tag-fr","14":"tag-france","15":"tag-miss-france","16":"tag-people"},"share_on_mastodon":{"url":"https:\/\/pubeurope.com\/@fr\/115689503161409802","error":""},"_links":{"self":[{"href":"https:\/\/www.europesays.com\/fr\/wp-json\/wp\/v2\/posts\/588462","targetHints":{"allow":["GET"]}}],"collection":[{"href":"https:\/\/www.europesays.com\/fr\/wp-json\/wp\/v2\/posts"}],"about":[{"href":"https:\/\/www.europesays.com\/fr\/wp-json\/wp\/v2\/types\/post"}],"author":[{"embeddable":true,"href":"https:\/\/www.europesays.com\/fr\/wp-json\/wp\/v2\/users\/2"}],"replies":[{"embeddable":true,"href":"https:\/\/www.europesays.com\/fr\/wp-json\/wp\/v2\/comments?post=588462"}],"version-history":[{"count":0,"href":"https:\/\/www.europesays.com\/fr\/wp-json\/wp\/v2\/posts\/588462\/revisions"}],"wp:featuredmedia":[{"embeddable":true,"href":"https:\/\/www.europesays.com\/fr\/wp-json\/wp\/v2\/media\/588463"}],"wp:attachment":[{"href":"https:\/\/www.europesays.com\/fr\/wp-json\/wp\/v2\/media?parent=588462"}],"wp:term":[{"taxonomy":"category","embeddable":true,"href":"https:\/\/www.europesays.com\/fr\/wp-json\/wp\/v2\/categories?post=588462"},{"taxonomy":"post_tag","embeddable":true,"href":"https:\/\/www.europesays.com\/fr\/wp-json\/wp\/v2\/tags?post=588462"}],"curies":[{"name":"wp","href":"https:\/\/api.w.org\/{rel}","templated":true}]}}