{"id":588468,"date":"2025-12-09T12:03:21","date_gmt":"2025-12-09T12:03:21","guid":{"rendered":"https:\/\/www.europesays.com\/fr\/588468\/"},"modified":"2025-12-09T12:03:21","modified_gmt":"2025-12-09T12:03:21","slug":"soixante-sept-journalistes-tues-en-un-an-pres-de-la-moitie-dans-la-bande-de-gaza-selon-rsf","status":"publish","type":"post","link":"https:\/\/www.europesays.com\/fr\/588468\/","title":{"rendered":"Soixante-sept journalistes tu\u00e9s en un an, pr\u00e8s de la moiti\u00e9 dans la bande de Gaza, selon RSF"},"content":{"rendered":"<p>\n    \u00abVoil\u00e0 o\u00f9 m\u00e8ne la haine des journalistes, voil\u00e0 o\u00f9 m\u00e8ne l\u2019impunit\u00e9\u00bb, a d\u00e9nonc\u00e9 la directrice \u00e9ditoriale de RSF, Anne Bocand\u00e9, aupr\u00e8s de l\u2019AFP. \u00abIl y a aujourd\u2019hui un vrai enjeu, c\u2019est que les gouvernements se r\u00e9investissent dans la question de la protection des journalistes\u00bb, ajoute-t-elle.<\/p>\n<p class=\"fig-paragraph\">Soixante-sept journalistes ont \u00e9t\u00e9 tu\u00e9s dans l&rsquo;exercice ou en raison de leur m\u00e9tier \u00e0 travers le monde en un an, dont pr\u00e8s de la moiti\u00e9 dans la bande de Gaza \u00absous le feu des forces arm\u00e9es isra\u00e9liennes\u00bb, accuse\u00a0<a href=\"http:\/\/www.lefigaro.fr\/actualite-france\/reporters-sans-frontieres-alerte-sur-la-presence-de-faux-sites-d-information-pro-kremlin-20251128\" data-fig-type=\"NewsFlash\" data-gtm-custom-categorie=\"navigation\" data-gtm-custom-action=\"crossclick\" data-gtm-custom-label=\"Contextuel\" data-gtm-event=\"customEventSPE\" data-fig-domain=\"LEFIGARO\" target=\"_blank\" rel=\"noopener\">Reporters sans fronti\u00e8res<\/a>\u00a0dans son bilan 2025 publi\u00e9 mardi. \u00abLe nombre de journalistes tu\u00e9s (du 1er d\u00e9cembre 2024 au 1er d\u00e9cembre 2025, NDLR) est reparti \u00e0 la hausse, du fait des pratiques criminelles de forces arm\u00e9es r\u00e9guli\u00e8res ou non et du crime organis\u00e9\u00bb, d\u00e9plore l&rsquo;organisation de d\u00e9fense de la libert\u00e9 de la presse, selon qui \u00ables journalistes ne meurent pas, ils sont tu\u00e9s\u00bb.<\/p>\n<p>                                            Plus de cinq cents journalistes d\u00e9tenus<\/p>\n<p class=\"fig-paragraph\">Six jours apr\u00e8s la condamnation du journaliste fran\u00e7ais\u00a0<a href=\"http:\/\/www.lefigaro.fr\/international\/christophe-gleizes-un-nouvel-obstacle-sur-le-chemin-chaotique-de-la-reconciliation-entre-paris-et-alger-20251205\" data-fig-type=\"Article\" data-gtm-custom-categorie=\"navigation\" data-gtm-custom-action=\"crossclick\" data-gtm-custom-label=\"Contextuel\" data-gtm-event=\"customEventSPE\" data-fig-domain=\"LEFIGARO\" target=\"_blank\" rel=\"noopener\">Christophe Gleizes<\/a>\u00a0\u00e0 sept ans de prison en appel en Alg\u00e9rie, pour apologie du terrorisme, RSF fait aussi \u00e9tat de 503 journalistes d\u00e9tenus \u00e0 ce jour dans 47 pays du monde (121 en Chine, 48 en Russie, 47 en Birmanie). L&rsquo;organisation compte aussi 135 journalistes disparus, dont certains depuis plus de 30 ans, et 20 journalistes otages, principalement en Syrie et au Y\u00e9men.<\/p>\n<p>                                            <a class=\"fig-a11y-skip\" href=\"#fig-a11y-skip-main-inarticle\" data-module=\"a11y-skip\" data-context=\"was @visible\"><br \/>\n    Passer la publicit\u00e9<br \/>\n<\/a>            <\/p>\n<p class=\"fig-paragraph\">Reporters sans fronti\u00e8res avait d\u00e9nombr\u00e9 49 journalistes tu\u00e9s en 2023, l&rsquo;un des chiffres les plus bas des vingt derni\u00e8res ann\u00e9es, mais la guerre men\u00e9e par Isra\u00ebl dans la bande de Gaza depuis les attaques meurtri\u00e8res du Hamas le 7 octobre 2023 a nourri une hausse de ce bilan en 2024 (66 tu\u00e9s selon un bilan r\u00e9actualis\u00e9) et 2025 (67).<\/p>\n<p>                                            \u00abDes cibles\u00bb<\/p>\n<p class=\"fig-paragraph\">\u00abVoil\u00e0 o\u00f9 m\u00e8ne la haine des journalistes, voil\u00e0 o\u00f9 m\u00e8ne l&rsquo;impunit\u00e9\u00bb, a d\u00e9nonc\u00e9 la directrice \u00e9ditoriale de RSF, Anne Bocand\u00e9, aupr\u00e8s de l&rsquo;AFP. \u00abIl y a aujourd&rsquo;hui un vrai enjeu, c&rsquo;est que les gouvernements se r\u00e9investissent dans la question de la protection des journalistes et ne fassent pas au contraire d&rsquo;eux des cibles\u00bb, ajoute-t-elle.<\/p>\n<p class=\"fig-paragraph\">Avec au moins 29 employ\u00e9s de m\u00e9dias tu\u00e9s ces douze derniers mois dans le territoire palestinien pendant qu&rsquo;ils exer\u00e7aient leur m\u00e9tier, et au moins 220 depuis octobre 2023 en comptant aussi ceux qui sont morts en dehors de leur activit\u00e9 professionnelle, \u00abl&rsquo;arm\u00e9e isra\u00e9lienne est le pire ennemi des journalistes\u00bb, accuse RSF.<\/p>\n<p>                                            \u00abPas des balles perdues\u00bb<\/p>\n<p class=\"fig-paragraph\">Alors que les journalistes doivent \u00eatre prot\u00e9g\u00e9s comme des civils sur les zones de conflit, l&rsquo;arm\u00e9e isra\u00e9lienne a \u00e9t\u00e9 accus\u00e9e \u00e0 plusieurs reprises de les viser d\u00e9lib\u00e9r\u00e9ment et a fait l&rsquo;objet de plaintes pour crimes de guerre \u00e0 ce sujet. Isra\u00ebl a r\u00e9pondu qu&rsquo;il frappait le mouvement islamiste Hamas, consid\u00e9r\u00e9 comme une organisation terroriste par les \u00c9tats-Unis et l&rsquo;Union europ\u00e9enne. Son arm\u00e9e avait notamment assum\u00e9 avoir cibl\u00e9 un c\u00e9l\u00e8bre correspondant d&rsquo;Al-Jazeera, Anas al-Sharif, tu\u00e9 parmi cinq autres professionnels lors d&rsquo;une frappe en ao\u00fbt, en le qualifiant de \u00abterroriste\u00bb qui \u00abse faisait passer pour un journaliste\u00bb.<\/p>\n<p class=\"fig-paragraph\">Des accusations sans preuves, avait r\u00e9torqu\u00e9 RSF \u00e0 l&rsquo;\u00e9poque. La directrice \u00e9ditoriale de RSF d\u00e9nonce la tendance \u00e0 \u00abd\u00e9nigrer\u00bb des journalistes pour \u00abjustifier les crimes\u00bb. \u00abIl ne s&rsquo;agit pas de balles perdues. C&rsquo;est v\u00e9ritablement du ciblage de journalistes parce qu&rsquo;ils informent le monde de ce qui se passe sur ces terrains-l\u00e0\u00bb, explique-t-elle. Reporters sans fronti\u00e8res d\u00e9plore aussi \u00abl&rsquo;ann\u00e9e la plus meurtri\u00e8re au Mexique depuis au moins trois ans\u00bb, avec neuf journalistes tu\u00e9s, \u00abmalgr\u00e9 les engagements\u00bb pris par la pr\u00e9sidente de gauche \u00e9lue en 2024 Claudia Sheinbaum.<\/p>\n<p>                                            <a class=\"fig-a11y-skip\" href=\"#fig-a11y-skip-main-inarticle_mtf\" data-module=\"a11y-skip\" data-context=\"was @visible\"><br \/>\n    Passer la publicit\u00e9<br \/>\n<\/a>            <\/p>\n<p class=\"fig-paragraph\">Les victimes \u00abcouvraient l&rsquo;actualit\u00e9 locale, d\u00e9non\u00e7aient le crime organis\u00e9 ou ses liens avec les politiques et avaient re\u00e7u des menaces de mort explicites\u00bb, explique l&rsquo;organisation. L&rsquo;Ukraine (trois journalistes tu\u00e9s dont le photoreporter fran\u00e7ais Antoni Lallican), et le Soudan (quatre journalistes tu\u00e9s) sont les autres pays au bilan le plus meurtrier selon RSF. D&rsquo;autres organisations ont des bilans diff\u00e9rents en raison de m\u00e9thodes de calcul qui varient. Sur son site internet, l&rsquo;Unesco d\u00e9nombre ainsi 91 journalistes tu\u00e9s \u00e0 ce jour dans le monde en 2025.<\/p>\n","protected":false},"excerpt":{"rendered":"\u00abVoil\u00e0 o\u00f9 m\u00e8ne la haine des journalistes, voil\u00e0 o\u00f9 m\u00e8ne l\u2019impunit\u00e9\u00bb, a d\u00e9nonc\u00e9 la directrice \u00e9ditoriale de RSF,&hellip;\n","protected":false},"author":2,"featured_media":588469,"comment_status":"","ping_status":"","sticky":false,"template":"","format":"standard","meta":{"footnotes":""},"categories":[5],"tags":[11,1011,27,14,9877,2957,12,56751,28],"class_list":{"0":"post-588468","1":"post","2":"type-post","3":"status-publish","4":"format-standard","5":"has-post-thumbnail","7":"category-international","8":"tag-actualites","9":"tag-fr","10":"tag-france","11":"tag-international","12":"tag-journalisme","13":"tag-journaliste","14":"tag-news","15":"tag-rsf","16":"tag-world"},"share_on_mastodon":{"url":"https:\/\/pubeurope.com\/@fr\/115689514923174177","error":""},"_links":{"self":[{"href":"https:\/\/www.europesays.com\/fr\/wp-json\/wp\/v2\/posts\/588468","targetHints":{"allow":["GET"]}}],"collection":[{"href":"https:\/\/www.europesays.com\/fr\/wp-json\/wp\/v2\/posts"}],"about":[{"href":"https:\/\/www.europesays.com\/fr\/wp-json\/wp\/v2\/types\/post"}],"author":[{"embeddable":true,"href":"https:\/\/www.europesays.com\/fr\/wp-json\/wp\/v2\/users\/2"}],"replies":[{"embeddable":true,"href":"https:\/\/www.europesays.com\/fr\/wp-json\/wp\/v2\/comments?post=588468"}],"version-history":[{"count":0,"href":"https:\/\/www.europesays.com\/fr\/wp-json\/wp\/v2\/posts\/588468\/revisions"}],"wp:featuredmedia":[{"embeddable":true,"href":"https:\/\/www.europesays.com\/fr\/wp-json\/wp\/v2\/media\/588469"}],"wp:attachment":[{"href":"https:\/\/www.europesays.com\/fr\/wp-json\/wp\/v2\/media?parent=588468"}],"wp:term":[{"taxonomy":"category","embeddable":true,"href":"https:\/\/www.europesays.com\/fr\/wp-json\/wp\/v2\/categories?post=588468"},{"taxonomy":"post_tag","embeddable":true,"href":"https:\/\/www.europesays.com\/fr\/wp-json\/wp\/v2\/tags?post=588468"}],"curies":[{"name":"wp","href":"https:\/\/api.w.org\/{rel}","templated":true}]}}