{"id":588473,"date":"2025-12-09T12:06:12","date_gmt":"2025-12-09T12:06:12","guid":{"rendered":"https:\/\/www.europesays.com\/fr\/588473\/"},"modified":"2025-12-09T12:06:12","modified_gmt":"2025-12-09T12:06:12","slug":"saint-etienne-agresse-a-la-barre-de-fer-apres-une-altercation-en-voiture","status":"publish","type":"post","link":"https:\/\/www.europesays.com\/fr\/588473\/","title":{"rendered":"Saint-\u00c9tienne : agress\u00e9 \u00e0 la barre de fer apr\u00e8s une altercation en voiture"},"content":{"rendered":"<p>Le 19 novembre dernier \u00e0 Saint-\u00c9tienne, dans le quartier de M\u00e9ons, une altercation entre automobilistes a d\u00e9g\u00e9n\u00e9r\u00e9.<\/p>\n<p>Un homme de 45 ans se fait couper la route par un conducteur de 34 ans. Le ton monte rapidement. Le plus jeune bloque alors le v\u00e9hicule de la victime avec sa camionnette.<\/p>\n<p>Il tente d\u2019abord de lui porter des coups de poing \u00e0 travers la fen\u00eatre, avant de descendre muni d\u2019une barre de fer avec laquelle il frappe l\u2019automobiliste. Celui-ci s\u2019en sort avec 5 jours d\u2019ITT.<\/p>\n<p>La brigade des atteintes aux personnes a \u00e9t\u00e9 charg\u00e9e de l\u2019enqu\u00eate et est parvenue \u00e0 identifier l\u2019auteur pr\u00e9sum\u00e9. Convoqu\u00e9 le 8 d\u00e9cembre, il a tent\u00e9 de minimiser les faits. Il sera prochainement pr\u00e9sent\u00e9 devant la justice pour violences avec arme ayant entra\u00een\u00e9 une incapacit\u00e9 totale de travail inf\u00e9rieure \u00e0 8 jours.<br \/>C. Ercilla<\/p>\n","protected":false},"excerpt":{"rendered":"Le 19 novembre dernier \u00e0 Saint-\u00c9tienne, dans le quartier de M\u00e9ons, une altercation entre automobilistes a d\u00e9g\u00e9n\u00e9r\u00e9. Un&hellip;\n","protected":false},"author":2,"featured_media":588474,"comment_status":"","ping_status":"","sticky":false,"template":"","format":"standard","meta":{"footnotes":""},"categories":[9653],"tags":[1111,11,2430,1777,674,1011,27,12,25,4001],"class_list":{"0":"post-588473","1":"post","2":"type-post","3":"status-publish","4":"format-standard","5":"has-post-thumbnail","7":"category-saint-etienne","8":"tag-actu","9":"tag-actualites","10":"tag-auvergne-rhone-alpes","11":"tag-eu","12":"tag-europe","13":"tag-fr","14":"tag-france","15":"tag-news","16":"tag-republique-francaise","17":"tag-saint-etienne"},"share_on_mastodon":{"url":"https:\/\/pubeurope.com\/@fr\/115689526614608518","error":""},"_links":{"self":[{"href":"https:\/\/www.europesays.com\/fr\/wp-json\/wp\/v2\/posts\/588473","targetHints":{"allow":["GET"]}}],"collection":[{"href":"https:\/\/www.europesays.com\/fr\/wp-json\/wp\/v2\/posts"}],"about":[{"href":"https:\/\/www.europesays.com\/fr\/wp-json\/wp\/v2\/types\/post"}],"author":[{"embeddable":true,"href":"https:\/\/www.europesays.com\/fr\/wp-json\/wp\/v2\/users\/2"}],"replies":[{"embeddable":true,"href":"https:\/\/www.europesays.com\/fr\/wp-json\/wp\/v2\/comments?post=588473"}],"version-history":[{"count":0,"href":"https:\/\/www.europesays.com\/fr\/wp-json\/wp\/v2\/posts\/588473\/revisions"}],"wp:featuredmedia":[{"embeddable":true,"href":"https:\/\/www.europesays.com\/fr\/wp-json\/wp\/v2\/media\/588474"}],"wp:attachment":[{"href":"https:\/\/www.europesays.com\/fr\/wp-json\/wp\/v2\/media?parent=588473"}],"wp:term":[{"taxonomy":"category","embeddable":true,"href":"https:\/\/www.europesays.com\/fr\/wp-json\/wp\/v2\/categories?post=588473"},{"taxonomy":"post_tag","embeddable":true,"href":"https:\/\/www.europesays.com\/fr\/wp-json\/wp\/v2\/tags?post=588473"}],"curies":[{"name":"wp","href":"https:\/\/api.w.org\/{rel}","templated":true}]}}