{"id":588475,"date":"2025-12-09T12:08:18","date_gmt":"2025-12-09T12:08:18","guid":{"rendered":"https:\/\/www.europesays.com\/fr\/588475\/"},"modified":"2025-12-09T12:08:18","modified_gmt":"2025-12-09T12:08:18","slug":"marc-chassaubene-sefface-au-profit-de-jean-pierre-berger","status":"publish","type":"post","link":"https:\/\/www.europesays.com\/fr\/588475\/","title":{"rendered":"Marc Chassaub\u00e9n\u00e9 s\u2019efface au profit de Jean-Pierre Berger"},"content":{"rendered":"<p>L\u2019\u00e9lection du maire de Saint-\u00c9tienne jeudi promettait d\u2019\u00eatre mouvement\u00e9e. Finalement, la majorit\u00e9 divis\u00e9e a r\u00e9ussi \u00e0 recoller les morceaux, \u00e9vitant sans doute de pr\u00e9senter un triste spectacle aux St\u00e9phanois.<\/p>\n<p>Dans un communiqu\u00e9, la Ville a indiqu\u00e9 que Jean-Pierre Berger, le premier adjoint et Marc Chassaub\u00e9n\u00e9, adjoint \u00e0 la culture, avaient r\u00e9uni lundi en fin d\u2019apr\u00e8s-midi les \u00e9lus de la majorit\u00e9 municipale pour \u00ab\u00a0confirmer qu\u2019une solution constructive et raisonnable avait \u00e9t\u00e9 trouv\u00e9e\u00a0\u00bb.<\/p>\n<p>Cette solution \u00ab\u00a0raisonnable\u00a0\u00bb, c\u2019est la candidature de Jean-Pierre Berger au poste de maire.<\/p>\n<p>  \u00ab R\u00e9pondre \u00e0 un souci d\u2019apaisement \u00bb<\/p>\n<p>Lundi dernier, selon les recommandations du maire condamn\u00e9 <a href=\"https:\/\/www.leprogres.fr\/p\/gael-perdriau\" target=\"_blank\" rel=\"noopener\">Ga\u00ebl Perdriau<\/a>, <a href=\"https:\/\/www.leprogres.fr\/politique\/2025\/12\/02\/quel-successeur-a-gael-perdriau-dans-la-majorite-la-guerre-est-ouverte\" target=\"_blank\" rel=\"noopener\">un vote des \u00e9lus de la majorit\u00e9 municipale avait pourtant d\u00e9sign\u00e9 Marc Chassaub\u00e9n\u00e9,<\/a> adjoint au maire charg\u00e9 de la culture, pour \u00eatre le candidat de la majorit\u00e9. Mais ce vote avait \u00e9t\u00e9 serr\u00e9 puisque Marc Chassaub\u00e9n\u00e9 avait re\u00e7u 17 voix (dont celle de l\u2019ancien maire) et Jean-Pierre Berger, quinze voix.<\/p>\n<p>Le premier adjoint battu \u00e9tait-il pour autant abattu\u00a0? Pas s\u00fbr, car il avait, \u00e0 ses c\u00f4t\u00e9s, douze \u00e9lus appelant \u00e0 voter pour lui, laissant appara\u00eetre une v\u00e9ritable guerre ouverte dans la majorit\u00e9.<\/p>\n<p>\u00ab\u00a0Malgr\u00e9 ce vote et pour r\u00e9pondre \u00e0 un souci d\u2019apaisement, d\u2019unit\u00e9, de dialogue, de coh\u00e9sion, et dans l\u2019int\u00e9r\u00eat de la ville de Saint-Etienne et de la vie municipale, Marc Chassaub\u00e9n\u00e9, a propos\u00e9 \u00e0 Jean-Pierre Berger qu\u2019il soit le candidat de la majorit\u00e9 municipale, \u00e0 la fonction de maire, jeudi prochain\u00a0\u00bb, annonce le communiqu\u00e9 de la Ville.<\/p>\n<p>Lors de la r\u00e9union de la majorit\u00e9 municipale lundi, Jean-Pierre Berger a donc indiqu\u00e9 qu\u2019il serait bien candidat. Il pr\u00e9sentera jeudi une liste d\u2019adjoint et Marc Chassaub\u00e9n\u00e9 serait son premier adjoint. La hache de guerre est enterr\u00e9e\u00a0?<\/p>\n","protected":false},"excerpt":{"rendered":"L\u2019\u00e9lection du maire de Saint-\u00c9tienne jeudi promettait d\u2019\u00eatre mouvement\u00e9e. Finalement, la majorit\u00e9 divis\u00e9e a r\u00e9ussi \u00e0 recoller les&hellip;\n","protected":false},"author":2,"featured_media":588476,"comment_status":"","ping_status":"","sticky":false,"template":"","format":"standard","meta":{"footnotes":""},"categories":[9653],"tags":[1111,11,42797,2430,1984,7539,1777,674,107,1011,27,3367,12,316,25,4001,7538],"class_list":{"0":"post-588475","1":"post","2":"type-post","3":"status-publish","4":"format-standard","5":"has-post-thumbnail","7":"category-saint-etienne","8":"tag-actu","9":"tag-actualites","10":"tag-affaire-perdriau","11":"tag-auvergne-rhone-alpes","12":"tag-conseil-municipal","13":"tag-edition-loire-sud","14":"tag-eu","15":"tag-europe","16":"tag-fil-info","17":"tag-fr","18":"tag-france","19":"tag-loire","20":"tag-news","21":"tag-politique","22":"tag-republique-francaise","23":"tag-saint-etienne","24":"tag-saint-etienne-ville"},"share_on_mastodon":{"url":"https:\/\/pubeurope.com\/@fr\/115689534607622959","error":""},"_links":{"self":[{"href":"https:\/\/www.europesays.com\/fr\/wp-json\/wp\/v2\/posts\/588475","targetHints":{"allow":["GET"]}}],"collection":[{"href":"https:\/\/www.europesays.com\/fr\/wp-json\/wp\/v2\/posts"}],"about":[{"href":"https:\/\/www.europesays.com\/fr\/wp-json\/wp\/v2\/types\/post"}],"author":[{"embeddable":true,"href":"https:\/\/www.europesays.com\/fr\/wp-json\/wp\/v2\/users\/2"}],"replies":[{"embeddable":true,"href":"https:\/\/www.europesays.com\/fr\/wp-json\/wp\/v2\/comments?post=588475"}],"version-history":[{"count":0,"href":"https:\/\/www.europesays.com\/fr\/wp-json\/wp\/v2\/posts\/588475\/revisions"}],"wp:featuredmedia":[{"embeddable":true,"href":"https:\/\/www.europesays.com\/fr\/wp-json\/wp\/v2\/media\/588476"}],"wp:attachment":[{"href":"https:\/\/www.europesays.com\/fr\/wp-json\/wp\/v2\/media?parent=588475"}],"wp:term":[{"taxonomy":"category","embeddable":true,"href":"https:\/\/www.europesays.com\/fr\/wp-json\/wp\/v2\/categories?post=588475"},{"taxonomy":"post_tag","embeddable":true,"href":"https:\/\/www.europesays.com\/fr\/wp-json\/wp\/v2\/tags?post=588475"}],"curies":[{"name":"wp","href":"https:\/\/api.w.org\/{rel}","templated":true}]}}