{"id":588492,"date":"2025-12-09T12:17:16","date_gmt":"2025-12-09T12:17:16","guid":{"rendered":"https:\/\/www.europesays.com\/fr\/588492\/"},"modified":"2025-12-09T12:17:16","modified_gmt":"2025-12-09T12:17:16","slug":"la-bibliotheque-chantal-mauduit-rouvre-dans-un-lieu-provisoire","status":"publish","type":"post","link":"https:\/\/www.europesays.com\/fr\/588492\/","title":{"rendered":"La biblioth\u00e8que Chantal-Mauduit rouvre dans un lieu provisoire"},"content":{"rendered":"<p>\t\t\t\t\tEN BREF \u2013 Dix mois apr\u00e8s l\u2019incendie cri\u00admi\u00adnel qui l\u2019a rava\u00adg\u00e9e, la biblio\u00adth\u00e8que Chantal-Mauduit rouvre au public le mardi 9 d\u00e9cembre 2025 dans un lieu tem\u00adpo\u00adraire situ\u00e9 \u00e0 proxi\u00admit\u00e9 imm\u00e9\u00addiate du site sinis\u00adtr\u00e9. Cette r\u00e9ou\u00adver\u00adture vise \u00e0 main\u00adte\u00adnir la pr\u00e9\u00adsence d\u2019une offre cultu\u00adrelle et spor\u00adtive dans les quar\u00adtiers des Eaux-Claire, Abry et Mistral, en atten\u00addant la recons\u00adtruc\u00adtion du b\u00e2ti\u00adment d\u2019origine qui pour\u00adrait prendre quatre ans.<\/p>\n<p>Dans la nuit du 18 au 19 f\u00e9vrier 2025, <a href=\"https:\/\/www.placegrenet.fr\/2025\/02\/19\/grenoble-la-bibliotheque-chantal-mauduit-entierement-ravagee-par-un-incendie-apres-une-attaque-a-la-voiture-belier-en-feu\/646601\" target=\"_blank\" rel=\"noopener\">un incen\u00addie volon\u00adtaire<\/a> avait ravag\u00e9 l\u2019essentiel de la biblio\u00adth\u00e8que Chantal-Mauduit, inau\u00adgu\u00adr\u00e9e seule\u00adment <a href=\"https:\/\/www.placegrenet.fr\/2024\/12\/16\/linauguration-de-lequipement-sport-et-culture-chantal-mauduit-de-grenoble-perturbee-par-des-agents-des-bibliotheques\/642599\" target=\"_blank\" rel=\"noopener\">quelques mois plus t\u00f4t<\/a>. La <a href=\"https:\/\/www.grenoble.fr\/\" target=\"_blank\" rel=\"noopener\">Ville de Grenoble<\/a> <a href=\"https:\/\/www.placegrenet.fr\/2025\/03\/21\/bibliotheque-chantal-mauduit-incendiee-nous-rouvrirons-assure-la-ville-de-grenoble-qui-annonce-des-solutions-a-court-terme\/648910\" target=\"_blank\" rel=\"noopener\">s\u2019\u00e9tait alors enga\u00adg\u00e9e,<\/a> d\u00e8s les jours sui\u00advants, \u00e0 garan\u00adtir la conti\u00adnuit\u00e9 de l\u2019offre cultu\u00adrelle et spor\u00adtive.\u00a0La r\u00e9ou\u00adver\u00adture, le 9 d\u00e9cembre 2025, de l\u2019\u00e9\u00adqui\u00adpe\u00adment \u00ab\u00a0sport et culture\u00a0\u00bb dans un lieu tran\u00adsi\u00adtoire marque une nou\u00advelle\u00a0\u00e9tape.<\/p>\n<p>Cette r\u00e9ins\u00adtal\u00adla\u00adtion inter\u00advient apr\u00e8s plu\u00adsieurs mois d\u2019offre \u00ab\u00a0hors les murs\u00a0\u00bb, notam\u00adment via un biblio\u00adbus mobi\u00adlis\u00e9 d\u00e8s le prin\u00adtemps 2025 dans les quar\u00adtiers Eaux-Claires, Abry et Mistral, afin de main\u00adte\u00adnir l\u2019acc\u00e8s aux livres et aux animations.<\/p>\n<p><a href=\"https:\/\/www.europesays.com\/fr\/wp-content\/uploads\/2025\/12\/lieu-temporaire-bib.-chantal-mauduit-copyright-mathieu-nigay-ville-de-grenoble-scaled.jpg\"><img fetchpriority=\"high\" decoding=\"async\" aria-describedby=\"caption-attachment-666607\" class=\"wp-image-666607 size-full\" src=\"data:image\/svg+xml,%3Csvg%20xmlns=\" http:=\"\" alt=\"La biblioth\u00e8que temporaire offre un espaces enti\u00e8rement r\u00e9am\u00e9nag\u00e9 de 175 m2. \u00a9 Ville de Grenoble\" width=\"2048\" height=\"1536\" data-lazy- data-lazy- data-lazy-src=\"https:\/\/www.europesays.com\/fr\/wp-content\/uploads\/2025\/12\/lieu-temporaire-bib.-chantal-mauduit-copyright-mathieu-nigay-ville-de-grenoble-scaled.jpg\"\/><\/a><\/p>\n<p id=\"caption-attachment-666607\" class=\"wp-caption-text\">La biblio\u00adth\u00e8que tem\u00adpo\u00adraire offre un espaces enti\u00e8\u00adre\u00adment r\u00e9am\u00e9\u00adnag\u00e9 de 175\u00a0m\u00b2. \u00a9 Ville de Grenoble<\/p>\n<p>La recherche de locaux pro\u00advi\u00adsoires a per\u00admis d\u2019installer la biblio\u00adth\u00e8que tem\u00adpo\u00adraire et le dojo dans deux locaux situ\u00e9s en pied d\u2019immeuble, reli\u00e9s par une pla\u00adcette proche de l\u2019angle de l\u2019avenue Rhin-et-Danube et de la rue Anatole-France. Install\u00e9e sur un espace de 175\u00a0m\u00b2 enti\u00e8\u00adre\u00adment r\u00e9am\u00e9\u00adnag\u00e9, la biblio\u00adth\u00e8que tem\u00adpo\u00adraire se pr\u00e9\u00adsente comme un espace \u00ab\u00a0cha\u00adleu\u00adreux, accueillant et convi\u00advial\u00a0\u00bb pens\u00e9 pour offrir aux habi\u00adtants \u00ab\u00a0un lieu de ren\u00adcontres, de d\u00e9cou\u00advertes et de lec\u00adtures\u00a0\u00bb, affirme la\u00a0Ville.<\/p>\n<p>\u00c0 leur dis\u00adpo\u00adsi\u00adtion, plus de 16 000 docu\u00adments \u2013 livres, BD, man\u00adgas, jeux, presse et DVD \u2013 parmi les\u00adquels figure notam\u00adment une par\u00adtie des col\u00adlec\u00adtions sau\u00adv\u00e9es apr\u00e8s l\u2019incendie et d\u00e9con\u00adta\u00admi\u00adn\u00e9e. La recons\u00adtruc\u00adtion du b\u00e2ti\u00adment ini\u00adtial de la biblio\u00adth\u00e8que n\u00e9ces\u00adsi\u00adtera, quant \u00e0 elle, trois \u00e0 quatre ann\u00e9es de travaux.<\/p>\n<p>Un inves\u00adtis\u00adse\u00adment de 550 000\u00a0euros dont 75 000 finan\u00adc\u00e9s par l\u2019\u00c9tat<\/p>\n<p>Pour les usa\u00adgers de la biblio\u00adth\u00e8que tem\u00adpo\u00adraire, tout est pr\u00e9vu. Un ser\u00advice de r\u00e9ser\u00adva\u00adtion et de mise \u00e0 dis\u00adpo\u00adsi\u00adtion leur per\u00admet d\u2019acc\u00e9der \u00e0 l\u2019ensemble du fonds, tan\u00addis qu\u2019un r\u00e9as\u00adsort r\u00e9gu\u00adlier vient com\u00adpl\u00e9\u00adter l\u2019offre. La muni\u00adci\u00adpa\u00adlit\u00e9 rap\u00adpelle en outre que celle-ci reste des\u00adti\u00adn\u00e9e \u00ab\u00a0\u00e0 toutes et tous, adultes, ados et familles\u00a0\u00bb et s\u2019inscrit dans un pro\u00adjet asso\u00adci\u00e9 au sport, fid\u00e8le \u00e0 l\u2019identit\u00e9 du lieu d\u2019origine.<\/p>\n<p><img loading=\"lazy\" decoding=\"async\" aria-describedby=\"caption-attachment-646602\" class=\"wp-image-646602 size-full\" src=\"data:image\/svg+xml,%3Csvg%20xmlns=\" http:=\"\" alt=\"Dans la nuit du 18 au 19 f\u00e9vrier 2025, un incendie volontaire avait ravag\u00e9 l\u2019essentiel de la biblioth\u00e8que Chantal-Mauduit, inaugur\u00e9e seulement quelques mois plus t\u00f4t. \u00a9 Place Gre'net\" width=\"1500\" height=\"1125\" data-lazy- data-lazy- data-lazy-src=\"https:\/\/www.europesays.com\/fr\/wp-content\/uploads\/2025\/12\/IncendieChantalMauduitCreditJoelKermabon-1.jpg\"\/><\/p>\n<p id=\"caption-attachment-646602\" class=\"wp-caption-text\">Dans la nuit du 18 au 19 f\u00e9vrier 2025, un incen\u00addie volon\u00adtaire avait ravag\u00e9 l\u2019essentiel de la biblio\u00adth\u00e8que Chantal-Mauduit, inau\u00adgu\u00adr\u00e9e seule\u00adment quelques mois plus t\u00f4t. \u00a9 Place Gre\u2019net<\/p>\n<p>C\u00f4t\u00e9 sport, pour faire face \u00e0 l\u2019indisponibilit\u00e9 du dojo d\u00e9truit lors de l\u2019in\u00adcen\u00addie, un espace pro\u00advi\u00adsoire ouvrira en f\u00e9vrier 2026 \u00e0 l\u2019angle de l\u2019avenue Rhin-et-Danube. Dans l\u2019intervalle, les clubs de judo et de taek\u00adwondo b\u00e9n\u00e9\u00adfi\u00adcie\u00adront d\u2019un accueil tran\u00adsi\u00adtoire \u00e0 la Maison de l\u2019enfance Bachelard. Ce der\u00adnier h\u00e9berge \u00e9ga\u00adle\u00adment un point-relais lec\u00adture avec plus de 900 ouvrages issus des col\u00adlec\u00adtions de Chantal-Mauduit.<\/p>\n<p>L\u2019ensemble des tra\u00advaux d\u2019am\u00e9nagement repr\u00e9\u00adsente un inves\u00adtis\u00adse\u00adment de pr\u00e8s de 550 000\u00a0euros, dont plus de 75 000 finan\u00adc\u00e9s par l\u2019\u00c9tat au titre de la Dotation g\u00e9n\u00e9\u00adrale de d\u00e9centralisation.<\/p>\n","protected":false},"excerpt":{"rendered":"EN BREF \u2013 Dix mois apr\u00e8s l\u2019incendie cri\u00admi\u00adnel qui l\u2019a rava\u00adg\u00e9e, la biblio\u00adth\u00e8que Chantal-Mauduit rouvre au public le&hellip;\n","protected":false},"author":2,"featured_media":588493,"comment_status":"","ping_status":"","sticky":false,"template":"","format":"standard","meta":{"footnotes":""},"categories":[9566],"tags":[1111,11,2430,1777,674,1011,27,2731,12,25],"class_list":{"0":"post-588492","1":"post","2":"type-post","3":"status-publish","4":"format-standard","5":"has-post-thumbnail","7":"category-grenoble","8":"tag-actu","9":"tag-actualites","10":"tag-auvergne-rhone-alpes","11":"tag-eu","12":"tag-europe","13":"tag-fr","14":"tag-france","15":"tag-grenoble","16":"tag-news","17":"tag-republique-francaise"},"share_on_mastodon":{"url":"https:\/\/pubeurope.com\/@fr\/115689570091150533","error":""},"_links":{"self":[{"href":"https:\/\/www.europesays.com\/fr\/wp-json\/wp\/v2\/posts\/588492","targetHints":{"allow":["GET"]}}],"collection":[{"href":"https:\/\/www.europesays.com\/fr\/wp-json\/wp\/v2\/posts"}],"about":[{"href":"https:\/\/www.europesays.com\/fr\/wp-json\/wp\/v2\/types\/post"}],"author":[{"embeddable":true,"href":"https:\/\/www.europesays.com\/fr\/wp-json\/wp\/v2\/users\/2"}],"replies":[{"embeddable":true,"href":"https:\/\/www.europesays.com\/fr\/wp-json\/wp\/v2\/comments?post=588492"}],"version-history":[{"count":0,"href":"https:\/\/www.europesays.com\/fr\/wp-json\/wp\/v2\/posts\/588492\/revisions"}],"wp:featuredmedia":[{"embeddable":true,"href":"https:\/\/www.europesays.com\/fr\/wp-json\/wp\/v2\/media\/588493"}],"wp:attachment":[{"href":"https:\/\/www.europesays.com\/fr\/wp-json\/wp\/v2\/media?parent=588492"}],"wp:term":[{"taxonomy":"category","embeddable":true,"href":"https:\/\/www.europesays.com\/fr\/wp-json\/wp\/v2\/categories?post=588492"},{"taxonomy":"post_tag","embeddable":true,"href":"https:\/\/www.europesays.com\/fr\/wp-json\/wp\/v2\/tags?post=588492"}],"curies":[{"name":"wp","href":"https:\/\/api.w.org\/{rel}","templated":true}]}}