{"id":588494,"date":"2025-12-09T12:18:18","date_gmt":"2025-12-09T12:18:18","guid":{"rendered":"https:\/\/www.europesays.com\/fr\/588494\/"},"modified":"2025-12-09T12:18:18","modified_gmt":"2025-12-09T12:18:18","slug":"video-walt-disney-pensait-utiliser-un-lapin-a-grenoble-une-exposition-aux-origines-de-mickey-mouse","status":"publish","type":"post","link":"https:\/\/www.europesays.com\/fr\/588494\/","title":{"rendered":"VID\u00c9O &#8211; \u00ab\u00a0Walt Disney pensait utiliser un lapin\u00a0\u00bb : \u00e0 Grenoble, une exposition aux origines de Mickey Mouse"},"content":{"rendered":"<p>Mickey Mouse est mis \u00e0 l&rsquo;honneur dans la biblioth\u00e8que des \u00e9ditions Gl\u00e9nat \u00e0 Grenoble. Le petit personnage imagin\u00e9 par Walt Disney est au c\u0153ur d&rsquo;une exposition qui retrace les d\u00e9buts de la BD et du merchandising, \u00e0 voir jusqu&rsquo;au 18 avril 2026 au couvent Sainte-C\u00e9cile.<\/p>\n<p>C&rsquo;est un personnage universel qui f\u00eatera bient\u00f4t ses 100 ans. Mickey, la souris embl\u00e9matique invent\u00e9e par Walt Disney dans les ann\u00e9es 1930, est devenue une ic\u00f4ne mondiale de la bande dessin\u00e9e et du cin\u00e9ma d&rsquo;animation. Ses aventures face \u00e0 Pat Hibulaire, son ennemi n\u00b01, ont fait rire aux \u00e9clats des g\u00e9n\u00e9rations d\u2019enfants devenus grands, comme Jacques Gl\u00e9nat.<\/p>\n<p>\u00ab\u00a0Ma grand-m\u00e8re m&rsquo;avait abonn\u00e9 au journal de Mickey, j&rsquo;ai commenc\u00e9 avec \u00e7a. On garde cette id\u00e9e de la lecture d&rsquo;enfance toute sa vie, c&rsquo;est un confort intellectuel de se rappeler de tout \u00e7a et de vivre encore dans ce bonheur\u00a0\u00bb, sourit l&rsquo;\u00e9diteur grenoblois.<\/p>\n<p> <img decoding=\"async\" src=\"https:\/\/www.europesays.com\/fr\/wp-content\/uploads\/2025\/12\/1765282695_473_1280\" alt=\"illustration agrandir l'image\" style=\"--_image-preview:url('data:image\/jpeg;base64,\/9j\/2wBDACgcHiMeGSgjISMtKygwPGRBPDc3PHtYXUlkkYCZlo+AjIqgtObDoKrarYqMyP\/L2u71\/\/\/\/m8H\/\/\/\/6\/+b9\/\/j\/2wBDASstLTw1PHZBQXb4pYyl+Pj4+Pj4+Pj4+Pj4+Pj4+Pj4+Pj4+Pj4+Pj4+Pj4+Pj4+Pj4+Pj4+Pj4+Pj4+Pj4+Pj\/wAARCAAXACoDASIAAhEBAxEB\/8QAGAAAAwEBAAAAAAAAAAAAAAAAAAEDAgT\/xAAXEAEBAQEAAAAAAAAAAAAAAAAAAREC\/8QAFgEBAQEAAAAAAAAAAAAAAAAAAQAC\/8QAFREBAQAAAAAAAAAAAAAAAAAAAAH\/2gAMAwEAAhEDEQA\/AHKepynrRb1jqnrPVQS7SU7qWhOiVqUBQjStAIR7qQAT\/9k=');\" loading=\"lazy\" fetchpriority=\"low\" class=\"svelte-1cksh76 rounded\" onload=\"this.__e=event\" onerror=\"this.__e=event\"\/> Pat Hibulaire, l&rsquo;ennemi n\u00b01 de Mickey, ici dans un film d&rsquo;animation. \u00a9 France T\u00e9l\u00e9visions &#8211; Yves-Marie Glo  <\/p>\n<p>Mickey est d&rsquo;abord n\u00e9 sur grand \u00e9cran et non pas sur papier. Dans la t\u00eate de Walt Disney, ce n&rsquo;\u00e9tait pas une souris. \u00ab\u00a0Walt Disney pensait utiliser un lapin. Puis un m\u00e9chant agent new-yorkais, qui lui a piqu\u00e9 l&rsquo;id\u00e9e du lapin, a entra\u00een\u00e9 Walt Disney \u00e0 dire\u00a0: &lsquo;Bon, tant pis, je vais faire une souris.&rsquo; L&rsquo;histoire lui a donn\u00e9 raison\u00a0\u00bb, rembobine Jacques Gl\u00e9nat.<\/p>\n<p><a href=\"https:\/\/www.youtube.com\/watch?v=0oRvE_-TmnM\" target=\"_blank\" rel=\"noopener noreferrer\" class=\"Youtube svelte-isxgy6\" style=\"background-image: url(https:\/\/i.ytimg.com\/vi\/0oRvE_-TmnM\/sddefault.jpg);\"><\/p>\n<p>A Grenoble, une exposition aux origines de Mickey Mouse<\/p>\n<p> <\/a> Des planches tr\u00e8s rares<\/p>\n<p>Rapidement, la presse r\u00e9clame ses aventures quotidiennes de Mickey\u00a0: des Daily Strips, quatre cases publi\u00e9es en derni\u00e8re page. Elles tiendront le lecteur en haleine durant toute la semaine. C&rsquo;est le g\u00e9nie du dessinateur Floyd Godfredson qui a croqu\u00e9 les aventures de la souris durant 40 ans.<\/p>\n<p> <img decoding=\"async\" src=\"https:\/\/www.europesays.com\/fr\/wp-content\/uploads\/2025\/12\/1765282697_420_1280\" alt=\"illustration agrandir l'image\" style=\"--_image-preview:url('data:image\/jpeg;base64,\/9j\/2wBDACgcHiMeGSgjISMtKygwPGRBPDc3PHtYXUlkkYCZlo+AjIqgtObDoKrarYqMyP\/L2u71\/\/\/\/m8H\/\/\/\/6\/+b9\/\/j\/2wBDASstLTw1PHZBQXb4pYyl+Pj4+Pj4+Pj4+Pj4+Pj4+Pj4+Pj4+Pj4+Pj4+Pj4+Pj4+Pj4+Pj4+Pj4+Pj4+Pj4+Pj\/wAARCAAXACoDASIAAhEBAxEB\/8QAGAABAQEBAQAAAAAAAAAAAAAAAgABAwT\/xAAWEAEBAQAAAAAAAAAAAAAAAAAAAQL\/xAAWAQEBAQAAAAAAAAAAAAAAAAABAAL\/xAAUEQEAAAAAAAAAAAAAAAAAAAAA\/9oADAMBAAIRAxEAPwDi1iYbQ0hqQaAtCQ9CSBG0bUiAopJP\/9k=');\" loading=\"lazy\" fetchpriority=\"low\" class=\"svelte-1cksh76 rounded\" onload=\"this.__e=event\" onerror=\"this.__e=event\"\/> Des planches rares de Mickey sont expos\u00e9es au couvent Sainte-C\u00e9cile de Grenoble. \u00a9 France T\u00e9l\u00e9visions &#8211; Yves-Marie Glo  <\/p>\n<p>\u00ab\u00a0Le grand dessinateur de Mickey faisait \u00e7a en quelques heures\u00a0\u00bb, souligne encore le fondateur des \u00e9ditions Gl\u00e9nat devant une planche originale d&rsquo;une grande raret\u00e9. Autant de pi\u00e8ces \u00e0 d\u00e9couvrir au\u00a0couvent Sainte-C\u00e9cile de Grenoble qui accueille,\u00a0jusqu&rsquo;au 18 avril 2026, l&rsquo;exposition \u00ab\u00a0Mickey, tout a commenc\u00e9 par une souris\u00a0\u00bb.<\/p>\n<p> <img decoding=\"async\" src=\"https:\/\/www.europesays.com\/fr\/wp-content\/uploads\/2025\/12\/1765282698_620_1280\" alt=\"illustration agrandir l'image\" style=\"--_image-preview:url('data:image\/jpeg;base64,\/9j\/2wBDACgcHiMeGSgjISMtKygwPGRBPDc3PHtYXUlkkYCZlo+AjIqgtObDoKrarYqMyP\/L2u71\/\/\/\/m8H\/\/\/\/6\/+b9\/\/j\/2wBDASstLTw1PHZBQXb4pYyl+Pj4+Pj4+Pj4+Pj4+Pj4+Pj4+Pj4+Pj4+Pj4+Pj4+Pj4+Pj4+Pj4+Pj4+Pj4+Pj4+Pj\/wAARCAAXACoDASIAAhEBAxEB\/8QAFwAAAwEAAAAAAAAAAAAAAAAAAAECA\/\/EABgQAQEBAQEAAAAAAAAAAAAAAAABAhIR\/8QAFgEBAQEAAAAAAAAAAAAAAAAAAAEC\/8QAFBEBAAAAAAAAAAAAAAAAAAAAAP\/aAAwDAQACEQMRAD8AiVc0w9PphprdJukXSboVfRes+h0B0vQFZL1NoApWl0AD\/9k=');\" loading=\"lazy\" fetchpriority=\"low\" class=\"svelte-1cksh76 rounded\" onload=\"this.__e=event\" onerror=\"this.__e=event\"\/> Le succ\u00e8s de Mickey Mouse a fait na\u00eetre de nombreux produits d\u00e9riv\u00e9s. \u00a9 France T\u00e9l\u00e9visions &#8211; Yves-Marie Glo  <\/p>\n<p>Les visiteurs avertis comme Laurent Marioni, libraire \u00e0 Amiens, ont les yeux qui brillent, fascin\u00e9s par le r\u00e9cit qui s&rsquo;imprime sur leur r\u00e9tine. \u00ab\u00a0Vous regardez les cases et votre regard bouge tout seul. C&rsquo;est la magie de la bande dessin\u00e9e, s&rsquo;\u00e9merveille-t-il. Une illustration, c&rsquo;est une illustration. Vous la regardez, vous la d\u00e9cortiquez, c&rsquo;est tr\u00e8s beau. Une bande dessin\u00e9e, c&rsquo;est un art narratif. Et l\u00e0, votre regard n&rsquo;a pas besoin de chercher. Il coule tout seul.\u00a0\u00bb<\/p>\n<p>Une puissance qu&rsquo;ont bien comprise les sp\u00e9cialistes du marketing, et c&rsquo;est une autre facette de l&rsquo;exposition. Toute une palette d&rsquo;objets \u00e0 l&rsquo;effigie de Mickey, ou l&rsquo;exploitation commerciale des r\u00eaves d&rsquo;enfant.<\/p>\n<p><strong>Reportage\u00a0: M. Desmas \/ J.-C. Solari \/ Y.-M. Glo \/ E. Achard de France 3 Alpes<\/strong><\/p>\n","protected":false},"excerpt":{"rendered":"Mickey Mouse est mis \u00e0 l&rsquo;honneur dans la biblioth\u00e8que des \u00e9ditions Gl\u00e9nat \u00e0 Grenoble. Le petit personnage imagin\u00e9&hellip;\n","protected":false},"author":2,"featured_media":588495,"comment_status":"","ping_status":"","sticky":false,"template":"","format":"standard","meta":{"footnotes":""},"categories":[9566],"tags":[1111,11,2430,1777,674,1011,27,2731,12,25],"class_list":{"0":"post-588494","1":"post","2":"type-post","3":"status-publish","4":"format-standard","5":"has-post-thumbnail","7":"category-grenoble","8":"tag-actu","9":"tag-actualites","10":"tag-auvergne-rhone-alpes","11":"tag-eu","12":"tag-europe","13":"tag-fr","14":"tag-france","15":"tag-grenoble","16":"tag-news","17":"tag-republique-francaise"},"share_on_mastodon":{"url":"https:\/\/pubeurope.com\/@fr\/115689575530834443","error":""},"_links":{"self":[{"href":"https:\/\/www.europesays.com\/fr\/wp-json\/wp\/v2\/posts\/588494","targetHints":{"allow":["GET"]}}],"collection":[{"href":"https:\/\/www.europesays.com\/fr\/wp-json\/wp\/v2\/posts"}],"about":[{"href":"https:\/\/www.europesays.com\/fr\/wp-json\/wp\/v2\/types\/post"}],"author":[{"embeddable":true,"href":"https:\/\/www.europesays.com\/fr\/wp-json\/wp\/v2\/users\/2"}],"replies":[{"embeddable":true,"href":"https:\/\/www.europesays.com\/fr\/wp-json\/wp\/v2\/comments?post=588494"}],"version-history":[{"count":0,"href":"https:\/\/www.europesays.com\/fr\/wp-json\/wp\/v2\/posts\/588494\/revisions"}],"wp:featuredmedia":[{"embeddable":true,"href":"https:\/\/www.europesays.com\/fr\/wp-json\/wp\/v2\/media\/588495"}],"wp:attachment":[{"href":"https:\/\/www.europesays.com\/fr\/wp-json\/wp\/v2\/media?parent=588494"}],"wp:term":[{"taxonomy":"category","embeddable":true,"href":"https:\/\/www.europesays.com\/fr\/wp-json\/wp\/v2\/categories?post=588494"},{"taxonomy":"post_tag","embeddable":true,"href":"https:\/\/www.europesays.com\/fr\/wp-json\/wp\/v2\/tags?post=588494"}],"curies":[{"name":"wp","href":"https:\/\/api.w.org\/{rel}","templated":true}]}}