{"id":588498,"date":"2025-12-09T12:20:24","date_gmt":"2025-12-09T12:20:24","guid":{"rendered":"https:\/\/www.europesays.com\/fr\/588498\/"},"modified":"2025-12-09T12:20:24","modified_gmt":"2025-12-09T12:20:24","slug":"plusieurs-interpellations-apres-les-nouvelles-fusillades-a-rennes-ce-que-lon-sait","status":"publish","type":"post","link":"https:\/\/www.europesays.com\/fr\/588498\/","title":{"rendered":"Plusieurs interpellations apr\u00e8s les nouvelles fusillades \u00e0 Rennes\u00a0: ce que l\u2019on sait"},"content":{"rendered":"<p>L\u2019enqu\u00eate avance apr\u00e8s les <a href=\"https:\/\/www.letelegramme.fr\/ille-et-vilaine\/rennes-35000\/deux-fusillades-en-24-h-la-situation-se-tend-a-nouveau-dans-ce-quartier-de-rennes-6942368.php\" target=\"_blank\" rel=\"noopener\">deux nouvelles fusillades<\/a> dans le quartier de Villejean, vendredi 5 et samedi 6 d\u00e9cembre 2025. Ce lundi 9 d\u00e9cembre, trois individus ont \u00e9t\u00e9 interpell\u00e9s \u00e0 Rennes, comme le rapporte <a href=\"https:\/\/www.ouest-france.fr\/faits-divers\/trafic\/tirs-darmes-a-feu-dans-le-quartier-de-villejean-a-rennes-trois-hommes-interpelles-d1b84d88-d474-11f0-a0f2-b2a4fbd1e8d9\" target=\"_blank\" rel=\"noopener\">Ouest France<\/a>. Une information que nous sommes en mesure de confirmer. Une premi\u00e8re interpellation avait eu lieu samedi. L\u2019homme avait ensuite \u00e9t\u00e9 laiss\u00e9 libre.<\/p>\n<p>Une arme de poing retrouv\u00e9e<\/p>\n<p>Les trois nouveaux interpell\u00e9s se trouvaient dans une voiture vol\u00e9e qui aurait \u00e9t\u00e9 utilis\u00e9e lors des deux \u00e9pisodes de tirs du week-end, qui n\u2019ont fait aucun bless\u00e9, entre la rue du Nivernais et la dalle Kennedy, \u00e0 proximit\u00e9 d\u2019un point de deal. Une arme de poing a \u00e9galement \u00e9t\u00e9 retrouv\u00e9e lors de cette interpellation. Les personnes arr\u00eat\u00e9es sont originaires de r\u00e9gion parisienne et de Lyon.<\/p>\n","protected":false},"excerpt":{"rendered":"L\u2019enqu\u00eate avance apr\u00e8s les deux nouvelles fusillades dans le quartier de Villejean, vendredi 5 et samedi 6 d\u00e9cembre&hellip;\n","protected":false},"author":2,"featured_media":588499,"comment_status":"","ping_status":"","sticky":false,"template":"","format":"standard","meta":{"footnotes":""},"categories":[2821],"tags":[1111,11,829,765,1777,674,118,3383,1011,27,848,12,584,25],"class_list":{"0":"post-588498","1":"post","2":"type-post","3":"status-publish","4":"format-standard","5":"has-post-thumbnail","7":"category-rennes","8":"tag-actu","9":"tag-actualites","10":"tag-bretagne","11":"tag-en-continu","12":"tag-eu","13":"tag-europe","14":"tag-faits-divers","15":"tag-faits-divers-a-rennes","16":"tag-fr","17":"tag-france","18":"tag-ille-et-vilaine","19":"tag-news","20":"tag-rennes","21":"tag-republique-francaise"},"share_on_mastodon":{"url":"https:\/\/pubeurope.com\/@fr\/115689581689389815","error":""},"_links":{"self":[{"href":"https:\/\/www.europesays.com\/fr\/wp-json\/wp\/v2\/posts\/588498","targetHints":{"allow":["GET"]}}],"collection":[{"href":"https:\/\/www.europesays.com\/fr\/wp-json\/wp\/v2\/posts"}],"about":[{"href":"https:\/\/www.europesays.com\/fr\/wp-json\/wp\/v2\/types\/post"}],"author":[{"embeddable":true,"href":"https:\/\/www.europesays.com\/fr\/wp-json\/wp\/v2\/users\/2"}],"replies":[{"embeddable":true,"href":"https:\/\/www.europesays.com\/fr\/wp-json\/wp\/v2\/comments?post=588498"}],"version-history":[{"count":0,"href":"https:\/\/www.europesays.com\/fr\/wp-json\/wp\/v2\/posts\/588498\/revisions"}],"wp:featuredmedia":[{"embeddable":true,"href":"https:\/\/www.europesays.com\/fr\/wp-json\/wp\/v2\/media\/588499"}],"wp:attachment":[{"href":"https:\/\/www.europesays.com\/fr\/wp-json\/wp\/v2\/media?parent=588498"}],"wp:term":[{"taxonomy":"category","embeddable":true,"href":"https:\/\/www.europesays.com\/fr\/wp-json\/wp\/v2\/categories?post=588498"},{"taxonomy":"post_tag","embeddable":true,"href":"https:\/\/www.europesays.com\/fr\/wp-json\/wp\/v2\/tags?post=588498"}],"curies":[{"name":"wp","href":"https:\/\/api.w.org\/{rel}","templated":true}]}}