{"id":58850,"date":"2025-04-28T08:58:08","date_gmt":"2025-04-28T08:58:08","guid":{"rendered":"https:\/\/www.europesays.com\/fr\/58850\/"},"modified":"2025-04-28T08:58:08","modified_gmt":"2025-04-28T08:58:08","slug":"operation-deposons-les-armes-en-corse-lavis-des-tireurs-sportifs-et-des-armuriers-corse-matin","status":"publish","type":"post","link":"https:\/\/www.europesays.com\/fr\/58850\/","title":{"rendered":"Op\u00e9ration &quot;D\u00e9posons les armes&quot; en Corse : l&#039;avis des tireurs sportifs et des armuriers &#8211; Corse Matin"},"content":{"rendered":"<ol>\n<li><a href=\"https:\/\/news.google.com\/rss\/articles\/CBMi2AFBVV95cUxOWDNQN1JHYUszV09ORlkxVlFIS3J4a3pyVHQyck00UHBDOG1YV0lpcDd1aG5RdHNibnR3MjN0a1MwcHpMM21ocEpCNnZmSFg1Ul9HQW83Y0R6cDZMN2EwcldFYXlWMXI1QjZTaFh2NVdFSWNqc2FXZU9Edk04YXRuQVE3cDNLX1pXeHdscER1TkN3MU9pa1dDOGZndE5pd3NuTHEtcU42MzV4UnkzRXgxcWloTlNqN0hiRXVEMFJOQUlCemNON0ZfR0dJQnhIWjkxN1B2Q2FvZDI?oc=5\" target=\"_blank\" rel=\"noopener\">Op\u00e9ration \u00ab\u00a0D\u00e9posons les armes\u00a0\u00bb en Corse : l&rsquo;avis des tireurs sportifs et des armuriers<\/a>&nbsp;&nbsp;Corse Matin<\/li>\n<li><a href=\"https:\/\/news.google.com\/rss\/articles\/CBMi-gFBVV95cUxON2xxQXJxcU1VcF95RjdhQ0JyWlBfblU2SUpNS3JDdG9yWDBxQ2NOZE9WemtlOU9CRWhfNlZNRlg2bS1oenVIbjd0aTBhYmdaWW1lc2l5TXZBYzhtMHh2cDJHZXpjT2dLZUN6RWR1XzRjXzRPNG1pcml0SS1qUmhlbDJTVkVYQVdhc0FSQ3BCMDJweVowYVgwNGxwRUVCZU05ZWl0MG9wdE9VbzNXRGlWSy14Y284S0ptTjE1UUVLOE9lb2Q2Nlp2YjF3RkZfNUhoTXVvcmh6ZkttQ2ZiVExfRW1POGtKbXluY3R1SXgyUHFELWtrNGZKZ0t3?oc=5\" target=\"_blank\" rel=\"noopener\">Les habitants de Corse appel\u00e9s \u00e0 \u00ab\u00a0d\u00e9poser les armes\u00a0\u00bb dans les gendarmeries ou les commissariats d\u00e8s ce lundi<\/a>&nbsp;&nbsp;La Provence<\/li>\n<li><a href=\"https:\/\/news.google.com\/rss\/articles\/CBMiuwFBVV95cUxONGltUE5IRThlTTlGcEhCSTlMWDN4bEJDZVdDTnJ0SW54NnpTZVRfMS1QNlB3QS1OTTVWTXJOaVhGMDR4N1FJSGwtUG9BMTh4NHJ2ZU9mMlNqb0cxdlZ4RFUzMjE2Vm5oTWlWTm16eVJfRGJ2Vjc4ZWNudk5JWU5EYlV2eGtENks1NkFDZ0VwWTdQMk1zN3pUbEtDTUUyeU9mWEZIX0FCVW1rcXlaQkxZT2xaNXU2RlZNSXR3?oc=5\" target=\"_blank\" rel=\"noopener\">Corse : l\u2019appel au d\u00e9p\u00f4t des armes face \u00e0 la criminalit\u00e9 suscite scepticisme et col\u00e8re<\/a>&nbsp;&nbsp;lejdd.fr<\/li>\n<li><a href=\"https:\/\/news.google.com\/rss\/articles\/CBMiigFBVV95cUxQRFhOWGx2UUJBZXBFd1pMNk5NcGY0bTVHOG9lbUZvb0FWWi1aUzJZVUlSeERvaGo4NEstbFBxT1BjT2xTM1BWRExfX25VQU90bGJqVUhqUDM1cG5TUkh0clJrQ1gtQjFqT1hJRUhGQ1VKZ0h1T3JGajR4OG12Sm41U2JudlloeGYtN1E?oc=5\" target=\"_blank\" rel=\"noopener\">Attention : Corse, soci\u00e9t\u00e9 fragile !<\/a>&nbsp;&nbsp;Journal de la Corse<\/li>\n<li><a href=\"https:\/\/news.google.com\/rss\/articles\/CBMiywFBVV95cUxPYVUzdzJNSUl3U05nVlJfUjgxaUNzQ2pwUjF3cmo5dDFCeW9VSnhqdk5HM1RoNGN1OXB1NFpSNUZFS3NELTAxUTRJaUd1M0gxVzlXczJNN2RPczlOTGI1Vlk3QzEzZGl3MGVCREtwbFVmam95Yk9QcHVvV0ljQm94ZFliOXRFMGxLZGZpWlp3VDduZlZKN2FsekJYTGFJemliRkxVRlNTR25uYkxxellNSXpjT0hFWm5Xajg5ZFppUlk1eEVKa0pHeHZsRQ?oc=5\" target=\"_blank\" rel=\"noopener\">Le sociologue Jean-Louis Fabiani d\u00e9crypte la \u00ab\u00a0culture des armes\u00a0\u00bb en Corse<\/a>&nbsp;&nbsp;Corse Matin<\/li>\n<\/ol>\n","protected":false},"excerpt":{"rendered":"Op\u00e9ration \u00ab\u00a0D\u00e9posons les armes\u00a0\u00bb en Corse : l&rsquo;avis des tireurs sportifs et des armuriers&nbsp;&nbsp;Corse Matin Les habitants de&hellip;\n","protected":false},"author":2,"featured_media":58851,"comment_status":"","ping_status":"","sticky":false,"template":"","format":"standard","meta":{"footnotes":""},"categories":[7],"tags":[17,6376,2517,3303,154,1011,27,15537,151,1476,43,40,41,39,104,42,44],"class_list":{"0":"post-58850","1":"post","2":"type-post","3":"status-publish","4":"format-standard","5":"has-post-thumbnail","7":"category-sciences-et-technologies","8":"tag-17","9":"tag-armes","10":"tag-corse","11":"tag-deposons","12":"tag-des","13":"tag-fr","14":"tag-france","15":"tag-lavis","16":"tag-les","17":"tag-operation","18":"tag-science","19":"tag-science-and-technology","20":"tag-sciences","21":"tag-sciences-et-technologies","22":"tag-societe","23":"tag-technologies","24":"tag-technology"},"share_on_mastodon":{"url":"https:\/\/pubeurope.com\/@fr\/114414767566012200","error":""},"_links":{"self":[{"href":"https:\/\/www.europesays.com\/fr\/wp-json\/wp\/v2\/posts\/58850","targetHints":{"allow":["GET"]}}],"collection":[{"href":"https:\/\/www.europesays.com\/fr\/wp-json\/wp\/v2\/posts"}],"about":[{"href":"https:\/\/www.europesays.com\/fr\/wp-json\/wp\/v2\/types\/post"}],"author":[{"embeddable":true,"href":"https:\/\/www.europesays.com\/fr\/wp-json\/wp\/v2\/users\/2"}],"replies":[{"embeddable":true,"href":"https:\/\/www.europesays.com\/fr\/wp-json\/wp\/v2\/comments?post=58850"}],"version-history":[{"count":0,"href":"https:\/\/www.europesays.com\/fr\/wp-json\/wp\/v2\/posts\/58850\/revisions"}],"wp:featuredmedia":[{"embeddable":true,"href":"https:\/\/www.europesays.com\/fr\/wp-json\/wp\/v2\/media\/58851"}],"wp:attachment":[{"href":"https:\/\/www.europesays.com\/fr\/wp-json\/wp\/v2\/media?parent=58850"}],"wp:term":[{"taxonomy":"category","embeddable":true,"href":"https:\/\/www.europesays.com\/fr\/wp-json\/wp\/v2\/categories?post=58850"},{"taxonomy":"post_tag","embeddable":true,"href":"https:\/\/www.europesays.com\/fr\/wp-json\/wp\/v2\/tags?post=58850"}],"curies":[{"name":"wp","href":"https:\/\/api.w.org\/{rel}","templated":true}]}}