{"id":588504,"date":"2025-12-09T12:23:13","date_gmt":"2025-12-09T12:23:13","guid":{"rendered":"https:\/\/www.europesays.com\/fr\/588504\/"},"modified":"2025-12-09T12:23:13","modified_gmt":"2025-12-09T12:23:13","slug":"lupe-06-lance-un-appel-a-mobilisation-le-15-decembre-pour-defendre-la","status":"publish","type":"post","link":"https:\/\/www.europesays.com\/fr\/588504\/","title":{"rendered":"L\u2019UPE 06 lance un appel \u00e0 mobilisation le 15 d\u00e9cembre pour d\u00e9fendre la \u00ab (\u2026)"},"content":{"rendered":"<p>                    <img loading=\"lazy\" decoding=\"async\" src=\"https:\/\/www.europesays.com\/fr\/wp-content\/uploads\/2025\/12\/d2faad1504ccc318f237c37fa54e35.jpg\" class=\"img-responsive post-image\" width=\"680\" height=\"510\" alt=\"L'UPE 06 lance un appel \u00e0\" title=\"L'UPE 06 lance un appel \u00e0 mobilisation le 15 d\u00e9cembre pour d\u00e9fendre la \u00ab France qui travaille \u00bb\"\/><\/p>\n<p class=\"chapo\">L\u2019Union pour l\u2019Entreprise des Alpes-Maritimes (UPE 06) lance un appel \u00e0 la mobilisation ce lundi 15 d\u00e9cembre \u00e0 12h30, au c\u0153ur de Nice, pour d\u00e9fendre les acteurs \u00e9conomiques du territoire.<\/p>\n<p>Face \u00e0 une conjoncture jug\u00e9e fragile et \u00e0 des d\u00e9cisions publiques per\u00e7ues comme \u00e9loign\u00e9es des r\u00e9alit\u00e9s des entreprises, l\u2019organisation patronale souhaite f\u00e9d\u00e9rer l\u2019ensemble du tissu \u00e9conomique local.<\/p>\n<p>L\u2019UPE 06 affirme, dans un post sur les r\u00e9seaux sociaux ce 9 d\u00e9cembre, son refus de voir \u00ab\u00a0celles et ceux qui cr\u00e9ent de la valeur devenir la variable d\u2019ajustement du pays\u00a0\u00bb et pr\u00e9sente cinq priorit\u00e9s qu\u2019elle juge d\u00e9terminantes pour relancer la dynamique \u00e9conomique\u00a0:<br \/>\n<br \/><b>\u2013<\/b>\u00a0Mettre fin \u00e0 la pression fiscale qui, selon elle, freine l\u2019investissement et les embauches.<br \/>\n<br \/><b>\u2013<\/b>\u00a0Redonner du pouvoir d\u2019achat par le travail, en favorisant la cr\u00e9ation de valeur.<br \/>\n<br \/><b>\u2013<\/b>\u00a0Simplifier l\u2019administratif pour encourager l\u2019initiative et soutenir l\u2019entrepreneuriat.<br \/>\n<br \/><b>\u2013<\/b>\u00a0R\u00e9duire durablement la d\u00e9pense publique.<br \/>\n<br \/><b>\u2013<\/b>\u00a0Raviver l\u2019esp\u00e9rance de la jeunesse, per\u00e7ue comme essentielle au dynamisme futur du territoire.<\/p>\n<p>L\u2019UPE 06 appelle ainsi entrepreneurs, salari\u00e9s, ind\u00e9pendants, commer\u00e7ants et professions lib\u00e9rales \u00e0 se rassembler pour exprimer leur volont\u00e9 de \u00ab\u00a0choix courageux, coh\u00e9rents et lisibles\u00a0\u00bb en mati\u00e8re \u00e9conomique. Le lieu exact du rassemblement sera communiqu\u00e9 prochainement.<br class=\"autobr\"\/><br \/>\nL\u2019organisation invite les participants <a href=\"https:\/\/my.weezevent.com\/la-france-qui-travaille-dit-stop\" class=\"spip_out\" rel=\"external noopener\" target=\"_blank\">\u00e0 confirmer leur pr\u00e9sence via le lien mis \u00e0 disposition,<\/a> dans l\u2019objectif de constituer un mouvement large et repr\u00e9sentatif de \u00ab\u00a0la France qui produit, innove et emploie \u00a0\u00bb.<\/p>\n<p>Selon l\u2019UPE 06, \u00ab\u00a0l\u2019heure est au sursaut collectif \u00a0\u00bb pour d\u00e9fendre un mod\u00e8le \u00e9conomique fond\u00e9 sur le travail, l\u2019initiative et la cr\u00e9ation de valeur.<\/p>\n","protected":false},"excerpt":{"rendered":"L\u2019Union pour l\u2019Entreprise des Alpes-Maritimes (UPE 06) lance un appel \u00e0 la mobilisation ce lundi 15 d\u00e9cembre \u00e0&hellip;\n","protected":false},"author":2,"featured_media":588505,"comment_status":"","ping_status":"","sticky":false,"template":"","format":"standard","meta":{"footnotes":""},"categories":[2819],"tags":[1111,11,2408,1777,674,1011,27,12,2401,882,25],"class_list":{"0":"post-588504","1":"post","2":"type-post","3":"status-publish","4":"format-standard","5":"has-post-thumbnail","7":"category-nice","8":"tag-actu","9":"tag-actualites","10":"tag-appels-d","11":"tag-eu","12":"tag-europe","13":"tag-fr","14":"tag-france","15":"tag-news","16":"tag-nice","17":"tag-provence-alpes-cote-dazur","18":"tag-republique-francaise"},"share_on_mastodon":{"url":"https:\/\/pubeurope.com\/@fr\/115689594407120633","error":""},"_links":{"self":[{"href":"https:\/\/www.europesays.com\/fr\/wp-json\/wp\/v2\/posts\/588504","targetHints":{"allow":["GET"]}}],"collection":[{"href":"https:\/\/www.europesays.com\/fr\/wp-json\/wp\/v2\/posts"}],"about":[{"href":"https:\/\/www.europesays.com\/fr\/wp-json\/wp\/v2\/types\/post"}],"author":[{"embeddable":true,"href":"https:\/\/www.europesays.com\/fr\/wp-json\/wp\/v2\/users\/2"}],"replies":[{"embeddable":true,"href":"https:\/\/www.europesays.com\/fr\/wp-json\/wp\/v2\/comments?post=588504"}],"version-history":[{"count":0,"href":"https:\/\/www.europesays.com\/fr\/wp-json\/wp\/v2\/posts\/588504\/revisions"}],"wp:featuredmedia":[{"embeddable":true,"href":"https:\/\/www.europesays.com\/fr\/wp-json\/wp\/v2\/media\/588505"}],"wp:attachment":[{"href":"https:\/\/www.europesays.com\/fr\/wp-json\/wp\/v2\/media?parent=588504"}],"wp:term":[{"taxonomy":"category","embeddable":true,"href":"https:\/\/www.europesays.com\/fr\/wp-json\/wp\/v2\/categories?post=588504"},{"taxonomy":"post_tag","embeddable":true,"href":"https:\/\/www.europesays.com\/fr\/wp-json\/wp\/v2\/tags?post=588504"}],"curies":[{"name":"wp","href":"https:\/\/api.w.org\/{rel}","templated":true}]}}