{"id":588506,"date":"2025-12-09T12:24:15","date_gmt":"2025-12-09T12:24:15","guid":{"rendered":"https:\/\/www.europesays.com\/fr\/588506\/"},"modified":"2025-12-09T12:24:15","modified_gmt":"2025-12-09T12:24:15","slug":"logc-nice-raille-par-ses-supporters-apres-une-septieme-defaite","status":"publish","type":"post","link":"https:\/\/www.europesays.com\/fr\/588506\/","title":{"rendered":"l\u2019OGC Nice raill\u00e9 par ses supporters apr\u00e8s une septi\u00e8me d\u00e9faite"},"content":{"rendered":"<p>\n    La crise entre les supporters du Gym et ses joueurs continue, sur un registre plus l\u00e9ger mais non moins piquant. Des affiches et un site parodique ont \u00e9t\u00e9 cr\u00e9\u00e9s en marge de la derni\u00e8re rencontre &#8211; et d\u00e9faite &#8211; des Aiglons contre Angers dimanche dernier (0-1).<\/p>\n<p class=\"fig-paragraph\">Plus d\u2019une semaine apr\u00e8s\u00a0<a href=\"http:\/\/www.lefigaro.fr\/nice\/ligue-1-insultes-bagarre-arrets-de-travail-une-enquete-ouverte-pour-violences-aggravees-apres-les-incidents-a-nice-20251202\" data-fig-type=\"NewsFlash\" data-gtm-custom-categorie=\"navigation\" data-gtm-custom-action=\"crossclick\" data-gtm-custom-label=\"Contextuel\" data-gtm-event=\"customEventSPE\" data-fig-domain=\"LEFIGARO\" target=\"_blank\" rel=\"noopener\">les incidents survenus entre les joueurs<\/a>\u00a0de l\u2019OGC Nice et ses supporters, ces derniers ont souhait\u00e9 tourner en d\u00e9rision la septi\u00e8me d\u00e9faite du club survenue dimanche dernier pour traduire leur m\u00e9contentement. On connaissait ainsi le cirque Pinder ou Bouglione, voici donc venu \u00able cirque OGC Nice, le plus c\u00e9l\u00e8bre cirque d\u2019Europe enfin de retour\u00bb, qui d\u00e9tient m\u00eame son propre site officiel, lecirqueogcnice.com. Des affiches &#8211; rapidement retir\u00e9es &#8211; ont \u00e9galement \u00e9t\u00e9 placard\u00e9es \u00e0 travers la ville de Nice.<\/p>\n<p class=\"fig-paragraph\">La mise en ligne du site, largement relay\u00e9e sur les r\u00e9seaux sociaux avec un compte X humoristique associ\u00e9e, est intervenue en marge du match contre Angers, sold\u00e9 par un score 0-1 pour les Angevins et par l\u2019apparition sous les sifflets des Aiglons endossant des maillots floqu\u00e9s des noms de J\u00e9r\u00e9mie Boga et Terem Moffi. Les deux attaquants, absents lors de la rencontre, ont d\u2019ailleurs\u00a0<a href=\"http:\/\/www.lefigaro.fr\/sports\/football\/ligue-1\/apres-les-incidents-avec-les-supporters-les-arrets-de-travail-des-nicois-moffi-et-boga-prolonges-20251208\" data-fig-type=\"NewsFlash\" data-gtm-custom-categorie=\"navigation\" data-gtm-custom-action=\"crossclick\" data-gtm-custom-label=\"Contextuel\" data-gtm-event=\"customEventSPE\" data-fig-domain=\"LEFIGARO\" target=\"_blank\" rel=\"noopener\">vu leurs arr\u00eats de travail prolong\u00e9s<\/a>\u00a0de plusieurs jours, alors qu\u2019une enqu\u00eate a \u00e9t\u00e9 ouverte par le procureur de la R\u00e9publique de Nice pour \u00abviolences aggrav\u00e9es\u00bb. Le match, comment\u00e9 en direct sur X par le pr\u00e9sident \u00abBill Boquet\u00bb, tournait en ridicule les actions des joueurs, insistant au passage sur les tribunes largement clairsem\u00e9es.<\/p>\n<p>                                            <a class=\"fig-a11y-skip\" href=\"#fig-a11y-skip-main-inarticle\" data-module=\"a11y-skip\" data-context=\"was @visible\"><br \/>\n    Passer la publicit\u00e9<br \/>\n<\/a>            <\/p>\n<p>                                            \u00abParier sur une d\u00e9faite\u00bb, \u00abLe cirque continue\u00bb<\/p>\n<p class=\"fig-paragraph\">Sur le site donc, une musique d\u2019ambiance accompagne la navigation qui propose tour \u00e0 tour de regarder une parodie d\u2019intervention m\u00e9diatique du pr\u00e9sident ni\u00e7ois\u00a0<a href=\"http:\/\/www.lefigaro.fr\/sports\/football\/ligue-1\/ligue-1-nous-refutons-les-accusations-de-violences-physiques-la-populaire-sud-reagit-a-l-actualite-de-l-ogc-nice-20251204\" data-fig-type=\"NewsFlash\" data-gtm-custom-categorie=\"navigation\" data-gtm-custom-action=\"crossclick\" data-gtm-custom-label=\"Contextuel\" data-gtm-event=\"customEventSPE\" data-fig-domain=\"LEFIGARO\" target=\"_blank\" rel=\"noopener\">Fabrice Bocquet<\/a>\u00a0\u00e0 propos des incidents au centre d\u2019entra\u00eenement ou bien de \u00abparier une d\u00e9faite\u00bb sur le pronostic du match contre Braga ce jeudi. Si le pari est en faveur de l\u2019OGC Nice, la phrase \u00abvous croyez vraiment qu\u2019ils peuvent gagner\u00a0?\u00bb s\u2019affiche ; \u00abBien jou\u00e9\u00a0! vous avez tout compris, le cirque continue\u00bb appara\u00eet en cas de d\u00e9faite.<\/p>\n<p class=\"fig-paragraph\">La rubrique \u00abTirer les cartes\u00bb rappelle quant \u00e0 elle les scores des sept derni\u00e8res d\u00e9faites toutes comp\u00e9titions confondues. Le site propose \u00e9galement un faux achat de maillot aux \u00abcouleurs du cirque pour des supporters qui n\u2019ont peur de rien, surtout pas du ridicule\u00bb, avec des tailles allant de \u00abpetit clown\u00bb \u00e0 \u00abchapiteau\u00bb et un flocage au choix &#8211; au nom des joueurs ou de c\u00e9l\u00e8bres compagnies circassiennes.<\/p>\n","protected":false},"excerpt":{"rendered":"La crise entre les supporters du Gym et ses joueurs continue, sur un registre plus l\u00e9ger mais non&hellip;\n","protected":false},"author":2,"featured_media":588507,"comment_status":"","ping_status":"","sticky":false,"template":"","format":"standard","meta":{"footnotes":""},"categories":[2819],"tags":[1111,11,1777,674,63,1011,27,12,2401,2268,882,25,2949],"class_list":{"0":"post-588506","1":"post","2":"type-post","3":"status-publish","4":"format-standard","5":"has-post-thumbnail","7":"category-nice","8":"tag-actu","9":"tag-actualites","10":"tag-eu","11":"tag-europe","12":"tag-football","13":"tag-fr","14":"tag-france","15":"tag-news","16":"tag-nice","17":"tag-ogc-nice","18":"tag-provence-alpes-cote-dazur","19":"tag-republique-francaise","20":"tag-violences"},"share_on_mastodon":{"url":"https:\/\/pubeurope.com\/@fr\/115689597556168483","error":""},"_links":{"self":[{"href":"https:\/\/www.europesays.com\/fr\/wp-json\/wp\/v2\/posts\/588506","targetHints":{"allow":["GET"]}}],"collection":[{"href":"https:\/\/www.europesays.com\/fr\/wp-json\/wp\/v2\/posts"}],"about":[{"href":"https:\/\/www.europesays.com\/fr\/wp-json\/wp\/v2\/types\/post"}],"author":[{"embeddable":true,"href":"https:\/\/www.europesays.com\/fr\/wp-json\/wp\/v2\/users\/2"}],"replies":[{"embeddable":true,"href":"https:\/\/www.europesays.com\/fr\/wp-json\/wp\/v2\/comments?post=588506"}],"version-history":[{"count":0,"href":"https:\/\/www.europesays.com\/fr\/wp-json\/wp\/v2\/posts\/588506\/revisions"}],"wp:featuredmedia":[{"embeddable":true,"href":"https:\/\/www.europesays.com\/fr\/wp-json\/wp\/v2\/media\/588507"}],"wp:attachment":[{"href":"https:\/\/www.europesays.com\/fr\/wp-json\/wp\/v2\/media?parent=588506"}],"wp:term":[{"taxonomy":"category","embeddable":true,"href":"https:\/\/www.europesays.com\/fr\/wp-json\/wp\/v2\/categories?post=588506"},{"taxonomy":"post_tag","embeddable":true,"href":"https:\/\/www.europesays.com\/fr\/wp-json\/wp\/v2\/tags?post=588506"}],"curies":[{"name":"wp","href":"https:\/\/api.w.org\/{rel}","templated":true}]}}