{"id":588508,"date":"2025-12-09T12:25:20","date_gmt":"2025-12-09T12:25:20","guid":{"rendered":"https:\/\/www.europesays.com\/fr\/588508\/"},"modified":"2025-12-09T12:25:20","modified_gmt":"2025-12-09T12:25:20","slug":"a-la-rencontre-de-stylistes-du-made-in-nantes","status":"publish","type":"post","link":"https:\/\/www.europesays.com\/fr\/588508\/","title":{"rendered":"\u00c0 la rencontre de stylistes du \u00ab Made in Nantes \u00bb"},"content":{"rendered":"<p>Camille Trivun pr\u00e9f\u00e8re la slow-fashion \u00e0 la fast-fashion. \u00c9c\u0153ur\u00e9e par les conditions de fabrication des v\u00eatements et le rythme effr\u00e9n\u00e9 des collections, elle quitte le pr\u00eat-\u00e0-porter en 2017 pour lancer Yokow en 2019, sa marque de jeans. \u00ab\u00a0Le denim habille plus d\u2019une personne sur deux, donc je me suis demand\u00e9e comment faire un produit diff\u00e9rent avec une mati\u00e8re que tout le monde aime\u00a0\u00bb, raconte la styliste et mod\u00e9liste. Elle lance deux mod\u00e8les par an qu\u2019elle met un an \u00e0 valider. \u00ab\u00a0Je les teste \u00e0 v\u00e9lo, je les pr\u00eate \u00e0 des proches pour qu\u2019ils les portent, pour voir comment les jeans vivent, pr\u00e9cise Camille Trivun. Je ne fais pas de la mode, je fais du bien-aller. Le jean doit mettre en avant le corps tout en respectant le confort.\u00a0\u00bb<\/p>\n<p>En privil\u00e9giant la qualit\u00e9 et non la quantit\u00e9 (une centaine de pi\u00e8ces \u00e0 chaque nouveau mod\u00e8le), Camille Trivun peut ainsi personnaliser chaque vente, rencontrer ses clients et clientes. \u00ab\u00a0Les r\u00e9sultats sont l\u00e0, j\u2019ai des clientes au rendez-vous tous les 6 mois qui attendent le nouveau mod\u00e8le mais comme je suis petite, j\u2019ai du mal \u00e0 trouver des confectionneurs et je suis toujours servie la derni\u00e8re.\u00a0\u00bb N\u2019ayant pas trouver de confectionneur en France, elle travaille avec un atelier en Tunisie o\u00f9 le d\u00e9lavage (rin\u00e7age qui permet de fixer les mesures) est \u00e9cologique, utilisant seulement 3 litres d\u2019eau pour 1\u00a0kg de jean (contre 7\u00a0000 l pour un jean classique) et s\u00e9lectionne des tissus en coton bio. Pour vivre mieux et se permettre de d\u00e9velopper Yokow, Camille Trivun a conserv\u00e9 une activit\u00e9 de prestation de style car \u00ab\u00a0j\u2019aime cr\u00e9er, dessiner des collections pour d\u2019autres, \u00e7a m\u2019anime\u00a0\u00bb.<\/p>\n<p><strong>Jeans, (jupe, short et veste) en vente sur internet, \u00e0 Trib\u00fc et Chamar\u00e9e \u00e0 Nantes, Dunes \u00e0 Pornichet et lors d\u2019\u00e9v\u00e9nements comme les Incontournables au LAB.<\/strong><\/p>\n","protected":false},"excerpt":{"rendered":"Camille Trivun pr\u00e9f\u00e8re la slow-fashion \u00e0 la fast-fashion. \u00c9c\u0153ur\u00e9e par les conditions de fabrication des v\u00eatements et le&hellip;\n","protected":false},"author":2,"featured_media":588509,"comment_status":"","ping_status":"","sticky":false,"template":"","format":"standard","meta":{"footnotes":""},"categories":[2818],"tags":[1111,11,1777,674,1011,27,766,12,2636,25],"class_list":{"0":"post-588508","1":"post","2":"type-post","3":"status-publish","4":"format-standard","5":"has-post-thumbnail","7":"category-nantes","8":"tag-actu","9":"tag-actualites","10":"tag-eu","11":"tag-europe","12":"tag-fr","13":"tag-france","14":"tag-nantes","15":"tag-news","16":"tag-pays-de-la-loire","17":"tag-republique-francaise"},"share_on_mastodon":{"url":"https:\/\/pubeurope.com\/@fr\/115689601510063000","error":""},"_links":{"self":[{"href":"https:\/\/www.europesays.com\/fr\/wp-json\/wp\/v2\/posts\/588508","targetHints":{"allow":["GET"]}}],"collection":[{"href":"https:\/\/www.europesays.com\/fr\/wp-json\/wp\/v2\/posts"}],"about":[{"href":"https:\/\/www.europesays.com\/fr\/wp-json\/wp\/v2\/types\/post"}],"author":[{"embeddable":true,"href":"https:\/\/www.europesays.com\/fr\/wp-json\/wp\/v2\/users\/2"}],"replies":[{"embeddable":true,"href":"https:\/\/www.europesays.com\/fr\/wp-json\/wp\/v2\/comments?post=588508"}],"version-history":[{"count":0,"href":"https:\/\/www.europesays.com\/fr\/wp-json\/wp\/v2\/posts\/588508\/revisions"}],"wp:featuredmedia":[{"embeddable":true,"href":"https:\/\/www.europesays.com\/fr\/wp-json\/wp\/v2\/media\/588509"}],"wp:attachment":[{"href":"https:\/\/www.europesays.com\/fr\/wp-json\/wp\/v2\/media?parent=588508"}],"wp:term":[{"taxonomy":"category","embeddable":true,"href":"https:\/\/www.europesays.com\/fr\/wp-json\/wp\/v2\/categories?post=588508"},{"taxonomy":"post_tag","embeddable":true,"href":"https:\/\/www.europesays.com\/fr\/wp-json\/wp\/v2\/tags?post=588508"}],"curies":[{"name":"wp","href":"https:\/\/api.w.org\/{rel}","templated":true}]}}