{"id":588510,"date":"2025-12-09T12:26:32","date_gmt":"2025-12-09T12:26:32","guid":{"rendered":"https:\/\/www.europesays.com\/fr\/588510\/"},"modified":"2025-12-09T12:26:32","modified_gmt":"2025-12-09T12:26:32","slug":"fc-nantes-les-freres-de-will-still-vendent-la-meche-sur-leur-avenir-au-club","status":"publish","type":"post","link":"https:\/\/www.europesays.com\/fr\/588510\/","title":{"rendered":"FC Nantes : les fr\u00e8res de Will Still vendent la m\u00e8che sur leur avenir au club !\u00a0"},"content":{"rendered":"<p><strong>Cit\u00e9s pour accompagner leur Will Still sur le banc du FC Nantes en cas de d\u00e9part pr\u00e9matur\u00e9 de Luis Castro, Nicolas et Edward ont adopt\u00e9 une position tr\u00e8s ferme.<\/strong><\/p>\n<p>Au <a href=\"https:\/\/www.butfootballclub.fr\/1633474-fc-nantes-ziani-dit-non-a-kita-le-plan-de-survie-autour-de-castro-explose-en-plein-vol\/\" target=\"_blank\" rel=\"noopener\">FC Nantes<\/a>, les secousses n\u2019en finissent plus en ce d\u00e9but de semaine. Luis Castro, fragilis\u00e9 apr\u00e8s la d\u00e9faite contre le RC Lens \u00e0 La Beaujoire (1-2), devrait pourtant bien \u00eatre pr\u00e9sent sur le banc des Canaris ce vendredi \u00e0 Angers, puis \u00e0 Concarneau en Coupe de France le 21 d\u00e9cembre.\u00a0<\/p>\n<p>Deux matchs couperets, deux finales pour esp\u00e9rer sauver sa peau. Car la direction du <a href=\"https:\/\/www.butfootballclub.fr\/1633432-fc-nantes-une-promotion-interne-rapproche-un-ex-rennais-du-banc-canari\/\" target=\"_blank\" rel=\"noopener\">FC Nantes<\/a>, qui s\u2019\u00e9tait activ\u00e9e d\u00e8s samedi soir apr\u00e8s la d\u00e9faite contre Lens (1-2), avait s\u00e9rieusement envisag\u00e9 un changement d\u2019entra\u00eeneur. Et un nom s\u2019\u00e9tait impos\u00e9 : <a href=\"https:\/\/www.butfootballclub.fr\/1633401-fc-nantes-encore-un-espoir-pour-still\/\" target=\"_blank\" rel=\"noopener\">Will Still<\/a>. L\u2019ancien coach du Stade de Reims et du RC Lens, fra\u00eechement limog\u00e9 de Southampton, apparaissait comme la piste num\u00e9ro un de Waldemar Kita. Le profil id\u00e9al sur le papier : jeune, moderne, \u00e9nergique, avec un v\u00e9cu en Ligue 1 et une r\u00e9putation d\u2019excellent meneur d\u2019hommes.<\/p>\n<p>Les fr\u00e8res Still pas chauds pour le FC Nantes\u00a0<\/p>\n<p>Sauf que la piste s\u2019est brusquement glac\u00e9e. Selon L\u2019\u00c9quipe, les deux fr\u00e8res de Still \u2013 Edward, actuellement adjoint \u00e0 Anderlecht, et Nicolas, adjoint \u00e0 La Gantoise \u2013 n\u2019ont absolument pas pr\u00e9vu de quitter leurs postes. Or, Will Still ne travaille jamais sans eux. C\u2019est son mode de fonctionnement, son socle, son identit\u00e9. Sans Edward et Nicolas, il n\u2019y a pas de projet Still. Et les deux int\u00e9ress\u00e9s ont d\u00e9j\u00e0 ferm\u00e9 la porte.<\/p>\n<p>R\u00e9sultat : le dossier, chaud samedi soir, s\u2019est referm\u00e9 d\u00e8s le d\u00e9but de semaine. Kita se retrouve sans plan B imm\u00e9diat, Castro sans successeur d\u00e9sign\u00e9\u2026 et le FC Nantes sans solution miracle. Le Portugais aura donc, malgr\u00e9 la temp\u00eate, deux rencontres d\u00e9cisives pour tenter de retourner la situation. Le FC Nantes esp\u00e8re une r\u00e9action. Les supporters attendent un \u00e9lectrochoc. Et Castro, lui, joue sa survie.<\/p>\n","protected":false},"excerpt":{"rendered":"Cit\u00e9s pour accompagner leur Will Still sur le banc du FC Nantes en cas de d\u00e9part pr\u00e9matur\u00e9 de&hellip;\n","protected":false},"author":2,"featured_media":588511,"comment_status":"","ping_status":"","sticky":false,"template":"","format":"standard","meta":{"footnotes":""},"categories":[2818],"tags":[1111,11,448,1777,674,63,1011,27,66,3388,766,12,2636,25,10662],"class_list":{"0":"post-588510","1":"post","2":"type-post","3":"status-publish","4":"format-standard","5":"has-post-thumbnail","7":"category-nantes","8":"tag-actu","9":"tag-actualites","10":"tag-champions-league","11":"tag-eu","12":"tag-europe","13":"tag-football","14":"tag-fr","15":"tag-france","16":"tag-ligue-1","17":"tag-matchs","18":"tag-nantes","19":"tag-news","20":"tag-pays-de-la-loire","21":"tag-republique-francaise","22":"tag-transferts"},"share_on_mastodon":{"url":"https:\/\/pubeurope.com\/@fr\/115689605327006129","error":""},"_links":{"self":[{"href":"https:\/\/www.europesays.com\/fr\/wp-json\/wp\/v2\/posts\/588510","targetHints":{"allow":["GET"]}}],"collection":[{"href":"https:\/\/www.europesays.com\/fr\/wp-json\/wp\/v2\/posts"}],"about":[{"href":"https:\/\/www.europesays.com\/fr\/wp-json\/wp\/v2\/types\/post"}],"author":[{"embeddable":true,"href":"https:\/\/www.europesays.com\/fr\/wp-json\/wp\/v2\/users\/2"}],"replies":[{"embeddable":true,"href":"https:\/\/www.europesays.com\/fr\/wp-json\/wp\/v2\/comments?post=588510"}],"version-history":[{"count":0,"href":"https:\/\/www.europesays.com\/fr\/wp-json\/wp\/v2\/posts\/588510\/revisions"}],"wp:featuredmedia":[{"embeddable":true,"href":"https:\/\/www.europesays.com\/fr\/wp-json\/wp\/v2\/media\/588511"}],"wp:attachment":[{"href":"https:\/\/www.europesays.com\/fr\/wp-json\/wp\/v2\/media?parent=588510"}],"wp:term":[{"taxonomy":"category","embeddable":true,"href":"https:\/\/www.europesays.com\/fr\/wp-json\/wp\/v2\/categories?post=588510"},{"taxonomy":"post_tag","embeddable":true,"href":"https:\/\/www.europesays.com\/fr\/wp-json\/wp\/v2\/tags?post=588510"}],"curies":[{"name":"wp","href":"https:\/\/api.w.org\/{rel}","templated":true}]}}