{"id":588518,"date":"2025-12-09T12:30:18","date_gmt":"2025-12-09T12:30:18","guid":{"rendered":"https:\/\/www.europesays.com\/fr\/588518\/"},"modified":"2025-12-09T12:30:18","modified_gmt":"2025-12-09T12:30:18","slug":"le-zenith-de-toulouse-recoit-une-star-des-annees-2000-un-concert-sensationnel-promis","status":"publish","type":"post","link":"https:\/\/www.europesays.com\/fr\/588518\/","title":{"rendered":"Le Z\u00e9nith de Toulouse re\u00e7oit une star des ann\u00e9es 2000 : un concert \u00ab\u00a0sensationnel\u00a0\u00bb promis"},"content":{"rendered":"<p>                    Par<br \/>\n        <strong><br \/>\n            <a href=\"https:\/\/actu.fr\/auteur\/mareva-laville-actu-fr\" title=\"Consulter tous les articles de Mar\u00e9va Laville\" target=\"_blank\" rel=\"noopener\">Mar\u00e9va Laville<\/a><br \/>\n                    <\/strong><\/p>\n<p>        Publi\u00e9 le<\/p>\n<p>            9 d\u00e9c. 2025 \u00e0 13h04        <\/p>\n<p>Il avait d\u00e9j\u00e0<a href=\"https:\/\/actu.fr\/occitanie\/toulouse_31555\/matt-pokora-enflamme-le-zenith-de-toulouse-je-fais-tout-pour-rendre-les-gens-heureux_60381567.html\" target=\"_blank\" rel=\"noopener\"> enflamm\u00e9 le Z\u00e9nith de Toulouse il y a deux ans<\/a>, pour sa tourn\u00e9e des 20\u00a0ans. Mais Matt Pokora n\u2019en a pas fini de faire vibrer ses fans. Le chanteur originaire de Strasbourg revient dans la Ville rose ce mois de d\u00e9cembre pour son \u00ab<strong>\u2009Adr\u00e9naline Tour\u2009\u00bb.<\/strong><\/p>\n<p>Concert pr\u00e9vu le 19\u00a0d\u00e9cembre<\/p>\n<p class=\" wall-content\">Rendez-vous <strong>vendredi 19\u00a0d\u00e9cembre 2025 soir, \u00e0 20h, <\/strong>pour danser et chanter sur les plus tubes de Matt Pokora. Vous avez d\u00e9j\u00e0 ses titres comme \u00ab\u2009Elle me contr\u00f4le\u2009\u00bb et \u00ab\u2009Tomb\u00e9\u2009\u00bb en t\u00eate\u2009? Ajoutez ses derniers sons \u00ab\u2009Reflet\u2009\u00bb et \u00ab\u2009Mille fois\u2009\u00bb, et vous voil\u00e0 par\u00e9s pour acheter les derni\u00e8res places en vente pour le Z\u00e9nith toulousain\u2009!<\/p>\n<p>Du \u00ab\u2009sensationnel\u2009\u00bb et des performances<\/p>\n<p class=\" wall-content\">D\u2019autant que l\u2019artiste promet \u00ab\u2009un <strong>nouveau spectacle sensationnel<\/strong>, accompagn\u00e9 d\u2019une sc\u00e9nographie hors du commun\u2009\u00bb. Matt Pokora est d\u00e9j\u00e0 r\u00e9put\u00e9 pour ses performances sc\u00e9niques exceptionnelles, alors il ne devrait pas d\u00e9roger \u00e0 la r\u00e8gle.<\/p>\n<p class=\" wall-content\">Ses danseurs et musiciens seront au rendez-vous dans un \u00ab\u2009d\u00e9cor hors norme pour offrir un spectacle \u00e0 couper le souffle\u2009\u00bb, promet le staff. \u00ab\u2009Une mont\u00e9e d\u2019adr\u00e9naline\u2009\u00bb, pour r\u00e9sumer.<\/p>\n<p class=\" wall-content\"><a href=\"https:\/\/www.instagram.com\/p\/DRsFnTmDKYW\/embed\" title=\"Ouvrir le lien sur Instagram\" target=\"_blank\" rel=\"noopener\">Visualiser le contenu sur Instagram<\/a><\/p>\n<p>Des places encore \u00e0 prendre<\/p>\n<p class=\" wall-content\">Il reste encore quelques billets en vente en gradins. C\u2019est \u00e0 partir de 65\u20ac. Petit cadeau \u00e0 soi pour f\u00eater la fin d\u2019ann\u00e9e\u2009?<\/p>\n<p>Vid\u00e9os : en ce moment sur Actu<strong>Concert de Matt Pokora<\/strong><br \/>\nAu Z\u00e9nith de Toulouse<br \/>\nVendredi 19\u00a0d\u00e9cembre 2025, \u00e0 20h<br \/>\n\u00c0 partir de 65\u20ac la place<br \/><a href=\"https:\/\/www.ticketmaster.fr\/fr\/manifestation\/mpokora-billet\/idmanif\/606559\/idtier\/21726726\" target=\"_blank\" rel=\"noopener\">Billetterie en ligne ici.<\/a><br \/>\n    <a href=\"https:\/\/www.google.com\/maps\/embed?pb=!1m18!1m12!1m3!1d2889.3973395023795!2d1.4066792734208227!3d43.598267855986045!2m3!1f0!2f0!3f0!3m2!1i1024!2i768!4f13.1!3m3!1m2!1s0x12aebb0354994cab%3A0x31e78736796dd6ab!2sZ%C3%A9nith%20Toulouse%20M%C3%A9tropole!5e0!3m2!1sfr!2sfr!4v1765221006960!5m2!1sfr!2sfr\" title=\"Ouvrie le lien\" target=\"_blank\" rel=\"noopener\">Cliquez ici pour visualiser le contenu<\/a><\/p>\n<p class=\" wall-content\">Personnalisez votre actualit\u00e9 en ajoutant vos villes et m\u00e9dias en favori avec <a href=\"https:\/\/moncompte.actu.fr\" title=\"D\u00e9couvez Mon Actu\" rel=\"nofollow noopener\" data-trk=\"{&quot;cta&quot;:{&quot;action&quot;:&quot;https:\\\/\\\/moncompte.actu.fr&quot;,&quot;category&quot;:&quot;mon compte&quot;,&quot;from&quot;:&quot;article footer&quot;,&quot;name&quot;:&quot;Mon actu&quot;,&quot;type&quot;:&quot;cta&quot;}}\" target=\"_blank\">Mon Actu<\/a>.<\/p>\n<p>                    <script async src=\"\/\/www.instagram.com\/embed.js\"><\/script><\/p>\n","protected":false},"excerpt":{"rendered":"Par Mar\u00e9va Laville Publi\u00e9 le 9 d\u00e9c. 2025 \u00e0 13h04 Il avait d\u00e9j\u00e0 enflamm\u00e9 le Z\u00e9nith de Toulouse&hellip;\n","protected":false},"author":2,"featured_media":588519,"comment_status":"","ping_status":"","sticky":false,"template":"","format":"standard","meta":{"footnotes":""},"categories":[2816],"tags":[1111,11,1697,1777,674,1011,27,1652,12,2680,25,2312],"class_list":{"0":"post-588518","1":"post","2":"type-post","3":"status-publish","4":"format-standard","5":"has-post-thumbnail","7":"category-toulouse","8":"tag-actu","9":"tag-actualites","10":"tag-concert","11":"tag-eu","12":"tag-europe","13":"tag-fr","14":"tag-france","15":"tag-loisirs-culture","16":"tag-news","17":"tag-occitanie","18":"tag-republique-francaise","19":"tag-toulouse"},"share_on_mastodon":{"url":"https:\/\/pubeurope.com\/@fr\/115689621094970063","error":""},"_links":{"self":[{"href":"https:\/\/www.europesays.com\/fr\/wp-json\/wp\/v2\/posts\/588518","targetHints":{"allow":["GET"]}}],"collection":[{"href":"https:\/\/www.europesays.com\/fr\/wp-json\/wp\/v2\/posts"}],"about":[{"href":"https:\/\/www.europesays.com\/fr\/wp-json\/wp\/v2\/types\/post"}],"author":[{"embeddable":true,"href":"https:\/\/www.europesays.com\/fr\/wp-json\/wp\/v2\/users\/2"}],"replies":[{"embeddable":true,"href":"https:\/\/www.europesays.com\/fr\/wp-json\/wp\/v2\/comments?post=588518"}],"version-history":[{"count":0,"href":"https:\/\/www.europesays.com\/fr\/wp-json\/wp\/v2\/posts\/588518\/revisions"}],"wp:featuredmedia":[{"embeddable":true,"href":"https:\/\/www.europesays.com\/fr\/wp-json\/wp\/v2\/media\/588519"}],"wp:attachment":[{"href":"https:\/\/www.europesays.com\/fr\/wp-json\/wp\/v2\/media?parent=588518"}],"wp:term":[{"taxonomy":"category","embeddable":true,"href":"https:\/\/www.europesays.com\/fr\/wp-json\/wp\/v2\/categories?post=588518"},{"taxonomy":"post_tag","embeddable":true,"href":"https:\/\/www.europesays.com\/fr\/wp-json\/wp\/v2\/tags?post=588518"}],"curies":[{"name":"wp","href":"https:\/\/api.w.org\/{rel}","templated":true}]}}