{"id":588520,"date":"2025-12-09T12:31:27","date_gmt":"2025-12-09T12:31:27","guid":{"rendered":"https:\/\/www.europesays.com\/fr\/588520\/"},"modified":"2025-12-09T12:31:27","modified_gmt":"2025-12-09T12:31:27","slug":"voici-ce-que-vous-y-trouverez","status":"publish","type":"post","link":"https:\/\/www.europesays.com\/fr\/588520\/","title":{"rendered":"voici ce que vous y trouverez"},"content":{"rendered":"<p>                    Par<br \/>\n        <strong><br \/>\n            <a href=\"https:\/\/actu.fr\/auteur\/nicolas-demollien\" title=\"Consulter tous les articles de Nicolas Demollien\" target=\"_blank\" rel=\"noopener\">Nicolas Demollien<\/a><br \/>\n                    <\/strong><\/p>\n<p>        Publi\u00e9 le<\/p>\n<p>            9 d\u00e9c. 2025 \u00e0 10h46        <\/p>\n<p>Voil\u00e0 le genre d\u2019id\u00e9es que l\u2019on adore et qui symbolise bien <b>Wazemmes<\/b> ! A <a href=\"https:\/\/actu.fr\/hauts-de-france\/lille_59350\" target=\"_blank\" rel=\"noopener\">Lille<\/a> (Nord), une <b>Nocturne gourmande<\/b> de <a href=\"https:\/\/actu.fr\/tag\/noel\" target=\"_blank\" rel=\"noopener\">No\u00ebl<\/a> sera organis\u00e9e ce jeudi 11 d\u00e9cembre 2025 sur le <b>parvis des fameuses halles<\/b>. Une <b>grande premi\u00e8re<\/b> qui <b>devrait vous r\u00e9galer<\/b> !<\/p>\n<p>Lille : ce qui vous attend \u00e0 la Nocturne gourmande de No\u00ebl \u00e0 Wazemmes<\/p>\n<p class=\" wall-content\">C\u2019est l\u2019association<b> Waz\u2019en bouche<\/b> qui organise l\u2019\u00e9v\u00e9nement, forte de trois \u00e9ditions particuli\u00e8rement r\u00e9ussies de sa Nocturne gourmande au mois de juin. Cette \u00e9dition hivernale se d\u00e9roulera\u00a0de 18h \u00e0 23h, sur le parvis des Halles de\u00a0Wazemmes.<\/p>\n<p class=\" wall-content\">Le temps d\u2019une soir\u00e9e, ce sont <b>quinze commerces de bouche<\/b> de la rue Gambetta, des Halles et de la m\u00e9tropole lilloise qui vous proposeront de d\u00e9guster leurs <b>sp\u00e9cialit\u00e9s pour les f\u00eates de fin d\u2019ann\u00e9e <\/b>:<\/p>\n<ul class=\" wall-content\">\n<li>vin chaud,<\/li>\n<li>bi\u00e8res de No\u00ebl,<\/li>\n<li>champagne,<\/li>\n<li>pain d\u2019\u00e9pices,<\/li>\n<li>miel,<\/li>\n<li>fromages de saison,<\/li>\n<li>boudins blancs,<\/li>\n<li>sp\u00e9cialit\u00e9s italiennes, portugaises, syriennes, s\u00e9n\u00e9galaises, cor\u00e9ennes, etc.<\/li>\n<\/ul>\n<p class=\" wall-content\">Au programme : \u00ab\u00a0de quoi manger, de quoi boire, de la musique avec la <b>fanfare Jukepop<\/b>, un <b>karaok\u00e9 de No\u00ebl<\/b> anim\u00e9 par Bertrand Fashion et surtout, la pr\u00e9sence exceptionnelle du p\u00e8re No\u00ebl !\u00a0\u00bb r\u00e9sument les organisateurs.<\/p>\n<p class=\" wall-content\">Bref, un concentr\u00e9 de ce qui fait Wazemmes pour une <b>soir\u00e9e haute en couleur<\/b>.<\/p>\n<p>    <a href=\"https:\/\/www.facebook.com\/plugins\/video.php?height=476&amp;href=https%3A%2F%2Fwww.facebook.com%2Freel%2F1615193216316296%2F&amp;show_text=true&amp;width=350&amp;t=0\" title=\"Ouvrie le lien\" target=\"_blank\" rel=\"noopener\">Cliquez ici pour visualiser le contenu<\/a><\/p>\n<p>Votre r\u00e9gion, votre actu !<\/p>\n<p>Recevez chaque jour les infos qui comptent pour vous.<\/p>\n<p>\t<a href=\"https:\/\/actu.fr\/newsletter\" class=\"ac-btn ac-btn--corner ac-btn--medium ac-btn--blue800\" target=\"_blank\" rel=\"noopener\">S&rsquo;incrire<\/a><\/p>\n<p class=\" wall-content\">On a h\u00e2te d\u2019y \u00eatre !<\/p>\n<p class=\" wall-content\">Personnalisez votre actualit\u00e9 en ajoutant vos villes et m\u00e9dias en favori avec <a href=\"https:\/\/moncompte.actu.fr\" title=\"D\u00e9couvez Mon Actu\" rel=\"nofollow noopener\" data-trk=\"{&quot;cta&quot;:{&quot;action&quot;:&quot;https:\\\/\\\/moncompte.actu.fr&quot;,&quot;category&quot;:&quot;mon compte&quot;,&quot;from&quot;:&quot;article footer&quot;,&quot;name&quot;:&quot;Mon actu&quot;,&quot;type&quot;:&quot;cta&quot;}}\" target=\"_blank\">Mon Actu<\/a>.<\/p>\n","protected":false},"excerpt":{"rendered":"Par Nicolas Demollien Publi\u00e9 le 9 d\u00e9c. 2025 \u00e0 10h46 Voil\u00e0 le genre d\u2019id\u00e9es que l\u2019on adore et&hellip;\n","protected":false},"author":2,"featured_media":588521,"comment_status":"","ping_status":"","sticky":false,"template":"","format":"standard","meta":{"footnotes":""},"categories":[2815],"tags":[1111,11,1777,674,1011,27,811,1307,1652,12,15830,25],"class_list":{"0":"post-588520","1":"post","2":"type-post","3":"status-publish","4":"format-standard","5":"has-post-thumbnail","7":"category-lille","8":"tag-actu","9":"tag-actualites","10":"tag-eu","11":"tag-europe","12":"tag-fr","13":"tag-france","14":"tag-hauts-de-france","15":"tag-lille","16":"tag-loisirs-culture","17":"tag-news","18":"tag-noel","19":"tag-republique-francaise"},"share_on_mastodon":{"url":"https:\/\/pubeurope.com\/@fr\/115689625068107690","error":""},"_links":{"self":[{"href":"https:\/\/www.europesays.com\/fr\/wp-json\/wp\/v2\/posts\/588520","targetHints":{"allow":["GET"]}}],"collection":[{"href":"https:\/\/www.europesays.com\/fr\/wp-json\/wp\/v2\/posts"}],"about":[{"href":"https:\/\/www.europesays.com\/fr\/wp-json\/wp\/v2\/types\/post"}],"author":[{"embeddable":true,"href":"https:\/\/www.europesays.com\/fr\/wp-json\/wp\/v2\/users\/2"}],"replies":[{"embeddable":true,"href":"https:\/\/www.europesays.com\/fr\/wp-json\/wp\/v2\/comments?post=588520"}],"version-history":[{"count":0,"href":"https:\/\/www.europesays.com\/fr\/wp-json\/wp\/v2\/posts\/588520\/revisions"}],"wp:featuredmedia":[{"embeddable":true,"href":"https:\/\/www.europesays.com\/fr\/wp-json\/wp\/v2\/media\/588521"}],"wp:attachment":[{"href":"https:\/\/www.europesays.com\/fr\/wp-json\/wp\/v2\/media?parent=588520"}],"wp:term":[{"taxonomy":"category","embeddable":true,"href":"https:\/\/www.europesays.com\/fr\/wp-json\/wp\/v2\/categories?post=588520"},{"taxonomy":"post_tag","embeddable":true,"href":"https:\/\/www.europesays.com\/fr\/wp-json\/wp\/v2\/tags?post=588520"}],"curies":[{"name":"wp","href":"https:\/\/api.w.org\/{rel}","templated":true}]}}