{"id":588524,"date":"2025-12-09T12:33:11","date_gmt":"2025-12-09T12:33:11","guid":{"rendered":"https:\/\/www.europesays.com\/fr\/588524\/"},"modified":"2025-12-09T12:33:11","modified_gmt":"2025-12-09T12:33:11","slug":"incubateur-agrifoodtech-de-kedge-business-school-quel-bilan-un-an-apres","status":"publish","type":"post","link":"https:\/\/www.europesays.com\/fr\/588524\/","title":{"rendered":"Incubateur AgriFoodTech de KEDGE Business School, quel bilan un an apr\u00e8s ?"},"content":{"rendered":"<p>                    <img loading=\"lazy\" decoding=\"async\" src=\"https:\/\/www.europesays.com\/fr\/wp-content\/uploads\/2025\/12\/fc74731d10520f51abd9868a2d27da.jpg\" class=\"img-responsive post-image\" width=\"680\" height=\"510\" alt=\"Incubateur AgriFoodTech\" title=\"Incubateur AgriFoodTech de KEDGE Business School, quel bilan un an apr\u00e8s ?\"\/><\/p>\n<p class=\"chapo\">Il y a un an, KEDGE Business School lan\u00e7ait l\u2019Incubateur AgriFoodTech en partenariat avec la Cit\u00e9 de l\u2019agriculture et Inter-Made.<\/p>\n<p>Le programme, unique en r\u00e9gion Sud, est d\u00e9di\u00e9 aux startups engag\u00e9es pour une agriculture et une alimentation plus durables, ancr\u00e9es dans leur territoire et ouvertes \u00e0 l\u2019innovation.<\/p>\n<p>Les r\u00e9sultats d\u00e9voil\u00e9s<\/p>\n<p>Le 3 d\u00e9cembre, en pr\u00e9sence de l\u2019ensemble des startups incub\u00e9es, l\u2019\u00e9cole a d\u00e9voil\u00e9 les r\u00e9sultats de sa premi\u00e8re promotion et annoncera le lancement de la deuxi\u00e8me \u00e9dition.<\/p>\n<p>Pens\u00e9 pour soutenir des projets \u00e0 impact \u00e0 la crois\u00e9e de l\u2019agriculture durable, de l\u2019innovation sociale et de la technologie, l\u2019incubateur AgriFoodTech a permis \u00e0 une dizaine de startups implant\u00e9es dans la r\u00e9gion Sud d\u2019exp\u00e9rimenter, se structurer et se d\u00e9velopper avec un accompagnement sur mesure pendant 12 mois.<br class=\"autobr\"\/><br \/>\nElles ont ainsi pu b\u00e9n\u00e9ficier d\u2019\u00e9changes avec des sp\u00e9cialistes du secteur sur la gestion financi\u00e8re et des ressources humaines, de conseils sur les lev\u00e9es de fonds, la strat\u00e9gie de vente et le marketing digital et de soutiens \u00e0 la commercialisation, \u00e0 la logistique, ou encore au d\u00e9veloppement \u00e0 l\u2019international.<br class=\"autobr\"\/><br \/>\n<strong>Le chiffre d\u2019affaires pour cette premi\u00e8re ann\u00e9e s\u2019\u00e9l\u00e8ve \u00e0 pr\u00e8s d\u2019un million d\u2019\u20ac.<\/strong><\/p>\n<p>R\u00e9pondre \u00e0 l\u2019urgence climatique<\/p>\n<p>Le lancement de ce programme est n\u00e9 d\u2019un constat alarmant. En effet, la r\u00e9gion marseillaise subit d\u00e9j\u00e0 les effets du d\u00e9r\u00e8glement climatique. Avec une augmentation des temp\u00e9ratures de +2,1\u00b0C depuis 1900 selon le GIEC Sud, la r\u00e9gion s\u2019expose \u00e0 une intensification des s\u00e9cheresses impactant l\u2019agriculture traditionnelle.<br class=\"autobr\"\/><br \/>\n<strong>Par ailleurs, plus de 18\u00a0% de la population vit sous le seuil de pauvret\u00e9 \u00e0 Marseille, tandis qu\u2019un tiers de ce qui est produit est encore gaspill\u00e9.<\/strong><br class=\"autobr\"\/><br \/>\nCet incubateur r\u00e9pond \u00e0 ces enjeux multiples. Il propose une approche in\u00e9dite et se d\u00e9marque des offres existantes car, pour la premi\u00e8re fois, il fait le pari de d\u00e9cloisonner deux univers de l\u2019innovation qui dialoguent encore trop peu. L\u2019\u00e9cosyst\u00e8me business\/startup de KEDGE et celui de l\u2019\u00e9conomie sociale et solidaire est port\u00e9 par la Cit\u00e9 de l\u2019Agriculture.<\/p>\n","protected":false},"excerpt":{"rendered":"Il y a un an, KEDGE Business School lan\u00e7ait l\u2019Incubateur AgriFoodTech en partenariat avec la Cit\u00e9 de l\u2019agriculture&hellip;\n","protected":false},"author":2,"featured_media":588525,"comment_status":"","ping_status":"","sticky":false,"template":"","format":"standard","meta":{"footnotes":""},"categories":[2814],"tags":[1111,11,2408,1777,674,1011,27,884,12,882,25],"class_list":{"0":"post-588524","1":"post","2":"type-post","3":"status-publish","4":"format-standard","5":"has-post-thumbnail","7":"category-marseille","8":"tag-actu","9":"tag-actualites","10":"tag-appels-d","11":"tag-eu","12":"tag-europe","13":"tag-fr","14":"tag-france","15":"tag-marseille","16":"tag-news","17":"tag-provence-alpes-cote-dazur","18":"tag-republique-francaise"},"share_on_mastodon":{"url":"https:\/\/pubeurope.com\/@fr\/115689636164194266","error":""},"_links":{"self":[{"href":"https:\/\/www.europesays.com\/fr\/wp-json\/wp\/v2\/posts\/588524","targetHints":{"allow":["GET"]}}],"collection":[{"href":"https:\/\/www.europesays.com\/fr\/wp-json\/wp\/v2\/posts"}],"about":[{"href":"https:\/\/www.europesays.com\/fr\/wp-json\/wp\/v2\/types\/post"}],"author":[{"embeddable":true,"href":"https:\/\/www.europesays.com\/fr\/wp-json\/wp\/v2\/users\/2"}],"replies":[{"embeddable":true,"href":"https:\/\/www.europesays.com\/fr\/wp-json\/wp\/v2\/comments?post=588524"}],"version-history":[{"count":0,"href":"https:\/\/www.europesays.com\/fr\/wp-json\/wp\/v2\/posts\/588524\/revisions"}],"wp:featuredmedia":[{"embeddable":true,"href":"https:\/\/www.europesays.com\/fr\/wp-json\/wp\/v2\/media\/588525"}],"wp:attachment":[{"href":"https:\/\/www.europesays.com\/fr\/wp-json\/wp\/v2\/media?parent=588524"}],"wp:term":[{"taxonomy":"category","embeddable":true,"href":"https:\/\/www.europesays.com\/fr\/wp-json\/wp\/v2\/categories?post=588524"},{"taxonomy":"post_tag","embeddable":true,"href":"https:\/\/www.europesays.com\/fr\/wp-json\/wp\/v2\/tags?post=588524"}],"curies":[{"name":"wp","href":"https:\/\/api.w.org\/{rel}","templated":true}]}}