{"id":588528,"date":"2025-12-09T12:35:18","date_gmt":"2025-12-09T12:35:18","guid":{"rendered":"https:\/\/www.europesays.com\/fr\/588528\/"},"modified":"2025-12-09T12:35:18","modified_gmt":"2025-12-09T12:35:18","slug":"un-homme-souffrant-de-troubles-psychiatriques-interpelle-a-villeurbanne-apres-setre-retranche-durant-un-conflit-de-voisinage","status":"publish","type":"post","link":"https:\/\/www.europesays.com\/fr\/588528\/","title":{"rendered":"Un homme souffrant de troubles psychiatriques interpell\u00e9 \u00e0 Villeurbanne apr\u00e8s s&rsquo;\u00eatre retranch\u00e9 durant un conflit de voisinage"},"content":{"rendered":"<p>\u00c0 la suite d&rsquo;un diff\u00e9rend de voisinage, un homme souffrant de troubles psychiatriques s&rsquo;est retranch\u00e9 au sein de son domicile, \u00e0 Villeurbanne, avant d&rsquo;\u00eatre interpell\u00e9, ce mardi 9 d\u00e9cembre.<\/p>\n<p>Un homme, arm\u00e9 d&rsquo;une matraque t\u00e9lescopique, a \u00e9t\u00e9 interpell\u00e9 au sein de son domicile \u00e0 Villeurbanne apr\u00e8s s&rsquo;\u00eatre <a href=\"https:\/\/www.bfmtv.com\/normandie\/un-homme-retranche-chez-lui-a-canteleu-le-raid-sur-place_AN-202511190445.html\" title=\"Un homme interpell\u00e9 par le Raid apr\u00e8s s&#039;\u00eatre retranch\u00e9 chez lui \u00e0 Canteleu\" class=\"internal_link\" target=\"_blank\" rel=\"noopener\">retranch\u00e9 chez lui<\/a>, ce mardi 9 d\u00e9cembre, a appris BFM Lyon.<\/p>\n<p>Le mis en cause, qui souffre de troubles psychiatriques, s&rsquo;est retranch\u00e9 chez lui, sur l&rsquo;avenue Roger Salengro, \u00e0 la suite d&rsquo;un diff\u00e9rend de voisinage. Un officier de la police judiciaire a ordonn\u00e9 son interpellation.<\/p>\n<p>Apr\u00e8s avoir fractur\u00e9 la porte du domicile, les forces de l&rsquo;ordre ont arr\u00eat\u00e9 l&rsquo;homme, en faisant usage de leur taser \u00e0 deux reprises. Un pistolet airsoft et un cocktail molotov ont \u00e9t\u00e9 d\u00e9couverts lors de la perquisition de l&rsquo;appartement.<\/p>\n<p>Partager <\/p>\n","protected":false},"excerpt":{"rendered":"\u00c0 la suite d&rsquo;un diff\u00e9rend de voisinage, un homme souffrant de troubles psychiatriques s&rsquo;est retranch\u00e9 au sein de&hellip;\n","protected":false},"author":2,"featured_media":364589,"comment_status":"","ping_status":"","sticky":false,"template":"","format":"standard","meta":{"footnotes":""},"categories":[1889],"tags":[1111,11,2430,1777,674,1011,27,2428,12,25],"class_list":{"0":"post-588528","1":"post","2":"type-post","3":"status-publish","4":"format-standard","5":"has-post-thumbnail","7":"category-lyon","8":"tag-actu","9":"tag-actualites","10":"tag-auvergne-rhone-alpes","11":"tag-eu","12":"tag-europe","13":"tag-fr","14":"tag-france","15":"tag-lyon","16":"tag-news","17":"tag-republique-francaise"},"share_on_mastodon":{"url":"","error":""},"_links":{"self":[{"href":"https:\/\/www.europesays.com\/fr\/wp-json\/wp\/v2\/posts\/588528","targetHints":{"allow":["GET"]}}],"collection":[{"href":"https:\/\/www.europesays.com\/fr\/wp-json\/wp\/v2\/posts"}],"about":[{"href":"https:\/\/www.europesays.com\/fr\/wp-json\/wp\/v2\/types\/post"}],"author":[{"embeddable":true,"href":"https:\/\/www.europesays.com\/fr\/wp-json\/wp\/v2\/users\/2"}],"replies":[{"embeddable":true,"href":"https:\/\/www.europesays.com\/fr\/wp-json\/wp\/v2\/comments?post=588528"}],"version-history":[{"count":0,"href":"https:\/\/www.europesays.com\/fr\/wp-json\/wp\/v2\/posts\/588528\/revisions"}],"wp:featuredmedia":[{"embeddable":true,"href":"https:\/\/www.europesays.com\/fr\/wp-json\/wp\/v2\/media\/364589"}],"wp:attachment":[{"href":"https:\/\/www.europesays.com\/fr\/wp-json\/wp\/v2\/media?parent=588528"}],"wp:term":[{"taxonomy":"category","embeddable":true,"href":"https:\/\/www.europesays.com\/fr\/wp-json\/wp\/v2\/categories?post=588528"},{"taxonomy":"post_tag","embeddable":true,"href":"https:\/\/www.europesays.com\/fr\/wp-json\/wp\/v2\/tags?post=588528"}],"curies":[{"name":"wp","href":"https:\/\/api.w.org\/{rel}","templated":true}]}}