{"id":588529,"date":"2025-12-09T12:36:12","date_gmt":"2025-12-09T12:36:12","guid":{"rendered":"https:\/\/www.europesays.com\/fr\/588529\/"},"modified":"2025-12-09T12:36:12","modified_gmt":"2025-12-09T12:36:12","slug":"metropole-de-lyon-amelie-lens-carl-craig-acid-arab-le-festival-nuits-sonores-devoile-les-50-premiers-noms-de-ledition-2026","status":"publish","type":"post","link":"https:\/\/www.europesays.com\/fr\/588529\/","title":{"rendered":"M\u00e9tropole de Lyon. Amelie Lens, Carl Craig, Acid Arab\u2026 Le festival Nuits Sonores d\u00e9voile les 50 premiers noms de l\u2019\u00e9dition 2026"},"content":{"rendered":"<p>\u00c0 quelques jours de No\u00ebl, Nuits Sonores livre quelques petits cadeaux aux fans d\u2019\u00e9lectro. Le festival lyonnais a annonc\u00e9 ce mardi une cinquantaine de noms qui peupleront l\u2019affiche de sa prochaine \u00e9dition, 23e \u00a0du nom, pr\u00e9vue du 13 au 17\u00a0mai 2026.<\/p>\n<p>Il s\u2019agit en particulier des artistes programm\u00e9s pendant la partie diurne de cette session, celle organis\u00e9e sur le site des Grandes Locos, immense terrain de jeu du festival pour la troisi\u00e8me ann\u00e9e cons\u00e9cutive.<\/p>\n<p>  Programme nocturne d\u00e9voil\u00e9 en d\u00e9but d\u2019ann\u00e9e<\/p>\n<p>Parmi les noms propos\u00e9s, des figures historiques de la techno, comme Carl Craig, et de l\u2019\u00e9lectro, \u00e0 l\u2019image de Leftfield, des fid\u00e8les du festival toujours innovants, comme Four Tet, ou des membres de la jeune garde fran\u00e7aise avec la DJ Anetha, qui avait particip\u00e9 \u00e0 la c\u00e9r\u00e9monie de cl\u00f4ture des JO paralympiques en septembre\u00a02024.<\/p>\n<p>Ce contenu est bloqu\u00e9 car vous n&rsquo;avez pas accept\u00e9 les cookies et autres traceurs.<\/p>\n<p>En cliquant sur \u00ab J\u2019accepte \u00bb, les cookies et autres traceurs seront d\u00e9pos\u00e9s et vous pourrez visualiser les contenus  (<a href=\"\" class=\"consentModule_policy\" target=\"_blank\" title=\"Consulter la politique de protection des donn\u00e9es du fournisseur\">plus d&rsquo;informations<\/a>).<\/p>\n<p>En cliquant sur \u00ab J\u2019accepte tous les cookies \u00bb, vous autorisez des d\u00e9p\u00f4ts de cookies et autres traceurs pour le stockage de vos donn\u00e9es sur nos sites et applications \u00e0 des fins de personnalisation et de ciblage publicitaire.<\/p>\n<p class=\"consentModule_secondaryText\">Vous gardez la possibilit\u00e9 de retirer votre consentement \u00e0 tout moment en consultant notre <a href=\"https:\/\/www.leprogres.fr\/protection-des-donnees\" target=\"_blank\" title=\"Consulter notre politique de protection des donn\u00e9es\" rel=\"noopener\">politique de protection des donn\u00e9es<\/a>. <br \/>&#13;<br \/>\n            <a href=\"https:\/\/www.leprogres.fr\/culture-loisirs\/2025\/12\/09\/javascript:Didomi.notice.show()\" class=\"consentModule_cmp\" target=\"_blank\" rel=\"noopener\">G\u00e9rer mes choix<\/a>&#13;\n        <\/p>\n<p>&#13;<br \/>\n                        J&rsquo;accepte&#13;<br \/>\n            J&rsquo;accepte tous les cookies&#13;\n        <\/p>\n","protected":false},"excerpt":{"rendered":"\u00c0 quelques jours de No\u00ebl, Nuits Sonores livre quelques petits cadeaux aux fans d\u2019\u00e9lectro. Le festival lyonnais a&hellip;\n","protected":false},"author":2,"featured_media":588530,"comment_status":"","ping_status":"","sticky":false,"template":"","format":"standard","meta":{"footnotes":""},"categories":[1889],"tags":[1111,11,2430,1687,2757,1777,674,107,1011,27,2428,2756,873,12,25678,25,2429],"class_list":{"0":"post-588529","1":"post","2":"type-post","3":"status-publish","4":"format-standard","5":"has-post-thumbnail","7":"category-lyon","8":"tag-actu","9":"tag-actualites","10":"tag-auvergne-rhone-alpes","11":"tag-culture-loisirs","12":"tag-edition-lyon-villeurbanne","13":"tag-eu","14":"tag-europe","15":"tag-fil-info","16":"tag-fr","17":"tag-france","18":"tag-lyon","19":"tag-lyon-bassin","20":"tag-musique","21":"tag-news","22":"tag-nuits-sonores","23":"tag-republique-francaise","24":"tag-rhone"},"share_on_mastodon":{"url":"https:\/\/pubeurope.com\/@fr\/115689644550982022","error":""},"_links":{"self":[{"href":"https:\/\/www.europesays.com\/fr\/wp-json\/wp\/v2\/posts\/588529","targetHints":{"allow":["GET"]}}],"collection":[{"href":"https:\/\/www.europesays.com\/fr\/wp-json\/wp\/v2\/posts"}],"about":[{"href":"https:\/\/www.europesays.com\/fr\/wp-json\/wp\/v2\/types\/post"}],"author":[{"embeddable":true,"href":"https:\/\/www.europesays.com\/fr\/wp-json\/wp\/v2\/users\/2"}],"replies":[{"embeddable":true,"href":"https:\/\/www.europesays.com\/fr\/wp-json\/wp\/v2\/comments?post=588529"}],"version-history":[{"count":0,"href":"https:\/\/www.europesays.com\/fr\/wp-json\/wp\/v2\/posts\/588529\/revisions"}],"wp:featuredmedia":[{"embeddable":true,"href":"https:\/\/www.europesays.com\/fr\/wp-json\/wp\/v2\/media\/588530"}],"wp:attachment":[{"href":"https:\/\/www.europesays.com\/fr\/wp-json\/wp\/v2\/media?parent=588529"}],"wp:term":[{"taxonomy":"category","embeddable":true,"href":"https:\/\/www.europesays.com\/fr\/wp-json\/wp\/v2\/categories?post=588529"},{"taxonomy":"post_tag","embeddable":true,"href":"https:\/\/www.europesays.com\/fr\/wp-json\/wp\/v2\/tags?post=588529"}],"curies":[{"name":"wp","href":"https:\/\/api.w.org\/{rel}","templated":true}]}}