{"id":588531,"date":"2025-12-09T12:38:16","date_gmt":"2025-12-09T12:38:16","guid":{"rendered":"https:\/\/www.europesays.com\/fr\/588531\/"},"modified":"2025-12-09T12:38:16","modified_gmt":"2025-12-09T12:38:16","slug":"la-maison-du-pere-noel-vous-attend-sur-lile-de-loisirs-de-jablines-annet","status":"publish","type":"post","link":"https:\/\/www.europesays.com\/fr\/588531\/","title":{"rendered":"La Maison du P\u00e8re No\u00ebl vous attend sur l\u2019\u00eele de loisirs de Jablines-Annet"},"content":{"rendered":"<p><img loading=\"lazy\" decoding=\"async\" alt=\"\u00a9 L'Imaginarium - La Maison du P\u00e8re No\u00ebl, install\u00e9e sur l'\u00eele de loisirs de Jablines-Annet, est ouverte jusqu'au 24 d\u00e9cembre.\" data-zoom-src=\"https:\/\/www.europesays.com\/fr\/wp-content\/uploads\/2025\/12\/initial-maison-du-pere-noel-jablines-annet.jpg\" data-zoomable=\"\" height=\"702\" src=\"https:\/\/www.europesays.com\/fr\/wp-content\/uploads\/2025\/12\/initial-maison-du-pere-noel-jablines-annet.jpg\" width=\"1248\"\/>  <\/p>\n<p class=\"article-desc\">\u00a9 L&rsquo;Imaginarium &#8211; La Maison du P\u00e8re No\u00ebl, install\u00e9e sur l&rsquo;\u00eele de loisirs de Jablines-Annet, est ouverte jusqu&rsquo;au 24 d\u00e9cembre. <\/p>\n<p>Jusqu\u2019au 24\u00a0d\u00e9cembre,\u00a0la<a href=\"https:\/\/mesinfos.fr\/auvergne-rhone-alpes\/on-a-rendu-visite-au-pere-noel-et-c-est-a-une-heure-et-demie-de-lyon-117994.html\" rel=\"noopener\" target=\"_blank\"> magie de No\u00ebl<\/a> envahit l\u2019\u00eele de loisirs de <strong>Jablines-Annet<\/strong>, un \u00e9crin de nature situ\u00e9 \u00e0 15 kilom\u00e8tres de Meaux. <strong>La\u00a0plus grande maison du P\u00e8re No\u00ebl d\u2019Europe<\/strong>, unique en son genre en \u00cele-de-France, y a ouvert ses portes. Une maison aux <strong>d\u00e9cors f\u00e9\u00e9riques<\/strong> qui attire les foules\u00a0: plus de <strong>50\u00a0000 visiteurs<\/strong> l\u2019an pass\u00e9 et peut-\u00eatre plus de 60\u00a0000 lors de cette \u00e9dition 2025. <\/p>\n<p>La Maison du <a href=\"https:\/\/mesinfos.fr\/ile-de-france\/ile-de-france-la-poste-deploie-493-boites-pour-ecrire-au-pere-noel-234311.html\" rel=\"noopener\" target=\"_blank\">P\u00e8re No\u00ebl<\/a>, c\u2019est quoi\u00a0? Un spectacle immersif d\u2019une heure et demie n\u00e9 de l\u2019imagination de son concepteur Anthony Vinhais (g\u00e9rant de l\u2019Imaginarium, complexe de loisirs bas\u00e9 \u00e0 Lagny-sur-Marne) et une invitation \u00e0 (re)d\u00e9couvrir l\u2019esprit de No\u00ebl. <\/p>\n<p><strong>La Maison du P\u00e8re No\u00ebl compte 15 pi\u00e8ces<\/strong> <\/p>\n<p>Cette ann\u00e9e, la grande nouveaut\u00e9 r\u00e9side dans le fait que la Maison du P\u00e8re No\u00ebl s\u2019est transform\u00e9e en village. En plus des 1 500 m\u00b2 de parcours interactifs, se sont, en effet, ajout\u00e9es de nombreuses animations in\u00e9dites, dont une\u00a0patinoire, l\u2019activit\u00e9 phare du site.<\/p>\n<p>Mais avant de s\u2019adonner aux <strong>plaisirs de la glisse<\/strong>, les petits visiteurs n\u2019ont qu\u2019une seule envie\u00a0: retrouver le P\u00e8re No\u00ebl. Pour cela, ils doivent traverser les\u00a015 pi\u00e8ces\u00a0qui composent la Maison du P\u00e8re No\u00ebl, notamment <strong>le poste des lutins<\/strong>, le dortoir, la <strong>fabrique des jouets<\/strong>, la cuisine de la M\u00e8re No\u00ebl ou bien encore l\u2019\u00e9table des rennes. Le passage par la tour de contr\u00f4le leur indique qu\u2019ils touchent au but.<\/p>\n<p>Outre la s\u00e9ance photo tant attendue avec le <strong>P\u00e8re No\u00ebl<\/strong>, les enfants peuvent \u00e9galement croiser les lutins et d\u2019autres personnages embl\u00e9matiques de No\u00ebl. En compagnie de tout ce beau monde, ils participent \u00e0 des ateliers comme la fabrication d\u2019un ourson, la <a href=\"https:\/\/mesinfos.fr\/75000-paris\/cachoteries-reinvente-l-attente-de-noel-avec-ses-biscuits-poemes-235527.html\" rel=\"noopener\" target=\"_blank\">confection d\u2019un go\u00fbter<\/a> avec la M\u00e8re No\u00ebl ou l\u2019\u00e9criture de la traditionnelle lettre au P\u00e8re No\u00ebl. D\u00e9p\u00eachez-vous, cette maison magique fermera ses portes le 24 d\u00e9cembre. <\/p>\n<p>\u00cele de loisirs de Jablines-Annet,\u00a0Jablines. Ouverture : tous les jours (8 h-19 h). Tarifs : 32,90 euros (adulte \u00e0 partir de 13 ans), 37,90 euros (enfant entre 18 mois et 12 ans inclus) et 13,90 euros (b\u00e9b\u00e9 entre 0 et 17 mois inclus). Tarifs de groupe \u00e0 partir de 20 personnes. Informations et r\u00e9servations : <a href=\"https:\/\/imaginariumexperience.fr\/lextraordinaire-maison-du-pere-noel\" rel=\"noopener\" target=\"_blank\">la Maison du P\u00e8re No\u00ebl.<\/a> T\u00e9l. : 01 64 30 56 26. <\/p>\n","protected":false},"excerpt":{"rendered":"\u00a9 L&rsquo;Imaginarium &#8211; La Maison du P\u00e8re No\u00ebl, install\u00e9e sur l&rsquo;\u00eele de loisirs de Jablines-Annet, est ouverte jusqu&rsquo;au&hellip;\n","protected":false},"author":2,"featured_media":588532,"comment_status":"","ping_status":"","sticky":false,"template":"","format":"standard","meta":{"footnotes":""},"categories":[1592],"tags":[1111,11,1777,674,1011,27,662,12,64981,626,25],"class_list":{"0":"post-588531","1":"post","2":"type-post","3":"status-publish","4":"format-standard","5":"has-post-thumbnail","7":"category-ile-de-france","8":"tag-actu","9":"tag-actualites","10":"tag-eu","11":"tag-europe","12":"tag-fr","13":"tag-france","14":"tag-ile-de-france","15":"tag-news","16":"tag-nou00ebl","17":"tag-paris","18":"tag-republique-francaise"},"share_on_mastodon":{"url":"https:\/\/pubeurope.com\/@fr\/115689653583988469","error":""},"_links":{"self":[{"href":"https:\/\/www.europesays.com\/fr\/wp-json\/wp\/v2\/posts\/588531","targetHints":{"allow":["GET"]}}],"collection":[{"href":"https:\/\/www.europesays.com\/fr\/wp-json\/wp\/v2\/posts"}],"about":[{"href":"https:\/\/www.europesays.com\/fr\/wp-json\/wp\/v2\/types\/post"}],"author":[{"embeddable":true,"href":"https:\/\/www.europesays.com\/fr\/wp-json\/wp\/v2\/users\/2"}],"replies":[{"embeddable":true,"href":"https:\/\/www.europesays.com\/fr\/wp-json\/wp\/v2\/comments?post=588531"}],"version-history":[{"count":0,"href":"https:\/\/www.europesays.com\/fr\/wp-json\/wp\/v2\/posts\/588531\/revisions"}],"wp:featuredmedia":[{"embeddable":true,"href":"https:\/\/www.europesays.com\/fr\/wp-json\/wp\/v2\/media\/588532"}],"wp:attachment":[{"href":"https:\/\/www.europesays.com\/fr\/wp-json\/wp\/v2\/media?parent=588531"}],"wp:term":[{"taxonomy":"category","embeddable":true,"href":"https:\/\/www.europesays.com\/fr\/wp-json\/wp\/v2\/categories?post=588531"},{"taxonomy":"post_tag","embeddable":true,"href":"https:\/\/www.europesays.com\/fr\/wp-json\/wp\/v2\/tags?post=588531"}],"curies":[{"name":"wp","href":"https:\/\/api.w.org\/{rel}","templated":true}]}}