{"id":588543,"date":"2025-12-09T12:44:13","date_gmt":"2025-12-09T12:44:13","guid":{"rendered":"https:\/\/www.europesays.com\/fr\/588543\/"},"modified":"2025-12-09T12:44:13","modified_gmt":"2025-12-09T12:44:13","slug":"guerre-en-ukraine-il-est-tombe-un-avion-de-transport-militaire-an-22-sest-ecrase-a-200-km-de-moscou-avec-7-personnes-a-bord","status":"publish","type":"post","link":"https:\/\/www.europesays.com\/fr\/588543\/","title":{"rendered":"Guerre en Ukraine\u00a0: \u00ab il est tomb\u00e9 \u00bb, un avion de transport militaire An-22 s\u2019est \u00e9cras\u00e9 \u00e0 200\u00a0km de Moscou avec 7 personnes \u00e0 bord"},"content":{"rendered":"<p class=\"paragraph text_align_left lp-f-body-02\">Une enqu\u00eate a \u00e9t\u00e9 ouverte pour conna\u00eetre les circonstances du drame, et savoir notamment si l\u2019<a href=\"https:\/\/www.leparisien.fr\/international\/ukraine\/\" target=\"_self\" rel=\"noopener\">Ukraine<\/a> pourrait \u00eatre impliqu\u00e9e. Le minist\u00e8re russe de la D\u00e9fense a annonc\u00e9 qu\u2019<a href=\"https:\/\/www.leparisien.fr\/faits-divers\/un-appareil-sur-sil-est-bien-entretenu-cest-quoi-lantonov-an-24-lavion-de-ligne-qui-sest-ecrase-en-russie-24-07-2025-56TGSD4OHFB2BNEYTPGD3OQVAM.php\" target=\"_self\" rel=\"noopener\">un avion de transport militaire An-22<\/a> s\u2019\u00e9tait \u00e9cras\u00e9 mardi dans la r\u00e9gion d\u2019Ivanovo, \u00e0 environ 200 km au nord-est de Moscou.<\/p>\n<p class=\"paragraph text_align_left lp-f-body-02\">\u00ab Lors d\u2019un vol d\u2019essai, apr\u00e8s des travaux de r\u00e9paration, un avion de transport militaire An-22 s\u2019est \u00e9cras\u00e9, <a href=\"https:\/\/www.leparisien.fr\/faits-divers\/russie-un-avion-disparait-avec-49-personnes-a-bord-dont-cinq-enfants-24-07-2025-KYD6SCDPWRHJRJWNRFRXNJEJEU.php\" target=\"_self\" rel=\"noopener\">l\u2019appareil est tomb\u00e9 dans une zone inhabit\u00e9e<\/a> \u00bb, a indiqu\u00e9 le minist\u00e8re aux agences de presse russes TASS et Ria Novosti.<\/p>\n<p>Un avion retir\u00e9 du service ?<\/p>\n<p class=\"paragraph text_align_left lp-f-body-02\">Selon le minist\u00e8re, une \u00e9quipe de secours se rend sur le site de la catastrophe pour <a href=\"https:\/\/www.leparisien.fr\/faits-divers\/disparition-des-radars-nombre-de-victimes-fuselage-en-flammes-ce-que-lon-sait-du-crash-dun-avion-en-russie-24-07-2025-ZOMRNPV2JVETXN7PB34I2YQAEA.php\" target=\"_self\" rel=\"noopener\">d\u00e9terminer s\u2019il y a des survivants<\/a>. Une source anonyme au sein des services de secours a affirm\u00e9 \u00e0 l\u2019agence TASS que sept personnes pourraient avoir \u00e9t\u00e9 \u00e0 bord de l\u2019avion. Pour l\u2019heure, les autorit\u00e9s russes n\u2019ont pas affirm\u00e9 que l\u2019incident pourrait \u00eatre li\u00e9 au conflit arm\u00e9 en cours contre l\u2019Ukraine.<\/p>\n<p class=\"title-embed-dailymotion lp-color-text lp-f-subtitle-04\">Vid\u00e9oLa Russie exhibe ses bombardiers Tu-22M3 et des missiles supersoniques en mer Baltique<\/p>\n<p class=\"paragraph text_align_left lp-f-body-02\">Selon le minist\u00e8re russe de la D\u00e9fense, une enqu\u00eate a \u00e9t\u00e9 ouverte sur cet incident. L\u2019avion venait d\u2019\u00eatre r\u00e9par\u00e9 et effectuait un vol d\u2019essai. L\u2019appareil \u00e9tait un Antonov An-22, un avion de transport utilis\u00e9 depuis les ann\u00e9es 1960 et principalement employ\u00e9 pour le transport de militaires et de v\u00e9hicules. L\u2019ann\u00e9e derni\u00e8re, il a \u00e9t\u00e9 annonc\u00e9 que ce type d\u2019appareil serait d\u00e9finitivement retir\u00e9 du service.<\/p>\n","protected":false},"excerpt":{"rendered":"Une enqu\u00eate a \u00e9t\u00e9 ouverte pour conna\u00eetre les circonstances du drame, et savoir notamment si l\u2019Ukraine pourrait \u00eatre&hellip;\n","protected":false},"author":2,"featured_media":588544,"comment_status":"","ping_status":"","sticky":false,"template":"","format":"standard","meta":{"footnotes":""},"categories":[1590],"tags":[11,1777,674,14,12,220],"class_list":{"0":"post-588543","1":"post","2":"type-post","3":"status-publish","4":"format-standard","5":"has-post-thumbnail","7":"category-ukraine","8":"tag-actualites","9":"tag-eu","10":"tag-europe","11":"tag-international","12":"tag-news","13":"tag-ukraine"},"share_on_mastodon":{"url":"https:\/\/pubeurope.com\/@fr\/115689676273609595","error":""},"_links":{"self":[{"href":"https:\/\/www.europesays.com\/fr\/wp-json\/wp\/v2\/posts\/588543","targetHints":{"allow":["GET"]}}],"collection":[{"href":"https:\/\/www.europesays.com\/fr\/wp-json\/wp\/v2\/posts"}],"about":[{"href":"https:\/\/www.europesays.com\/fr\/wp-json\/wp\/v2\/types\/post"}],"author":[{"embeddable":true,"href":"https:\/\/www.europesays.com\/fr\/wp-json\/wp\/v2\/users\/2"}],"replies":[{"embeddable":true,"href":"https:\/\/www.europesays.com\/fr\/wp-json\/wp\/v2\/comments?post=588543"}],"version-history":[{"count":0,"href":"https:\/\/www.europesays.com\/fr\/wp-json\/wp\/v2\/posts\/588543\/revisions"}],"wp:featuredmedia":[{"embeddable":true,"href":"https:\/\/www.europesays.com\/fr\/wp-json\/wp\/v2\/media\/588544"}],"wp:attachment":[{"href":"https:\/\/www.europesays.com\/fr\/wp-json\/wp\/v2\/media?parent=588543"}],"wp:term":[{"taxonomy":"category","embeddable":true,"href":"https:\/\/www.europesays.com\/fr\/wp-json\/wp\/v2\/categories?post=588543"},{"taxonomy":"post_tag","embeddable":true,"href":"https:\/\/www.europesays.com\/fr\/wp-json\/wp\/v2\/tags?post=588543"}],"curies":[{"name":"wp","href":"https:\/\/api.w.org\/{rel}","templated":true}]}}