{"id":588548,"date":"2025-12-09T12:47:12","date_gmt":"2025-12-09T12:47:12","guid":{"rendered":"https:\/\/www.europesays.com\/fr\/588548\/"},"modified":"2025-12-09T12:47:12","modified_gmt":"2025-12-09T12:47:12","slug":"la-france-et-lallemagne-face-aux-defis-europeens","status":"publish","type":"post","link":"https:\/\/www.europesays.com\/fr\/588548\/","title":{"rendered":"La France et l\u2019Allemagne face aux d\u00e9fis europ\u00e9ens"},"content":{"rendered":"<p><strong>En mai 2025, le changement de gouvernement en Allemagne a sembl\u00e9 ouvrir une nouvelle \u00e8re dans les relations franco-allemandes, r\u00e9veillant les espoirs de nouveaux progr\u00e8s de la politique europ\u00e9enne.\u00a0Pourtant, les d\u00e9fis \u2013 politiques, \u00e9conomiques et g\u00e9opolitiques \u2013 auxquels l\u2019Europe est confront\u00e9e sont nombreux. La coop\u00e9ration franco-allemande sera-t-elle au rendez-vous ? Ernst Stetter, conseiller sp\u00e9cial du pr\u00e9sident de la Fondation Jean-Jaur\u00e8s pour l\u2019Europe, livre ici son analyse.<\/strong><\/p>\n<p>Le changement de gouvernement allemand en mai 2025 a \u00e9t\u00e9 per\u00e7u au sein de l\u2019Union europ\u00e9enne comme une nouvelle opportunit\u00e9 de revitaliser le moteur franco-allemand afin de faire progresser la politique europ\u00e9enne. Depuis lors, le chancelier Friedrich Merz et le pr\u00e9sident fran\u00e7ais Emmanuel Macron se sont rencontr\u00e9s \u00e0 plusieurs reprises.\u00a0Cependant, les d\u00e9fis politiques, \u00e9conomiques et g\u00e9opolitiques actuels en Europe semblent plut\u00f4t entraver la coop\u00e9ration franco-allemande.<\/p>\n<p>Les enjeux politiques et \u00e9conomiques en France et en Allemagne<\/p>\n<p>Non seulement la guerre en Ukraine, les turbulences g\u00e9opolitiques engendr\u00e9es par la politique erratique du pr\u00e9sident am\u00e9ricain et la situation \u00e0 Gaza, mais surtout les difficult\u00e9s politiques internes rencontr\u00e9es en France et en Allemagne se sont r\u00e9v\u00e9l\u00e9es \u00eatre des obstacles persistants \u00e0 l\u2019\u00e9tablissement d\u2019une nouvelle dynamique franco-allemande au sein de l\u2019Union europ\u00e9enne. Le partenariat franco-allemand, autrefois consid\u00e9r\u00e9 comme le moteur de l\u2019Union europ\u00e9enne, ayant notamment favoris\u00e9 l\u2019int\u00e9gration du march\u00e9 unique et d\u2019autres initiatives europ\u00e9ennes majeures, s\u2019est enlis\u00e9.\u00a0Paris et Berlin, accapar\u00e9s par leurs propres crises politiques, ont vu leur collaboration se heurter \u00e0 des obstacles consid\u00e9rables.<\/p>\n<p>D\u00e8s l\u2019entame de son mandat, le chancelier Friedrich Merz a cherch\u00e9 \u00e0 minimiser l\u2019impact des turbulences politiques fran\u00e7aises sur l\u2019Allemagne. Il a mis en avant son engagement envers l\u2019int\u00e9gration europ\u00e9enne et sa connaissance approfondie de la France, esp\u00e9rant ainsi insuffler une nouvelle dynamique aux relations bilat\u00e9rales. Le pr\u00e9sident fran\u00e7ais, quant \u00e0 lui, nourrissait l\u2019espoir de trouver en Merz un interlocuteur plus favorable \u00e0 ses propositions d\u2019un approfondissement de la coop\u00e9ration europ\u00e9enne.<\/p>\n<p>Cependant, un malaise croissant s\u2019installe en Allemagne face \u00e0 l\u2019instabilit\u00e9 politique fran\u00e7aise. L\u2019impasse actuelle en France suscite de vives inqui\u00e9tudes. L\u2019Allemagne s\u2019interroge sur la n\u00e9cessit\u00e9 de poursuivre sa propre voie en Europe, car la France ne semble plus constituer le partenaire fiable qu\u2019elle repr\u00e9sentait autrefois.<\/p>\n<p>La situation en Allemagne n\u2019est gu\u00e8re plus encourageante. L\u2019ancien chancelier Olaf Scholz, \u00e0 la t\u00eate d\u2019une coalition tripartite complexe, a quitt\u00e9 ses fonctions au d\u00e9but du mois de mai 2025. Il a \u00e9t\u00e9 confront\u00e9 \u00e0 de multiples reprises \u00e0 des impasses sur sa politique \u00e9conomique et sociale, tant au niveau national qu\u2019europ\u00e9en, notamment en mati\u00e8re de politique climatique et budg\u00e9taire. \u00c0 Bruxelles et au-del\u00e0, le terme \u00ab vote allemand \u00bb a circul\u00e9, d\u00e9signant l\u2019impossibilit\u00e9 de parvenir \u00e0 des compromis au niveau europ\u00e9en dans la quasi-totalit\u00e9 des politiques europ\u00e9ennes.<\/p>\n<p>La coalition dirig\u00e9e par Olaf Scholz s\u2019est dissoute en novembre 2024, en raison de l\u2019impossibilit\u00e9 de parvenir \u00e0 un consensus budg\u00e9taire entre les trois partenaires\u00a0. Simultan\u00e9ment, le pr\u00e9sident de la R\u00e9publique fran\u00e7aise, Emmanuel Macron, a perdu sa majorit\u00e9 parlementaire suite \u00e0 la convocation d\u2019\u00e9lections anticip\u00e9es \u00e0 l\u2019\u00e9t\u00e9 2024, cons\u00e9cutive \u00e0 la victoire de l\u2019extr\u00eame droite fran\u00e7aise aux \u00e9lections europ\u00e9ennes.\u00a0<\/p>\n<p>L\u2019\u00e9conomie allemande traverse une p\u00e9riode de difficult\u00e9s persistantes depuis plusieurs ann\u00e9es, se rapprochant d\u2019une r\u00e9cession profonde. Cinq ans apr\u00e8s le d\u00e9clenchement de la pand\u00e9mie de Covid-19, la demande int\u00e9rieure demeure faible et les investissements des entreprises sont toujours inf\u00e9rieurs au niveau enregistr\u00e9 en 2019.\u00a0L\u2019incertitude \u00e9conomique persiste, exacerb\u00e9e par les co\u00fbts \u00e9nerg\u00e9tiques \u00e9lev\u00e9s, une infrastructure d\u00e9grad\u00e9e, une bureaucratie excessive et une p\u00e9nurie de main-d\u2019\u0153uvre qualifi\u00e9e et de capital. Cette situation in\u00e9dite r\u00e9sulte des ann\u00e9es Merkel et de sa politique de rigueur budg\u00e9taire.\u00a0Les d\u00e9cisions d\u2019investissement sont frein\u00e9es, entra\u00eenant une consommation des m\u00e9nages faible, inf\u00e9rieure de plus de 2% \u00e0 son niveau pr\u00e9-crise. Par cons\u00e9quent, en cette fin d\u2019ann\u00e9e 2025, les carnets de commandes de l\u2019industrie sont faibles et les commandes internationales offrent peu de perspectives d\u2019am\u00e9lioration. Les constructeurs automobiles allemands annoncent tous des pertes significatives en raison de l\u2019effondrement de leurs march\u00e9s en Chine, imputable \u00e0 une offre exc\u00e9dentaire de mod\u00e8les non \u00e9lectriques. Il est peu probable que la situation s\u2019am\u00e9liore rapidement. Le mod\u00e8le \u00e9conomique allemand, reposant sur l\u2019exportation massive de biens manufactur\u00e9s, semble en profonde crise.\u00a0Afin de r\u00e9pondre \u00e0 ces d\u00e9fis, l\u2019Allemagne a lanc\u00e9 un ambitieux programme de modernisation, notamment de ses infrastructures et des capacit\u00e9s de d\u00e9fense de son arm\u00e9e (la \u00ab Bundeswehr \u00bb). Le financement de ce programme d\u2019infrastructures s\u2019appuie sur un endettement hors budget de 500 milliards d\u2019euros sur une p\u00e9riode de cinq ans.\u00a0Simultan\u00e9ment, la Bundeswehr \u00a0<br \/>envisage une modernisation de ses capacit\u00e9s op\u00e9rationnelles avec un budget \u00ab hors Schuldenbremse \u00bb estim\u00e9 \u00e0 environ 377 milliards d\u2019euros.<\/p>\n<p>L\u2019Allemagne et plus largement l\u2019Europe se trouvent confront\u00e9es \u00e0 des d\u00e9fis d\u2019une ampleur consid\u00e9rable n\u00e9cessitant des investissements significatifs et une nouvelle dynamique politique en faveur de l\u2019approfondissement de l\u2019int\u00e9gration europ\u00e9enne.\u00a0Dans son <a href=\"https:\/\/commission.europa.eu\/topics\/competitiveness\/draghi-report_en\" target=\"_blank\" rel=\"noreferrer noopener\">rapport<\/a> fondamental sur les perspectives de l\u2019\u00e9conomie europ\u00e9enne de septembre 2024, Mario Draghi, ancien pr\u00e9sident de la Banque centrale europ\u00e9enne, a pr\u00e9conis\u00e9 une augmentation annuelle des d\u00e9penses des \u00c9tats membres de l\u2019Union europ\u00e9enne (UE) \u00e0 hauteur de 800 milliards d\u2019euros, soit plus de 4% du produit int\u00e9rieur brut (PIB) de l\u2019UE, afin de r\u00e9pondre aux imp\u00e9ratifs en mati\u00e8re de d\u00e9fense, de neutralit\u00e9 climatique et, plus particuli\u00e8rement, de comp\u00e9titivit\u00e9 \u00e9conomique. Le rapport Draghi semble susciter un accueil favorable \u00e0 Bruxelles et dans d\u2019autres capitales europ\u00e9ennes, bien que sa mise en \u0153uvre soit entrav\u00e9e par un d\u00e9ficit de volont\u00e9 politique.\u00a0La France, en particulier, rencontre des difficult\u00e9s \u00e0 contribuer efficacement \u00e0 la r\u00e9solution de ces enjeux. En effet, le montant consacr\u00e9 au service de sa dette, soit 67 milliards d\u2019euros par an en 2026, d\u00e9passe celui allou\u00e9 \u00e0 sa d\u00e9fense.\u00a0Ce d\u00e9s\u00e9quilibre est \u00e9galement manifeste dans le cadre de l\u2019aide militaire fournie \u00e0 l\u2019Ukraine, o\u00f9 les contributions de l\u2019Allemagne d\u00e9passent largement celles de la France.\u00a0<\/p>\n<p>Malgr\u00e9 ces difficult\u00e9s, un partenariat franco-allemand solide et revitalis\u00e9 reste l\u2019alternative cr\u00e9dible au niveau europ\u00e9en.\u00a0Ayant quitt\u00e9 l\u2019Union europ\u00e9enne, le Royaume-Uni est confront\u00e9 \u00e0 une instabilit\u00e9 politique qui limite sa capacit\u00e9 \u00e0 promouvoir simultan\u00e9ment un agenda europ\u00e9en en mati\u00e8re de comp\u00e9titivit\u00e9 et de r\u00e9armement. De plus, la Pologne et l\u2019Espagne sont engag\u00e9es dans leurs propres processus de stabilisation interne tandis que l\u2019Italie, \u00e0 l\u2019instar de la France, est soumise \u00e0 des contraintes budg\u00e9taires importantes.<\/p>\n<p>Les deux discours prononc\u00e9s par Emmanuel Macron \u00e0 la Sorbonne, sa doctrine du r\u00e9armement, le paradigme fran\u00e7ais d\u2019autonomie strat\u00e9gique et son appel \u00e0 une Europe plus forte et r\u00e9siliente ont profond\u00e9ment influenc\u00e9 les discussions politiques europ\u00e9ennes ces derni\u00e8res ann\u00e9es. N\u00e9anmoins, nombre des mesures d\u2019int\u00e9gration visant \u00e0 renforcer la souverainet\u00e9 europ\u00e9enne, pr\u00e9conis\u00e9es par le pr\u00e9sident Macron, n\u2019ont pas \u00e9t\u00e9 concr\u00e9tis\u00e9es, ce qui constitue aujourd\u2019hui un vrai d\u00e9fi pour l\u2019Europe. Le gouvernement d\u2019Olaf Scholz, en particulier, a souvent \u00e9t\u00e9 per\u00e7u du c\u00f4t\u00e9 fran\u00e7ais comme excessivement prudent.\u00a0Cela malgr\u00e9 les efforts consid\u00e9rables d\u00e9ploy\u00e9s par l\u2019Allemagne pour renforcer sa capacit\u00e9 militaire et se pr\u00e9parer \u00e0 la nouvelle \u00e8re g\u00e9opolitique, dans le cadre de ce qu\u2019elle qualifie de \u00ab Zeitenwende \u00bb.\u00a0<\/p>\n<p>Afin de saisir pleinement cette transformation majeure, il convient de rappeler que l\u2019Allemagne a red\u00e9couvert, en f\u00e9vrier 2022, suite \u00e0 l\u2019agression russe en Ukraine, sa d\u00e9pendance au parapluie nucl\u00e9aire am\u00e9ricain. Parmi les premi\u00e8res mesures politiques adopt\u00e9es figure l\u2019acquisition d\u2019appareils a\u00e9riens destin\u00e9s \u00e0 transporter des bombes nucl\u00e9aires am\u00e9ricaines d\u00e9ploy\u00e9es sur le territoire allemand dans le cadre du partage nucl\u00e9aire avec les \u00c9tats-Unis au sein de l\u2019Organisation du trait\u00e9 de l\u2019Atlantique Nord (Otan). La question du partage nucl\u00e9aire demeure le pilier central de la politique de d\u00e9fense allemande, en l\u2019absence d\u2019une alternative europ\u00e9enne viable. Il est parfois oubli\u00e9 en France que cette politique implique \u00e9galement de nombreux autres acteurs. Ainsi, l\u2019agression de la Russie contre l\u2019Ukraine a surpris tant l\u2019Allemagne que la France, mais probablement l\u2019Allemagne dans une mesure bien plus importante. \u00c0 Berlin, les d\u00e9bats relatifs \u00e0 la livraison des diff\u00e9rents types d\u2019armements r\u00e9v\u00e8lent une appr\u00e9hension quant \u00e0 une possible escalade et, depuis le retour de Donald Trump au pouvoir, une crainte de ne plus \u00eatre au diapason avec la puissance protectrice, \u00e0 savoir les \u00c9tats-Unis.<\/p>\n<p>Recevez chaque semaine toutes nos analyses dans votre bo\u00eete mail<\/p>\n<p>      <a href=\"https:\/\/app.novagouv.fr\/form_dev\/e782b193b9da21db0ea9106a8ef72302\/#\/formulaire\/\" target=\"_blank\" style=\"background-color:#3526bd;color:#FFFFFF;padding:10px 20px;text-decoration:none;display:inline-block;border-radius:5px;\" rel=\"noopener\">Abonnez-vous<\/a><\/p>\n<p>Les d\u00e9fis pos\u00e9s par les instabilit\u00e9s g\u00e9opolitiques<\/p>\n<p>Les instabilit\u00e9s politiques illustrent ce profond bouleversement en Europe. Malgr\u00e9 le retour de la guerre sur le continent, les garanties de s\u00e9curit\u00e9 am\u00e9ricaines se sont av\u00e9r\u00e9es moins fiables, exer\u00e7ant ainsi une pression accrue sur des budgets et des gouvernements d\u00e9j\u00e0 fortement sollicit\u00e9s. Cette situation est particuli\u00e8rement pr\u00e9occupante dans les domaines o\u00f9 des tensions persistent depuis plusieurs ann\u00e9es, comme les grands projets de d\u00e9fense communs. L\u2019exemple le plus r\u00e9cent est celui des graves probl\u00e8mes rencontr\u00e9s par la France et l\u2019Allemagne dans la r\u00e9alisation du projet d\u2019un nouvel avion de combat, le SCAF (Syst\u00e8me de combat a\u00e9rien du futur), qui devrait \u00eatre d\u00e9velopp\u00e9 par les industriels Dassault et Airbus.<\/p>\n<p>Dans le contexte g\u00e9opolitique actuel, marqu\u00e9 par une instabilit\u00e9 croissante, la n\u00e9cessit\u00e9 d\u2019un partenariat franco-allemand renouvel\u00e9 se fait plus pressante que jamais. Ce partenariat est essentiel pour \u00e9laborer en Europe des solutions innovantes face aux autres grandes puissances mondiales. Friedrich Merz se montre h\u00e9sitant quant \u00e0 une coop\u00e9ration strictement franco-allemande et insiste sur l\u2019importance d\u2019\u00e9largir l\u2019axe politique. Il propose ainsi la cr\u00e9ation d\u2019un groupe r\u00e9unissant l\u2019Allemagne, la France, la Pologne et le Royaume-Uni. L\u2019objectif principal de son initiative est de d\u00e9velopper une strat\u00e9gie de d\u00e9fense europ\u00e9enne commune et de soutenir activement l\u2019Ukraine dans sa qu\u00eate d\u2019une r\u00e9solution du conflit face \u00e0 l\u2019agresseur russe. Il est \u00e9vident que l\u2019Allemagne devrait jouer un r\u00f4le de premier plan dans une telle politique de d\u00e9fense europ\u00e9enne. Cette n\u00e9cessit\u00e9 est d\u2019autant plus manifeste apr\u00e8s les d\u00e9clarations pr\u00e9occupantes du vice-pr\u00e9sident am\u00e9ricain, J.D. Vance, lors de la conf\u00e9rence de Munich sur la s\u00e9curit\u00e9 en f\u00e9vrier dernier. Il y a soulign\u00e9 que sous la pr\u00e9sidence de Donald Trump, les \u00c9tats-Unis vont adopter une strat\u00e9gie visant \u00e0 fragiliser le soutien au sein du partenariat transatlantique. Friedrich Merz, quant \u00e0 lui, se dit pr\u00eat \u00e0 d\u00e9ployer tous les efforts n\u00e9cessaires pour maintenir les \u00c9tats-Unis au sein du partenariat, ind\u00e9pendamment de la politique men\u00e9e par Donald Trump.\u00a0\u00c0 l\u2019inverse, Emmanuel Macron pr\u00e9conise l\u2019adoption d\u2019une souverainet\u00e9 europ\u00e9enne autonome, affranchie de l\u2019influence des \u00c9tats-Unis.<\/p>\n<p>La responsabilit\u00e9 europ\u00e9enne de la France et de l\u2019Allemagne<\/p>\n<p>Il convient de s\u2019interroger sur la possibilit\u00e9 pour la France et l\u2019Allemagne de renforcer leur coop\u00e9ration bilat\u00e9rale. Le concept de couple franco-allemand, tel qu\u2019il a \u00e9t\u00e9 formalis\u00e9 par le trait\u00e9 de l\u2019\u00c9lys\u00e9e en 1963, trouve son origine dans la dynamique historique du pouvoir entre les deux nations apr\u00e8s la Seconde Guerre mondiale. Au d\u00e9part, l\u2019\u00e9quilibre des pouvoirs entre l\u2019Allemagne et la France a fa\u00e7onn\u00e9 la relation franco-allemande.\u00a0Leur rivalit\u00e9 historique et leurs guerres sanglantes centenaires ont donn\u00e9 naissance \u00e0 la volont\u00e9 de rapprochement entre les deux nations. Ce rapprochement bilat\u00e9ral, ainsi que le projet d\u2019int\u00e9gration europ\u00e9enne visant une parit\u00e9 franco-allemande, a \u00e9t\u00e9 adopt\u00e9 comme voie de r\u00e9solution pacifique. Ce pari a \u00e9t\u00e9 remport\u00e9.<\/p>\n<p>Au niveau europ\u00e9en, la responsabilit\u00e9 singuli\u00e8re de la France et de l\u2019Allemagne dans le projet europ\u00e9en souligne leur r\u00f4le unique en tant que membres fondateurs de l\u2019Union europ\u00e9enne, notamment dans la promotion de l\u2019int\u00e9gration. Sur la sc\u00e8ne mondiale, leur r\u00f4le de mod\u00e8le de r\u00e9conciliation entre deux anciens adversaires constitue un atout consid\u00e9rable pour la promotion du mod\u00e8le d\u2019int\u00e9gration europ\u00e9enne et le renforcement de sa l\u00e9gitimit\u00e9 aupr\u00e8s des autres acteurs internationaux. L\u2019analyse d\u2019une carte de l\u2019Union europ\u00e9enne r\u00e9v\u00e8le la position strat\u00e9gique de la France et de l\u2019Allemagne, au carrefour des diff\u00e9rents espaces g\u00e9ographiques. Pour des raisons g\u00e9ographiques et historiques, il n\u2019existe actuellement aucune alternative viable \u00e0 cet axe franco-allemand, tant que l\u2019on s\u2019inscrit dans le paradigme d\u2019une int\u00e9gration europ\u00e9enne toujours plus approfondie.\u00a0Cette position g\u00e9ographique a permis \u00e0 la relation franco-allemande de s\u2019imposer au sommet de la hi\u00e9rarchie du pouvoir au sein du projet europ\u00e9en.<\/p>\n<p>Cependant, ce moteur franco-allemand au sein de l\u2019Union europ\u00e9enne rencontre de plus en plus d\u2019obstacles \u00e0 son efficacit\u00e9 op\u00e9rationnelle. Plusieurs facteurs politiques expliquent cette situation. Tout d\u2019abord, la nouvelle rivalit\u00e9 entre la France et l\u2019Allemagne, cons\u00e9cutive \u00e0 l\u2019unification allemande, a entra\u00een\u00e9 un d\u00e9placement du centre de gravit\u00e9 de l\u2019Union vers l\u2019Allemagne, notamment suite \u00e0 l\u2019\u00e9largissement de l\u2019Union europ\u00e9enne vers l\u2019est. Par ailleurs, l\u2019Allemagne a fait preuve d\u2019une plus grande ouverture \u00e0 la mondialisation, soutenue par sa puissance \u00e9conomique, comparativement \u00e0 la France, qui demeure davantage marqu\u00e9e par son h\u00e9ritage d\u2019apr\u00e8s-guerre.\u00a0<\/p>\n<p>Le couple franco-allemand s\u2019est \u00e9rig\u00e9 en instrument dissimulant l\u2019asym\u00e9trie g\u00e9opolitique entre la France et l\u2019Allemagne, tout en assurant un fonctionnement quotidien respectable et conforme aux trait\u00e9s internationaux. Des conseils conjoints des ministres et des r\u00e9unions r\u00e9guli\u00e8res de l\u2019Assembl\u00e9e nationale et du Bundestag sont organis\u00e9s, sans toutefois aboutir \u00e0 des d\u00e9cisions majeures et contraignantes. Cette situation pourrait expliquer la r\u00e9currence des crises au sein de l\u2019Union europ\u00e9enne. Depuis plusieurs ann\u00e9es, aucune des crises ou probl\u00e9matiques actuelles ne peut \u00eatre r\u00e9solue de mani\u00e8re efficace. L\u2019exemple le plus probant est la politique climatique, commun\u00e9ment d\u00e9sign\u00e9e sous le terme de \u00ab Green Deal \u00bb. \u00c0 peine adopt\u00e9es \u00e0 Bruxelles, les mesures sont d\u00e9j\u00e0 remises en question en raison d\u2019un manque de leadership, notamment de la part de la France et surtout de l\u2019Allemagne. D\u2019autres politiques sont \u00e9galement conduites par des compromis fragiles et temporaires, cons\u00e9quence des divergences croissantes entre les \u00c9tats membres. La politique migratoire illustre parfaitement ce manque de volont\u00e9 politique forte pour identifier et mettre en \u0153uvre un compromis efficace. Autre exemple : l\u2019accord n\u00e9goci\u00e9 de longue date avec le Mercosur reste non ratifi\u00e9 en raison des r\u00e9ticences de la France.\u00a0<\/p>\n<p>Surmonter les obstacles pour progresser<\/p>\n<p>Donc, le r\u00f4le du couple franco-allemand devient de plus en plus d\u00e9claratoire et de moins en moins op\u00e9rationnel, ce qui explique la difficult\u00e9 croissante de r\u00e9soudre les multiples crises de l\u2019Union europ\u00e9enne.\u00a0<\/p>\n<p>Le r\u00f4le de leader europ\u00e9en est remis en question par les autres \u00c9tats membres de l\u2019Union europ\u00e9enne. Afin de surmonter cette impasse, une nouvelle dynamique franco-allemande devra s\u2019adapter aux nouvelles r\u00e9alit\u00e9s g\u00e9opolitiques, et prendre en consid\u00e9ration notamment l\u2019orientation des \u00c9tats-Unis vers l\u2019Asie, l\u2019affirmation de la Chine comme acteur \u00e9conomique et politique dominant, et l\u2019utilisation de la force militaire par la Russie pour tenter de se r\u00e9tablir g\u00e9opolitiquement. Ces d\u00e9fis constituent des exigences imp\u00e9rieuses pour une renaissance du couple franco-allemand au sein de l\u2019Union europ\u00e9enne.<\/p>\n<p>Actuellement, le partenariat franco-allemand est malheureusement entrav\u00e9 par des crises politiques internes. L\u2019instabilit\u00e9 politique fran\u00e7aise et les difficult\u00e9s \u00e9conomiques allemandes freinent une relance efficace de la coop\u00e9ration. L\u2019asym\u00e9trie de pouvoir entre la France et l\u2019Allemagne, exacerb\u00e9e par les nouvelles r\u00e9alit\u00e9s g\u00e9opolitiques, complexifie le fonctionnement du couple franco-allemand et, par cons\u00e9quent, la r\u00e9solution des multiples exigences europ\u00e9ennes.<\/p>\n<p>Depuis plusieurs d\u00e9cennies, le principal d\u00e9fi auquel l\u2019Europe est confront\u00e9e r\u00e9side dans sa r\u00e9ticence \u00e0 progresser vers une union politique plus approfondie, malgr\u00e9 de nombreuses opportunit\u00e9s propices. L\u2019aboutissement de l\u2019int\u00e9gration europ\u00e9enne demeure tributaire d\u2019une volont\u00e9 politique d\u00e9termin\u00e9e et d\u2019un leadership fort. Malgr\u00e9 leur part de responsabilit\u00e9 dans la situation actuelle, l\u2019Allemagne et la France conservent une capacit\u00e9 de surmonter les obstacles et de faire avancer l\u2019Union europ\u00e9enne.\u00a0<\/p>\n","protected":false},"excerpt":{"rendered":"En mai 2025, le changement de gouvernement en Allemagne a sembl\u00e9 ouvrir une nouvelle \u00e8re dans les relations&hellip;\n","protected":false},"author":2,"featured_media":588549,"comment_status":"","ping_status":"","sticky":false,"template":"","format":"standard","meta":{"footnotes":""},"categories":[1587],"tags":[11,672,1804,1805,1803,1777,674,1801,12,1802],"class_list":{"0":"post-588548","1":"post","2":"type-post","3":"status-publish","4":"format-standard","5":"has-post-thumbnail","7":"category-allemagne","8":"tag-actualites","9":"tag-allemagne","10":"tag-bundesrepublik-deutschland","11":"tag-de","12":"tag-deutschland","13":"tag-eu","14":"tag-europe","15":"tag-germany","16":"tag-news","17":"tag-republique-federale-dallemagne"},"share_on_mastodon":{"url":"https:\/\/pubeurope.com\/@fr\/115689688107256764","error":""},"_links":{"self":[{"href":"https:\/\/www.europesays.com\/fr\/wp-json\/wp\/v2\/posts\/588548","targetHints":{"allow":["GET"]}}],"collection":[{"href":"https:\/\/www.europesays.com\/fr\/wp-json\/wp\/v2\/posts"}],"about":[{"href":"https:\/\/www.europesays.com\/fr\/wp-json\/wp\/v2\/types\/post"}],"author":[{"embeddable":true,"href":"https:\/\/www.europesays.com\/fr\/wp-json\/wp\/v2\/users\/2"}],"replies":[{"embeddable":true,"href":"https:\/\/www.europesays.com\/fr\/wp-json\/wp\/v2\/comments?post=588548"}],"version-history":[{"count":0,"href":"https:\/\/www.europesays.com\/fr\/wp-json\/wp\/v2\/posts\/588548\/revisions"}],"wp:featuredmedia":[{"embeddable":true,"href":"https:\/\/www.europesays.com\/fr\/wp-json\/wp\/v2\/media\/588549"}],"wp:attachment":[{"href":"https:\/\/www.europesays.com\/fr\/wp-json\/wp\/v2\/media?parent=588548"}],"wp:term":[{"taxonomy":"category","embeddable":true,"href":"https:\/\/www.europesays.com\/fr\/wp-json\/wp\/v2\/categories?post=588548"},{"taxonomy":"post_tag","embeddable":true,"href":"https:\/\/www.europesays.com\/fr\/wp-json\/wp\/v2\/tags?post=588548"}],"curies":[{"name":"wp","href":"https:\/\/api.w.org\/{rel}","templated":true}]}}