{"id":588556,"date":"2025-12-09T12:51:14","date_gmt":"2025-12-09T12:51:14","guid":{"rendered":"https:\/\/www.europesays.com\/fr\/588556\/"},"modified":"2025-12-09T12:51:14","modified_gmt":"2025-12-09T12:51:14","slug":"le-sales-connes-de-brigitte-macron-a-lencontre-de-militantes-feministes-provoque-un-tolle-liberation","status":"publish","type":"post","link":"https:\/\/www.europesays.com\/fr\/588556\/","title":{"rendered":"le \u00absales connes\u00bb de Brigitte Macron \u00e0 l\u2019encontre de militantes f\u00e9ministes provoque un toll\u00e9 \u2013 Lib\u00e9ration"},"content":{"rendered":"<p class=\"sc-cPiKLX AiZTS text-element\">Pour <a href=\"https:\/\/www.liberation.fr\/idees-et-debats\/tribunes\/violences-faites-aux-femmes-grande-cause-du-quinquennat-cest-bien-avec-des-moyens-pour-la-justice-cest-mieux-20250307_PLUGTD4OKFA5FEWMGFZD74P5FU\/\" target=\"_blank\" rel=\"noopener\" title=\"https:\/\/www.liberation.fr\/idees-et-debats\/tribunes\/violences-faites-aux-femmes-grande-cause-du-quinquennat-cest-bien-avec-des-moyens-pour-la-justice-cest-mieux-20250307_PLUGTD4OKFA5FEWMGFZD74P5FU\/\">la \u00abgrande cause\u00bb<\/a> nationale \u2013 c\u2019est ainsi qu\u2019Emmanuel Macron avait d\u00e9sign\u00e9 les violences faites aux femmes au d\u00e9but de ses deux quinquennats \u2013, on repassera. <a href=\"https:\/\/www.liberation.fr\/politique\/brigitte-macron-traite-de-sales-connes-les-militantes-feministes-qui-ont-interrompu-le-spectacle-dary-abittan-accuse-de-viol-20251208_UFTMWPDIGBEFVKVBO4XSHAWSSY\/\" target=\"_blank\" rel=\"noreferrer noopener\" title=\"https:\/\/www.liberation.fr\/politique\/brigitte-macron-traite-de-sales-connes-les-militantes-feministes-qui-ont-interrompu-le-spectacle-dary-abittan-accuse-de-viol-20251208_UFTMWPDIGBEFVKVBO4XSHAWSSY\/\">Brigitte Macron a qualifi\u00e9 de \u00absales connes\u00bb des militantes f\u00e9ministes<\/a> qui ont interrompu samedi un spectacle de l\u2019humoriste Ary Abittan, selon une vid\u00e9o publi\u00e9e lundi 8 d\u00e9cembre. Pour sa part, l\u2019entourage de l\u2019\u00e9pouse du chef de l\u2019Etat \u00e9voque simplement \u00abune critique de la m\u00e9thode radicale employ\u00e9e\u00bb par le collectif #NousToutes. Mais la sortie de la Premi\u00e8re Dame a enflamm\u00e9 les r\u00e9seaux sociaux et de nombreuses r\u00e9actions offusqu\u00e9es ont \u00e9t\u00e9 publi\u00e9es.<\/p>\n<p class=\"sc-cPiKLX AiZTS text-element\">Samedi soir, quatre militantes du collectif f\u00e9ministe, portant des masques \u00e0 l\u2019effigie de l\u2019acteur avec la mention \u00abvioleur\u00bb, ont interrompu son spectacle dans la salle parisienne <a href=\"https:\/\/www.liberation.fr\/politique\/derriere-la-charite-des-associations-reactionnaires-sont-financees-a-paris-une-manifestation-contre-la-nuit-du-bien-commun-de-sterin-20251205_WSHDOLT2Z5ESHAGJVEGKM2HQ34\/\" target=\"_blank\" rel=\"noopener\" title=\"https:\/\/www.liberation.fr\/politique\/derriere-la-charite-des-associations-reactionnaires-sont-financees-a-paris-une-manifestation-contre-la-nuit-du-bien-commun-de-sterin-20251205_WSHDOLT2Z5ESHAGJVEGKM2HQ34\/\">des Folies Berg\u00e8re<\/a>, scandant \u00abAbittan violeur\u00bb, a rapport\u00e9 l\u2019organisation dans un communiqu\u00e9. Fin 2021, l\u2019humoriste a \u00e9t\u00e9 accus\u00e9 de viol par une jeune femme qu\u2019il fr\u00e9quentait depuis quelques semaines. <a href=\"https:\/\/www.liberation.fr\/societe\/police-justice\/ary-abittan-accuse-de-viol-lacteur-obtient-un-non-lieu-la-plaignante-annonce-faire-appel-20240403_UKFY3Z5I3VF77IXBHLFDRBKH74\/\" target=\"_blank\" rel=\"noreferrer noopener\" title=\"https:\/\/www.liberation.fr\/societe\/police-justice\/ary-abittan-accuse-de-viol-lacteur-obtient-un-non-lieu-la-plaignante-annonce-faire-appel-20240403_UKFY3Z5I3VF77IXBHLFDRBKH74\/\">Apr\u00e8s trois ans d\u2019enqu\u00eate, l\u2019instruction a abouti \u00e0 un non-lieu confirm\u00e9 en appel<\/a> en janvier, mais son retour sur sc\u00e8ne est depuis contest\u00e9 par des f\u00e9ministes protestant r\u00e9guli\u00e8rement aux abords des salles o\u00f9 il se produit. Le lendemain de cette interruption, dimanche, Brigitte Macron est all\u00e9e voir sa repr\u00e9sentation parisienne.<\/p>\n<p class=\"sc-cPiKLX AiZTS text-element\">Sur une vid\u00e9o publi\u00e9e lundi par le site de l\u2019hebdomadaire Public, on voit la Premi\u00e8re Dame apporter son soutien \u00e0 Ary Abittan en coulisse, juste avant la repr\u00e9sentation. \u00abJ\u2019ai peur\u00bb, lui dit-il. \u00abS\u2019il y a des sales connes, on va les foutre dehors\u00bb, lui r\u00e9pond <a href=\"https:\/\/www.liberation.fr\/politique\/images-de-macron-agresse-par-sa-femme-brigitte-a-la-descente-davion-au-vietnam-lelysee-dement-formellement-20250526_E6FLIH7BN5HDDK52YTCU3BXZKM\/\" target=\"_blank\" rel=\"noreferrer noopener\" title=\"https:\/\/www.liberation.fr\/politique\/images-de-macron-agresse-par-sa-femme-brigitte-a-la-descente-davion-au-vietnam-lelysee-dement-formellement-20250526_E6FLIH7BN5HDDK52YTCU3BXZKM\/\">Brigitte Macron en riant.<\/a> \u00abSurtout des bandits masqu\u00e9s\u00bb, ajoute-t-elle. <a href=\"https:\/\/www.liberation.fr\/societe\/droits-des-femmes\/noustoutes-je-veux-marcher-contre-le-viol-20211120_EMN47HDEINFMFOOJP3T73P6H4E\/\" target=\"_blank\" rel=\"noreferrer noopener\" title=\"https:\/\/www.liberation.fr\/societe\/droits-des-femmes\/noustoutes-je-veux-marcher-contre-le-viol-20211120_EMN47HDEINFMFOOJP3T73P6H4E\/\">#NousToutes<\/a> a relay\u00e9 cette vid\u00e9o sur son compte Instagram, ainsi que des messages de soutien \u00e0 l\u2019action de samedi soir. Sur le r\u00e9seau Bluesky, le collectif a repris sur fond noir le mot-cl\u00e9 #salesconnes. Ce dernier est devenu viral sur les r\u00e9seaux sociaux, tandis que le visuel sur fond noir a \u00e9t\u00e9 massivement partag\u00e9.<\/p>\n<p class=\"sc-cPiKLX AiZTS text-element\">\u00abNous sommes profond\u00e9ment choqu\u00e9es et scandalis\u00e9es. Les mots utilis\u00e9s en disent long sur sa vision des choses, le message politique est extr\u00eamement choquant\u00bb, a r\u00e9agi <a href=\"https:\/\/www.liberation.fr\/societe\/police-justice\/metoopolice-le-collectif-noustoutes-veut-faire-la-lumiere-sur-les-violences-sexuelles-policieres-20251115_U7H6W3W36RFBPOPVWHAWRPDZR4\/\" target=\"_blank\" rel=\"noreferrer noopener\" title=\"https:\/\/www.liberation.fr\/societe\/police-justice\/metoopolice-le-collectif-noustoutes-veut-faire-la-lumiere-sur-les-violences-sexuelles-policieres-20251115_U7H6W3W36RFBPOPVWHAWRPDZR4\/\">une militante de #NousToutes<\/a> Paris Nord ayant particip\u00e9 \u00e0 l\u2019action et se pr\u00e9sentant sous le pseudonyme de Gwen. \u00abC\u2019est un crachat de plus sur les victimes et les associations f\u00e9ministes\u00bb, poursuit-elle.<\/p>\n<p class=\"sc-cPiKLX AiZTS text-element\"><a href=\"https:\/\/www.liberation.fr\/culture\/cinema\/une-perte-qui-se-confirme-un-peu-plus-chaque-jour-les-consequences-couteuses-pour-judith-godreche-de-sa-prise-de-parole-20241223_3QFQTGWBL5BOHC6KPQ5GHQEDQ4\/\" target=\"_blank\" rel=\"noopener\" title=\"https:\/\/www.liberation.fr\/culture\/cinema\/une-perte-qui-se-confirme-un-peu-plus-chaque-jour-les-consequences-couteuses-pour-judith-godreche-de-sa-prise-de-parole-20241223_3QFQTGWBL5BOHC6KPQ5GHQEDQ4\/\">Judith Godr\u00e8che<\/a>, qui <a href=\"https:\/\/www.liberation.fr\/culture\/cinema\/judith-godreche-les-secrets-dune-metamorphose-20240517_TKZSOCZ5C5AMHILO2VIAMRDAAQ\/\" target=\"_blank\" rel=\"noopener\" title=\"https:\/\/www.liberation.fr\/culture\/cinema\/judith-godreche-les-secrets-dune-metamorphose-20240517_TKZSOCZ5C5AMHILO2VIAMRDAAQ\/\">accuse les cin\u00e9astes Beno\u00eet Jacquot et Jacques Doillon de viol,<\/a> a apport\u00e9 son soutien au collectif sur Instagram, avec ce message \u00e9crit sur fond noir : \u00abMoi aussi je suis une sale conne. Et je soutiens tous.tes les autres.\u00bb<\/p>\n<p class=\"sc-cPiKLX AiZTS text-element\"><a href=\"https:\/\/www.liberation.fr\/livres\/2021\/01\/05\/olivier-duhamel-accuse-d-inceste-la-fin-d-une-omerta_1810436\/\" target=\"_blank\" rel=\"noreferrer noopener\" title=\"https:\/\/www.liberation.fr\/livres\/2021\/01\/05\/olivier-duhamel-accuse-d-inceste-la-fin-d-une-omerta_1810436\/\">Autrice de la Familia Grande, qui avait bris\u00e9 le tabou de l\u2019inceste<\/a> et permis un d\u00e9bat d\u2019ampleur sur le sujet, Camille Kouchner a partag\u00e9 le visuel de #NousToutes. <a href=\"https:\/\/www.liberation.fr\/portraits\/camelia-jordana-force-motrice-20231109_JHI72RDNR5BLRDM66H7B7B5KS4\/\" target=\"_blank\" rel=\"noreferrer noopener\" title=\"https:\/\/www.liberation.fr\/portraits\/camelia-jordana-force-motrice-20231109_JHI72RDNR5BLRDM66H7B7B5KS4\/\">La chanteuse et com\u00e9dienne Cam\u00e9lia Jordana<\/a> s\u2019est, elle, photographi\u00e9e avant d\u2019ajouter #salesconnes sur son front. Sur France Info, <a href=\"https:\/\/www.liberation.fr\/economie\/marylise-leon-secretaire-generale-de-la-cfdt-cest-important-davoir-un-budget-mais-pas-au-detriment-des-plus-modestes-20251021_6T5H23AL6NFOBNFIS7LTHSWU2U\/\" target=\"_blank\" rel=\"noopener\" title=\"https:\/\/www.liberation.fr\/economie\/marylise-leon-secretaire-generale-de-la-cfdt-cest-important-davoir-un-budget-mais-pas-au-detriment-des-plus-modestes-20251021_6T5H23AL6NFOBNFIS7LTHSWU2U\/\">la secr\u00e9taire g\u00e9n\u00e9rale de la CFDT, Marylise L\u00e9on<\/a>, a de son c\u00f4t\u00e9 d\u00e9nonc\u00e9 des propos \u00ababsolument d\u00e9plac\u00e9s et grossiers\u00bb.<\/p>\n<p class=\"sc-cPiKLX AiZTS text-element\">\u00abCes propos sont gravissimes\u00bb, \u00abune Premi\u00e8re Dame ne devrait pas dire \u00e7a\u00bb, a d\u00e9nonc\u00e9 sur BFM TV <a href=\"https:\/\/www.liberation.fr\/politique\/marine-tondelier-impassible-devant-la-commission-denquete-sur-les-liens-entre-partis-et-islamisme-20251202_XBAA4ZOIFJEAFKPSVSZ5X4VMI4\/\" target=\"_blank\" rel=\"noreferrer noopener\" title=\"https:\/\/www.liberation.fr\/politique\/marine-tondelier-impassible-devant-la-commission-denquete-sur-les-liens-entre-partis-et-islamisme-20251202_XBAA4ZOIFJEAFKPSVSZ5X4VMI4\/\">la patronne des \u00e9cologistes, Marine Tondelier.<\/a> Au vu du non-lieu, Ary Abittan \u00abpeut remonter sur sc\u00e8ne\u00bb et \u00ables f\u00e9ministes ont le droit de donner leur avis l\u00e0-dessus aussi\u00bb, a-t-elle estim\u00e9. L\u2019eurod\u00e9put\u00e9e verte M\u00e9lanie Vogel a \u00e9galement publi\u00e9 un visuel sur Bluesky affirmant : \u00abEt une tr\u00e8s bonne journ\u00e9e \u00e0 toutes les sales connes du pays.\u00bb<\/p>\n<p class=\"sc-cPiKLX AiZTS text-element\">Du c\u00f4t\u00e9 des insoumis aussi, la sortie de la Premi\u00e8re dame a suscit\u00e9 un \u00e9lan de col\u00e8re. \u00abOn a commenc\u00e9 par les droits des femmes \u00abgrande cause du quinquennat\u00bb, \u00e7a termine en les insultant\u00bb, a notamment fustig\u00e9 sur X l\u2019eurod\u00e9put\u00e9e LFI Manon Aubry. Et <a href=\"https:\/\/www.liberation.fr\/politique\/europeennes-2024-la-france-insoumise-sauve-la-mise-20240609_7OAMR6F74NEFHDPT5PM63SEGPM\/\" target=\"_blank\" rel=\"noreferrer noopener\" title=\"https:\/\/www.liberation.fr\/politique\/europeennes-2024-la-france-insoumise-sauve-la-mise-20240609_7OAMR6F74NEFHDPT5PM63SEGPM\/\">la t\u00eate de liste insoumise en 2019 et 2014<\/a> d\u2019ajouter : \u00abIl est temps que le couple Macron s\u2019en aille.\u00bb<\/p>\n<p class=\"sc-cPiKLX AiZTS text-element\"><a href=\"https:\/\/www.liberation.fr\/politique\/budget-2026-francois-hollande-juge-quil-ne-faut-pas-se-priver-du-493-20251126_WRANODQWLZCMVLBIOJN4TDBZAA\/\" target=\"_blank\" rel=\"noreferrer noopener\" title=\"https:\/\/www.liberation.fr\/politique\/budget-2026-francois-hollande-juge-quil-ne-faut-pas-se-priver-du-493-20251126_WRANODQWLZCMVLBIOJN4TDBZAA\/\">L\u2019ancien pr\u00e9sident Fran\u00e7ois Hollande<\/a> a \u00e9galement critiqu\u00e9 les propos de Brigitte Macron. \u00abM\u00eame si on peut critiquer la forme, quand il s\u2019agit de femmes qui luttent contre les violences faites aux femmes, on ne prononce pas des mots de cette fa\u00e7on\u00bb, a-t-il jug\u00e9. Son ancien ministre des Sports et patron des socialistes au S\u00e9nat, <a href=\"https:\/\/www.liberation.fr\/politique\/campagne-pour-les-senatoriales-patrick-kanner-au-nord-cetaient-les-barons-20230921_OYGZY35HIVFBHB33KJTLPEE72M\/\" target=\"_blank\" rel=\"noopener\" title=\"https:\/\/www.liberation.fr\/politique\/campagne-pour-les-senatoriales-patrick-kanner-au-nord-cetaient-les-barons-20230921_OYGZY35HIVFBHB33KJTLPEE72M\/\">Patrick Kanner<\/a>, a lui aussi \u00e9crit sur X : \u00abOn peut d\u00e9sapprouver les m\u00e9thodes. Mais rien ne justifie d\u2019insulter et de vouloir faire taire des militantes qui tentent de faire entendre la parole des femmes. Madame Macron doit s\u2019excuser.\u00bb<\/p>\n<p class=\"sc-cPiKLX AiZTS text-element\">Au sein du gouvernement, <a href=\"https:\/\/www.liberation.fr\/economie\/pour-amelie-de-montchalin-le-deficit-sera-aux-alentours-de-5-en-2026-en-letat-des-debats-sur-le-budget-20251115_VD7R2GDSDFAZ7MXTOSHJ2OSOEY\/\" target=\"_blank\" rel=\"noreferrer noopener\" title=\"https:\/\/www.liberation.fr\/economie\/pour-amelie-de-montchalin-le-deficit-sera-aux-alentours-de-5-en-2026-en-letat-des-debats-sur-le-budget-20251115_VD7R2GDSDFAZ7MXTOSHJ2OSOEY\/\">la ministre des Comptes publics, Am\u00e9lie de Montchalin<\/a>, a tent\u00e9 d\u2019\u00e9teindre l\u2019incendie en conc\u00e9dant que \u00abce n\u2019est pas un langage qui a vocation \u00e0 \u00eatre dans le d\u00e9bat public\u00bb, tout en affirmant comprendre que les interruptions de spectacles puissent \u00abamener de l\u2019agacement\u00bb.<\/p>\n<p class=\"sc-cPiKLX AiZTS text-element\">L\u2019ancienne porte-parole du gouvernement et d\u00e9put\u00e9e Renaissance des Hauts-de-Seine Prisca Th\u00e9venot a, elle, d\u00e9fendu bec et ongles la Premi\u00e8re Dame en clamant sur BFM TV : \u00abA un moment on a envie de dire : \u201c\u00c7a suffit.\u201d Et ces ph\u00e9nom\u00e8nes sont de plus en plus fr\u00e9quents.\u00bb Et l\u2019\u00e9lue macroniste d\u2019appeler \u00e0 stopper \u00ables pol\u00e9miques inutiles\u00bb. C\u2019est beau, la sororit\u00e9.<\/p>\n","protected":false},"excerpt":{"rendered":"Pour la \u00abgrande cause\u00bb nationale \u2013 c\u2019est ainsi qu\u2019Emmanuel Macron avait d\u00e9sign\u00e9 les violences faites aux femmes au&hellip;\n","protected":false},"author":2,"featured_media":588557,"comment_status":"","ping_status":"","sticky":false,"template":"","format":"standard","meta":{"footnotes":""},"categories":[2],"tags":[11,986,6757,1011,27,12,25],"class_list":{"0":"post-588556","1":"post","2":"type-post","3":"status-publish","4":"format-standard","5":"has-post-thumbnail","7":"category-actualites","8":"tag-actualites","9":"tag-brigitte-macron","10":"tag-feminisme","11":"tag-fr","12":"tag-france","13":"tag-news","14":"tag-republique-francaise"},"share_on_mastodon":{"url":"https:\/\/pubeurope.com\/@fr\/115689703754946556","error":""},"_links":{"self":[{"href":"https:\/\/www.europesays.com\/fr\/wp-json\/wp\/v2\/posts\/588556","targetHints":{"allow":["GET"]}}],"collection":[{"href":"https:\/\/www.europesays.com\/fr\/wp-json\/wp\/v2\/posts"}],"about":[{"href":"https:\/\/www.europesays.com\/fr\/wp-json\/wp\/v2\/types\/post"}],"author":[{"embeddable":true,"href":"https:\/\/www.europesays.com\/fr\/wp-json\/wp\/v2\/users\/2"}],"replies":[{"embeddable":true,"href":"https:\/\/www.europesays.com\/fr\/wp-json\/wp\/v2\/comments?post=588556"}],"version-history":[{"count":0,"href":"https:\/\/www.europesays.com\/fr\/wp-json\/wp\/v2\/posts\/588556\/revisions"}],"wp:featuredmedia":[{"embeddable":true,"href":"https:\/\/www.europesays.com\/fr\/wp-json\/wp\/v2\/media\/588557"}],"wp:attachment":[{"href":"https:\/\/www.europesays.com\/fr\/wp-json\/wp\/v2\/media?parent=588556"}],"wp:term":[{"taxonomy":"category","embeddable":true,"href":"https:\/\/www.europesays.com\/fr\/wp-json\/wp\/v2\/categories?post=588556"},{"taxonomy":"post_tag","embeddable":true,"href":"https:\/\/www.europesays.com\/fr\/wp-json\/wp\/v2\/tags?post=588556"}],"curies":[{"name":"wp","href":"https:\/\/api.w.org\/{rel}","templated":true}]}}