{"id":588567,"date":"2025-12-09T13:00:16","date_gmt":"2025-12-09T13:00:16","guid":{"rendered":"https:\/\/www.europesays.com\/fr\/588567\/"},"modified":"2025-12-09T13:00:16","modified_gmt":"2025-12-09T13:00:16","slug":"apres-tudor-une-autre-conti-pour-krystof-kral-actualite","status":"publish","type":"post","link":"https:\/\/www.europesays.com\/fr\/588567\/","title":{"rendered":"Apr\u00e8s Tudor, une autre Conti pour Krystof Kral &#8211; Actualit\u00e9"},"content":{"rendered":"<p style=\"text-align: justify;\">Pour sa premi\u00e8re ann\u00e9e Espoirs,<strong>\u00a0<a href=\"https:\/\/www.directvelo.com\/coureur\/53929\/krystof-kral\" target=\"_blank\" rel=\"noopener\">Krystof Kral<\/a> <\/strong>avait choisi de rejoindre l&rsquo;hiver dernier la r\u00e9serve de l&rsquo;\u00e9quipe Tudor. Mais sa saison 2025\u00a0a \u00e9t\u00e9 rapidement\u00a0compliqu\u00e9e, avec des abandons au Tour des 100 Communes, au Grand Prix de la ville de Lillers et au Circuit des Ardennes. <strong><a href=\"https:\/\/www.roadcycling.cz\/clanek\/krystof-kral-dostava-prilezitost-k-restartu-dekuji-zdenku-stybarovi-ktery-me-presvedcil-ze-ma-smysl-znova-zacit-a-att-investments-za-duveru\" target=\"_blank\" rel=\"noopener\">Trop entra\u00een\u00e9, g\u00ean\u00e9 par des probl\u00e8mes physiques et pris par le doute<\/a><\/strong>, le Tch\u00e8que avait\u00a0d\u00e9cid\u00e9\u00a0d&rsquo;arr\u00eater la comp\u00e9tition pendant le printemps. Il a finalement choisi de remonter sur le v\u00e9lo et s&rsquo;est m\u00eame engag\u00e9 avec la Continentale tch\u00e8que<strong> <a href=\"https:\/\/www.directvelo.com\/equipe\/3904\/att-investments\" target=\"_blank\" rel=\"noopener\">ATT Investments<\/a><\/strong>\u00a0pour la saison 2026.<\/p>\n<p style=\"text-align: justify;\">Chez les Juniors, Krystof Kral \u00e9tait membre de l&rsquo;\u00e9quipe Grenke Auto Eder, r\u00e9serve U19 de la Red Bull-Bora-Hansgrohe. En 2024, il avait notamment remport\u00e9 une \u00e9tape de la Course de la Paix U19, en Coupe des Nations.<\/p>\n<p>Retrouvez toutes les mutations de l&rsquo;intersaison 2025-2026\u00a0<a href=\"https:\/\/www.directvelo.com\/mutations\/2026#amateur-dn2\" target=\"_blank\" rel=\"noopener\"><strong>en cliquant ici<\/strong><\/a>.\u00a0<\/p>\n","protected":false},"excerpt":{"rendered":"Pour sa premi\u00e8re ann\u00e9e Espoirs,\u00a0Krystof Kral avait choisi de rejoindre l&rsquo;hiver dernier la r\u00e9serve de l&rsquo;\u00e9quipe Tudor. Mais&hellip;\n","protected":false},"author":2,"featured_media":588568,"comment_status":"","ping_status":"","sticky":false,"template":"","format":"standard","meta":{"footnotes":""},"categories":[1411],"tags":[834,828,836,829,837,827,83,826,824,823,1154,207,814,817,815,816,822,821,832,211,839,1011,27,820,818,819,835,831,830,833,838,60,212,208,825],"class_list":{"0":"post-588567","1":"post","2":"type-post","3":"status-publish","4":"format-standard","5":"has-post-thumbnail","7":"category-cyclisme","8":"tag-attaque","9":"tag-belgique","10":"tag-braquet","11":"tag-bretagne","12":"tag-chute","13":"tag-competition","14":"tag-coupe-de-france","15":"tag-coureur","16":"tag-course-cyclisme","17":"tag-course-cycliste","18":"tag-cycling","19":"tag-cyclisme","20":"tag-direct","21":"tag-direct-velo","22":"tag-directvelo","23":"tag-directvelo-com","24":"tag-epreuve","25":"tag-epreuve-cycliste","26":"tag-federation-francaise-de-cyclisme","27":"tag-ffc","28":"tag-flandres","29":"tag-fr","30":"tag-france","31":"tag-live","32":"tag-live-course","33":"tag-live-epreuve","34":"tag-peloton","35":"tag-radio-peloton","36":"tag-radio-tour","37":"tag-ravitaillement","38":"tag-relance","39":"tag-sports","40":"tag-uci","41":"tag-velo","42":"tag-velos"},"share_on_mastodon":{"url":"https:\/\/pubeurope.com\/@fr\/115689739202522499","error":""},"_links":{"self":[{"href":"https:\/\/www.europesays.com\/fr\/wp-json\/wp\/v2\/posts\/588567","targetHints":{"allow":["GET"]}}],"collection":[{"href":"https:\/\/www.europesays.com\/fr\/wp-json\/wp\/v2\/posts"}],"about":[{"href":"https:\/\/www.europesays.com\/fr\/wp-json\/wp\/v2\/types\/post"}],"author":[{"embeddable":true,"href":"https:\/\/www.europesays.com\/fr\/wp-json\/wp\/v2\/users\/2"}],"replies":[{"embeddable":true,"href":"https:\/\/www.europesays.com\/fr\/wp-json\/wp\/v2\/comments?post=588567"}],"version-history":[{"count":0,"href":"https:\/\/www.europesays.com\/fr\/wp-json\/wp\/v2\/posts\/588567\/revisions"}],"wp:featuredmedia":[{"embeddable":true,"href":"https:\/\/www.europesays.com\/fr\/wp-json\/wp\/v2\/media\/588568"}],"wp:attachment":[{"href":"https:\/\/www.europesays.com\/fr\/wp-json\/wp\/v2\/media?parent=588567"}],"wp:term":[{"taxonomy":"category","embeddable":true,"href":"https:\/\/www.europesays.com\/fr\/wp-json\/wp\/v2\/categories?post=588567"},{"taxonomy":"post_tag","embeddable":true,"href":"https:\/\/www.europesays.com\/fr\/wp-json\/wp\/v2\/tags?post=588567"}],"curies":[{"name":"wp","href":"https:\/\/api.w.org\/{rel}","templated":true}]}}