{"id":588575,"date":"2025-12-09T13:05:15","date_gmt":"2025-12-09T13:05:15","guid":{"rendered":"https:\/\/www.europesays.com\/fr\/588575\/"},"modified":"2025-12-09T13:05:15","modified_gmt":"2025-12-09T13:05:15","slug":"nadine-de-rothschild-je-lai-employee-a-mort-laveu-edifiant-sur-thierry-ardisson","status":"publish","type":"post","link":"https:\/\/www.europesays.com\/fr\/588575\/","title":{"rendered":"Nadine de Rothschild : \u00ab\u00a0Je l&rsquo;ai employ\u00e9e \u00e0 mort\u00a0\u00bb, l&rsquo;aveu \u00e9difiant sur Thierry Ardisson"},"content":{"rendered":"<p data-start=\"142\" data-end=\"765\">Figure mondaine incontournable,<br \/>\n<strong>Nadine de Rothschild<\/strong> a toujours cultiv\u00e9 un savant<br \/>\nm\u00e9lange d\u2019\u00e9l\u00e9gance, de franc-parler et d\u2019assurance. Autrice,<br \/>\nancienne actrice et v\u00e9ritable porte-voix du savoir-vivre \u00e0 la<br \/>\nfran\u00e7aise, elle a marqu\u00e9 plusieurs g\u00e9n\u00e9rations par ses codes de<br \/>\npolitesse, ses r\u00e8gles de tenue et sa vision tr\u00e8s affirm\u00e9e du r\u00f4le<br \/>\nde la famille. Bien avant que son nom ne soit associ\u00e9 <a href=\"https:\/\/www.closermag.fr\/people\/cest-moi-qui-lai-perdue-nadine-de-rothschild-regle-ses-comptes-avec-sa-belle-fille-ariane-et-ses-petites-filles-3603567\" target=\"_blank\" rel=\"noopener\"><br \/>\n\u00e0 un litige d\u2019h\u00e9ritage avec sa belle-fille<\/a>, la baronne \u00e9tait<br \/>\nd\u00e9j\u00e0 l\u2019autorit\u00e9 m\u00e9diatique en mati\u00e8re de bonnes mani\u00e8res.<\/p>\n<p data-start=\"767\" data-end=\"1384\" data-is-last-node=\"\" data-is-only-node=\"\">Dans les ann\u00e9es 1990 et 2000, cette expertise<br \/>\nlui a ouvert toutes les portes des \u00e9missions populaires, o\u00f9 elle<br \/>\ndistillait ses pr\u00e9ceptes avec aplomb. Sa pr\u00e9sence ne laissait<br \/>\njamais indiff\u00e9rent. Les t\u00e9l\u00e9spectateurs d\u00e9couvraient une<br \/>\npersonnalit\u00e9 que rien ne semblait <strong>d\u00e9stabiliser<\/strong>,<br \/>\npas m\u00eame les interviews les plus mordantes. \u00c0 90 ans, elle conserve<br \/>\ncette vivacit\u00e9 d\u2019esprit qui fait sa signature.<\/p>\n<p>Thierry Ardisson, ma\u00eetre de<br \/>\nl&rsquo;interview d\u00e9cal\u00e9e<\/p>\n<p data-start=\"181\" data-end=\"980\">Pendant de nombreuses ann\u00e9es,<br \/>\n<strong>Thierry Ardisson<\/strong> s\u2019est impos\u00e9 avec son style<br \/>\nunique, notamment gr\u00e2ce \u00e0 ses interviews surprenantes dans<br \/>\nTout le monde en parle.<br \/>\nL\u2019\u00e9mission, diffus\u00e9e sur France 2 de 1998 \u00e0 2006, \u00e9tait \u00e9galement<br \/>\nmarqu\u00e9e par la pr\u00e9sence de <a href=\"https:\/\/www.closermag.fr\/people\/mort-de-thierry-ardisson-dans-mon-coeur-laurent-baffie-inconsolable-il-lui-fait-une-adorable-declaration-3595636\" target=\"_blank\" rel=\"noopener\"><br \/>\nLaurent Baffie<\/a>, qui jouait le r\u00f4le du sniper et reprenait un<br \/>\npersonnage qu\u2019il incarnait d\u00e9j\u00e0 dans Double Je, au d\u00e9but des ann\u00e9es 1990.<\/p>\n<p data-start=\"181\" data-end=\"980\">Ensemble, les deux complices<br \/>\nn\u2019h\u00e9sitaient pas \u00e0 taquiner des invit\u00e9s prestigieux, \u00e0 l\u2019image de<br \/>\nNadine de Rothschild. Lors d\u2019une s\u00e9quence rest\u00e9e c\u00e9l\u00e8bre, Thierry<br \/>\nArdisson demande \u00e0 la baronne : \u00ab\u00a0Nadine, est-ce qu&rsquo;on peut<br \/>\nsaucer avec son pain ?\u00a0\u00bb, ce \u00e0 quoi elle r\u00e9pond simplement :<br \/>\n\u00ab\u00a0Non\u00a0\u00bb. Laurent Baffie encha\u00eene alors avec humour :<br \/>\n\u00ab\u00a0<strong>Est-ce que saucer c&rsquo;est tromp\u00e9 ?<\/strong>\u00ab\u00a0,<br \/>\nd\u00e9clenchant les \u00e9clats de rire du plateau.<\/p>\n<p>Nadine<br \/>\nde Rothschild assume et relativise<\/p>\n<p data-start=\"1030\" data-end=\"1941\">Invit\u00e9e le vendredi 3 f\u00e9vrier<br \/>\nsur L\u2019invit\u00e9 de 9h10<br \/>\navec <a href=\"https:\/\/www.closermag.fr\/people\/sonia-devillers-destabilisee-francois-cluzet-revele-en-direct-la-mort-de-sa-mere-3573966\" target=\"_blank\" rel=\"noopener\"><br \/>\nSonia Devillers<\/a> sur France Inter pour pr\u00e9senter son nouveau<br \/>\nlivre Tr\u00e8s ch\u00e8res baronnes de<br \/>\nRothschild, Nadine de Rothschild a eu l\u2019occasion de r\u00e9\u00e9couter<br \/>\ncet extrait de Tout le monde<br \/>\nen parle. Interrog\u00e9e sur son ressenti, elle se montre sereine<br \/>\net lucide : \u00ab\u00a0Non pas du tout ! <strong>Il n&rsquo;y a pas d&rsquo;\u00e2ge pour<br \/>\nplaire<\/strong> mademoiselle. C&rsquo;est surtout une partie de mensonge,<br \/>\nde non-v\u00e9rit\u00e9&#8230; C&rsquo;est du th\u00e9\u00e2tre ! Heureusement<br \/>\nd&rsquo;ailleurs\u00a0\u00bb.<\/p>\n<p data-start=\"1030\" data-end=\"1941\">\u00ab\u00a0Il faut faire r\u00eaver les<br \/>\ngens qui vous voient et vous \u00e9coutent. Monsieur Ardisson,<br \/>\nj&rsquo;adorerais qu&rsquo;il me mette en bo\u00eete. <strong>C&rsquo;est vrai que la<br \/>\ns\u00e9duction, je l&rsquo;ai employ\u00e9e \u00e0 mort<\/strong>. J&rsquo;assume parce que je<br \/>\nsuis une femme et c&rsquo;est un m\u00e9tier d&rsquo;\u00eatre femme\u00a0\u00bb,<br \/>\nconclut-elle.<\/p>\n","protected":false},"excerpt":{"rendered":"Figure mondaine incontournable, Nadine de Rothschild a toujours cultiv\u00e9 un savant m\u00e9lange d\u2019\u00e9l\u00e9gance, de franc-parler et d\u2019assurance. Autrice,&hellip;\n","protected":false},"author":2,"featured_media":588576,"comment_status":"","ping_status":"","sticky":false,"template":"","format":"standard","meta":{"footnotes":""},"categories":[1356],"tags":[21303,58,59,1011,27,70202,252,1364],"class_list":{"0":"post-588575","1":"post","2":"type-post","3":"status-publish","4":"format-standard","5":"has-post-thumbnail","7":"category-television","8":"tag-buzz_nonli","9":"tag-divertissement","10":"tag-entertainment","11":"tag-fr","12":"tag-france","13":"tag-marfeel_connexes","14":"tag-television","15":"tag-tv"},"share_on_mastodon":{"url":"https:\/\/pubeurope.com\/@fr\/115689758736140922","error":""},"_links":{"self":[{"href":"https:\/\/www.europesays.com\/fr\/wp-json\/wp\/v2\/posts\/588575","targetHints":{"allow":["GET"]}}],"collection":[{"href":"https:\/\/www.europesays.com\/fr\/wp-json\/wp\/v2\/posts"}],"about":[{"href":"https:\/\/www.europesays.com\/fr\/wp-json\/wp\/v2\/types\/post"}],"author":[{"embeddable":true,"href":"https:\/\/www.europesays.com\/fr\/wp-json\/wp\/v2\/users\/2"}],"replies":[{"embeddable":true,"href":"https:\/\/www.europesays.com\/fr\/wp-json\/wp\/v2\/comments?post=588575"}],"version-history":[{"count":0,"href":"https:\/\/www.europesays.com\/fr\/wp-json\/wp\/v2\/posts\/588575\/revisions"}],"wp:featuredmedia":[{"embeddable":true,"href":"https:\/\/www.europesays.com\/fr\/wp-json\/wp\/v2\/media\/588576"}],"wp:attachment":[{"href":"https:\/\/www.europesays.com\/fr\/wp-json\/wp\/v2\/media?parent=588575"}],"wp:term":[{"taxonomy":"category","embeddable":true,"href":"https:\/\/www.europesays.com\/fr\/wp-json\/wp\/v2\/categories?post=588575"},{"taxonomy":"post_tag","embeddable":true,"href":"https:\/\/www.europesays.com\/fr\/wp-json\/wp\/v2\/tags?post=588575"}],"curies":[{"name":"wp","href":"https:\/\/api.w.org\/{rel}","templated":true}]}}