{"id":588577,"date":"2025-12-09T13:06:11","date_gmt":"2025-12-09T13:06:11","guid":{"rendered":"https:\/\/www.europesays.com\/fr\/588577\/"},"modified":"2025-12-09T13:06:11","modified_gmt":"2025-12-09T13:06:11","slug":"des-annees-apres-leur-duo-jenifer-devoile-le-vrai-visage-de-johnny-hallyday-javais-peur-quil","status":"publish","type":"post","link":"https:\/\/www.europesays.com\/fr\/588577\/","title":{"rendered":"Des ann\u00e9es apr\u00e8s leur duo, Jenifer d\u00e9voile le vrai visage de Johnny Hallyday : \u201cJ\u2019avais peur qu\u2019il\u2026\u201d"},"content":{"rendered":"<p>Par <a class=\"author_recette\" id=\"author_name\" href=\"https:\/\/www.nextplz.fr\/auteur\/francis-uliel\" target=\"_blank\" rel=\"noopener\">Francis<br \/>\nUliel<\/a> &#8211;<br \/>\nPubli\u00e9 le 09 D\u00e9c 2025 \u00e0<br \/>\n12:30<\/p>\n<p class=\"article-intro excerpt\">Apr\u00e8s avoir form\u00e9 un duo de choc<br \/>\navec Johnny Hallyday au Parc des Princes en 2003, Jenifer brise le<br \/>\nsilence et balance toute la v\u00e9rit\u00e9 sur le Taulier.<\/p>\n<p>La date du 5 d\u00e9cembre dernier nous rappelait un jour morose,<br \/>\ncelle de la mort de Johnny Hallyday. En effet, cela fait huit ans<br \/>\nque le Taulier est d\u00e9c\u00e9d\u00e9 des suites d\u00a0\u00bbun cancer du poumon, \u00e0 l&rsquo;\u00e2ge<br \/>\nde 74 ans. Monstre sacr\u00e9 et incontournable de la chanson fran\u00e7aise,<br \/>\nil aura marqu\u00e9 plusieurs g\u00e9n\u00e9rations avec sa voix puissante, son<br \/>\ncharisme et ses concerts l\u00e9gendaires\u2026 Dont une certaine Jenifer<br \/>\navec qui il a form\u00e9 un duo de choc au Parc des Princes en 2003. Des<br \/>\nann\u00e9es apr\u00e8s cette collaboration fructueuse, <a href=\"https:\/\/www.nextplz.fr\/people\/499842-jenifer-tres-honnete-rapport-corps-aime-toujours-pas\" target=\"_blank\" rel=\"noopener\"><br \/>\nl&rsquo;ancienne coach de The Voice<\/a> se livre comme jamais et fait des<br \/>\nr\u00e9v\u00e9lations inattendues.<\/p>\n<p>Jenifer balane une anecdote surprenante sur Johnny Hallyday<\/p>\n<p>Pour rappel, Johnny Hallyday a toujours suscit\u00e9 de la<br \/>\nfascination et d\u00e9bats. Plus encore, son rapport aux autres artistes<br \/>\nreste mitig\u00e9. Autrefois proche de la l\u00e9gende fran\u00e7aise, Jenifer a<br \/>\nsouhait\u00e9 revenir sur les dessous de ce moment dingue v\u00e9cu avec lui.<br \/>\nSur les antennes de Canal+, elle confiait alors avec franchise :<br \/>\n\u00ab\u00a0Je suis tellement admirative, comme beaucoup de gens, et j\u2019ai<br \/>\neu ce privil\u00e8ge de pouvoir partager ce moment avec lui\u00a0\u00bb. Et de<br \/>\npoursuivre dans la foul\u00e9e, sourire aux l\u00e8vres : \u00ab\u00a0J\u2019\u00e9tais<br \/>\nenceinte de mon premier enfant, donc avec les hormones qui font des<br \/>\nbonds, j\u2019avais eu la totale. J\u2019ai vomi juste avant de monter sur<br \/>\nsc\u00e8ne\u2026 J\u2019avais peur qu\u2019il sente que j\u2019ai une mauvaise<br \/>\nhaleine\u00a0\u00bb.<\/p>\n<p>\u00ab\u00a0J&rsquo;ai toujours eu \u00e9norm\u00e9ment de tendresse venant de sa part\u00a0\u00bb<\/p>\n<p>La chanteuse ne s&rsquo;est pas arr\u00eat\u00e9e l\u00e0. Elle s&rsquo;est \u00e9galement<br \/>\nsouvenue d&rsquo;un \u00e9change humain v\u00e9cu avec <a href=\"https:\/\/www.nextplz.fr\/people\/520498-laeticia-hallyday-son-visage-avait-scene-dhorreur-avec-johnny-elle-raconte\" target=\"_blank\" rel=\"noopener\"><br \/>\ncelui qui aurait v\u00e9cu une sc\u00e8ne d&rsquo;horreur avec L\u00e6titia<br \/>\nHallyday<\/a>. Ce dernier, l&rsquo;aurait en effet accueilli avec<br \/>\nbienveillance et tendresse. \u00ab\u00a0J\u2019ai beaucoup ri avec lui, surtout<br \/>\nsur les r\u00e9p\u00e9titions\u00a0\u00bb, a-t-elle fait savoir sur le plateau de<br \/>\nCanal+. Et d&rsquo;ajouter : \u00ab\u00a0On a \u00e9t\u00e9 amen\u00e9s \u00e0 chanter quelques fois<br \/>\nensemble et j\u2019ai toujours eu \u00e9norm\u00e9ment de tendresse venant de sa<br \/>\npart\u00a0\u00bb. Des propos qui corroborent ceux autrefois tenus aupr\u00e8s<br \/>\nde nos confr\u00e8res de T\u00e9l\u00e9 7 Jours. Cette fois-l\u00e0, Jenifer confiait :<br \/>\n\u00ab\u00a0En coulisses au Parc quand je stressais, ses premiers mots ont<br \/>\n\u00e9t\u00e9 &lsquo;T\u2019inqui\u00e8te pas, \u00e7a va bien se passer. Il m\u2019a beaucoup<br \/>\nrassur\u00e9e, et il ironisait sur ma peur\u00a0\u00bb.<\/p>\n<p>Johnny Hallyday jaloux<br \/>\nd&rsquo;Hugues Aufray ?<\/p>\n<p>Jenifer n&rsquo;est pas la seule \u00e0 souvent \u00e9voquer Johnny Hallyday.<br \/>\nApr\u00e8s l&rsquo;avoir c\u00f4toy\u00e9 de longues ann\u00e9es, Hugues Aufray a souvent<br \/>\nbalanc\u00e9 des anecdotes de leur ancienne rivalit\u00e9\u2026 Car oui, \u00e0<br \/>\nl&rsquo;\u00e9poque, les deux chanteurs \u00e9taient loin d&rsquo;\u00eatre les meilleurs<br \/>\namis. De passage sur le plateau de Melody TV, celui-ci d\u00e9voilait<br \/>\nalors les dessous de leur premi\u00e8re rencontre \u00e0 Juan-les-Pins en<br \/>\n1960. \u00ab\u00a0Pendant sa r\u00e9p\u00e9tition, il avait cass\u00e9 une corde de<br \/>\nguitare, j\u2019avais fil\u00e9 dans ma chambre pour lui en donner une\u00a0\u00bb,<br \/>\na-t-il commenc\u00e9 par faire savoir. Et de poursuivre : \u00ab\u00a0Cela<br \/>\navait scell\u00e9 le d\u00e9but d\u2019une amiti\u00e9, pas facile, parce que Johnny<br \/>\n\u00e9tait tr\u00e8s jaloux de moi. C\u2019est invraisemblable, mais c\u2019est comme<br \/>\n\u00e7a\u00a0\u00bb.<\/p>\n","protected":false},"excerpt":{"rendered":"Par Francis Uliel &#8211; Publi\u00e9 le 09 D\u00e9c 2025 \u00e0 12:30 Apr\u00e8s avoir form\u00e9 un duo de choc&hellip;\n","protected":false},"author":2,"featured_media":588578,"comment_status":"","ping_status":"","sticky":false,"template":"","format":"standard","meta":{"footnotes":""},"categories":[1355],"tags":[58,59,1011,27,1361,873,65861],"class_list":{"0":"post-588577","1":"post","2":"type-post","3":"status-publish","4":"format-standard","5":"has-post-thumbnail","7":"category-musique","8":"tag-divertissement","9":"tag-entertainment","10":"tag-fr","11":"tag-france","12":"tag-music","13":"tag-musique","14":"tag-trend"},"share_on_mastodon":{"url":"https:\/\/pubeurope.com\/@fr\/115689762645056682","error":""},"_links":{"self":[{"href":"https:\/\/www.europesays.com\/fr\/wp-json\/wp\/v2\/posts\/588577","targetHints":{"allow":["GET"]}}],"collection":[{"href":"https:\/\/www.europesays.com\/fr\/wp-json\/wp\/v2\/posts"}],"about":[{"href":"https:\/\/www.europesays.com\/fr\/wp-json\/wp\/v2\/types\/post"}],"author":[{"embeddable":true,"href":"https:\/\/www.europesays.com\/fr\/wp-json\/wp\/v2\/users\/2"}],"replies":[{"embeddable":true,"href":"https:\/\/www.europesays.com\/fr\/wp-json\/wp\/v2\/comments?post=588577"}],"version-history":[{"count":0,"href":"https:\/\/www.europesays.com\/fr\/wp-json\/wp\/v2\/posts\/588577\/revisions"}],"wp:featuredmedia":[{"embeddable":true,"href":"https:\/\/www.europesays.com\/fr\/wp-json\/wp\/v2\/media\/588578"}],"wp:attachment":[{"href":"https:\/\/www.europesays.com\/fr\/wp-json\/wp\/v2\/media?parent=588577"}],"wp:term":[{"taxonomy":"category","embeddable":true,"href":"https:\/\/www.europesays.com\/fr\/wp-json\/wp\/v2\/categories?post=588577"},{"taxonomy":"post_tag","embeddable":true,"href":"https:\/\/www.europesays.com\/fr\/wp-json\/wp\/v2\/tags?post=588577"}],"curies":[{"name":"wp","href":"https:\/\/api.w.org\/{rel}","templated":true}]}}