{"id":588590,"date":"2025-12-09T13:13:14","date_gmt":"2025-12-09T13:13:14","guid":{"rendered":"https:\/\/www.europesays.com\/fr\/588590\/"},"modified":"2025-12-09T13:13:14","modified_gmt":"2025-12-09T13:13:14","slug":"japon-au-moins-30-blesses-apres-un-fort-seisme-et-un-tsunami-actualites","status":"publish","type":"post","link":"https:\/\/www.europesays.com\/fr\/588590\/","title":{"rendered":"Japon: au moins 30 bless\u00e9s apr\u00e8s un fort s\u00e9isme et un tsunami : Actualit\u00e9s"},"content":{"rendered":"<p class=\"lead \">Un fort s\u00e9isme qui a frapp\u00e9 dans la nuit de lundi \u00e0 mardi le nord du Japon, o\u00f9 des vagues de tsunami de 70 cm ont \u00e9t\u00e9 enregistr\u00e9es, a fait au moins 30 bless\u00e9s, a indiqu\u00e9 mardi la Premi\u00e8re ministre, Sanae Takaichi.<\/p>\n<p class=\"lead \">L&rsquo;agence m\u00e9t\u00e9orologique japonaise (JMA) a pr\u00e9venu la population que ce tremblement de terre de magnitude 7,5 &#8211; estim\u00e9 dans un premier temps \u00e0 7,6 &#8211; qui s&rsquo;est produit en mer au large de la r\u00e9gion septentrionale d&rsquo;Aomori, \u00e0 23H15 locales (14H15 GMT) pourrait \u00eatre suivi d&rsquo;autres secousses dans les jours \u00e0 venir.<\/p>\n<p class=\"lead \">\u00ab\u00a0Ecoutez les informations de la JMA et des autorit\u00e9s locales toute la semaine, v\u00e9rifiez que votre mobilier est bien fix\u00e9&#8230; et soyez pr\u00eats \u00e0 \u00e9vacuer si vous sentez une secousse\u00a0\u00bb, a d\u00e9clar\u00e9 Mme Takaichi.<\/p>\n<p class=\"lead \">Parmi les bless\u00e9s figure une personne gri\u00e8vement touch\u00e9e sur l\u2019\u00eele de Hokkaido, la plus au nord de l&rsquo;archipel, selon l\u2019Agence japonaise de gestion des incendies et des catastrophes, qui a recommand\u00e9 l&rsquo;\u00e9vacuation de 28.000 personnes.<\/p>\n<p class=\"lead \">A Sapporo, la principale ville de Hokkaido, un journaliste de l\u2019AFP a constat\u00e9 que le sol avait trembl\u00e9 violemment pendant une trentaine de secondes, tandis que les alarmes des smartphones retentissaient pour alerter les habitants.<\/p>\n<p class=\"lead \">Des images en direct ont montr\u00e9 des fragments de verre bris\u00e9 \u00e9parpill\u00e9s sur les routes ou des objets au sol dans les magasins.<\/p>\n<p class=\"lead \">Au lever du jour mardi, les habitants ont constat\u00e9 que quelques routes avaient \u00e9t\u00e9 endommag\u00e9es alors que la neige commence \u00e0 recouvrir le sol dans la r\u00e9gion.<\/p>\n<p class=\"lead \">\u00ab\u00a0Quand nous avons ressenti la secousse et que le syst\u00e8me d\u2019alerte s\u2019est d\u00e9clench\u00e9, nous sommes sortis pr\u00e9cipitamment de la maison. Nous tenions nos enfants \u2013 une fille de 2 ans et un gar\u00e7on de 1 an \u2013 dans nos bras. Cette secousse m\u2019a rappel\u00e9 la catastrophe (de Fukushima en 2011)\u00a0\u00bb, a d\u00e9clar\u00e9 \u00e0 l&rsquo;AFP Daiki Shimohata, 33 ans, un employ\u00e9 municipal de la ville de Hashikami, dans la pr\u00e9fecture d\u2019Aomori.<\/p>\n<p class=\"lead \">\u00ab\u00a0Des objets sont tomb\u00e9s (des \u00e9tag\u00e8res), et une sorte de poudre est tomb\u00e9e du plafond\u00a0\u00bb, a-t-il constat\u00e9 en se rendant dans la nuit dans l&rsquo;une des salles municipales dont il est charg\u00e9 de l&rsquo;entretien.<\/p>\n<p class=\"lead \">Environ 2.700 foyers ont \u00e9t\u00e9 un temps priv\u00e9s d\u2019\u00e9lectricit\u00e9 \u00e0 Aomori. Une trentaine de foyers restaient sans courant en fin de matin\u00e9e mardi,alors que l&rsquo;hiver s&rsquo;installe.<\/p>\n<p class=\"lead \">La JMA avait initialement \u00e9mis une alerte au tsunami en \u00e9voquant des vagues pouvant atteindre 3 m et demandant \u00e0 des milliers d&rsquo;habitants de la r\u00e9gion la plus proche de l&rsquo;\u00e9picentre de se mettre \u00e0 l\u2019abri.<\/p>\n<p class=\"lead \">&#8211; Trains suspendus &#8211;<\/p>\n<p class=\"lead \">La circulation des trains \u00e0 grande vitesse Shinkansen a \u00e9t\u00e9 suspendue dans certaines zones le temps de v\u00e9rifier l\u2019\u00e9tat des voies.<\/p>\n<p class=\"lead \">De son c\u00f4t\u00e9, la compagnie Tohoku Electric Power a indiqu\u00e9 qu\u2019aucune anomalie n\u2019avait \u00e9t\u00e9 d\u00e9tect\u00e9e dans les deux centrales nucl\u00e9aires les plus proches de l&rsquo;\u00e9picentre, celle de Higashidori, \u00e0 Aomori, et celle d\u2019Onagawa, dans la r\u00e9gion de Miyagi.<\/p>\n<p class=\"lead \">La r\u00e9gion est toujours traumatis\u00e9e par le s\u00e9isme de magnitude 9,0 de mars 2011, qui avait d\u00e9clench\u00e9 un tsunami, \u00e0 l&rsquo;origine de quelque 18.500 morts ou disparus.<\/p>\n<p class=\"lead \">La catastrophe avait \u00e9galement entra\u00een\u00e9 la fusion de trois des r\u00e9acteurs de la centrale nucl\u00e9aire de Fukushima, pire d\u00e9sastre de ce type depuis la catastrophe de Tchernobyl, en avril 1986.<\/p>\n<p class=\"lead \">Le Japon se situe \u00e0 la jonction de quatre plaques tectoniques, sur la \u00ab\u00a0Ceinture de feu\u00a0\u00bb du Pacifique. Le pays pr\u00e9sente l&rsquo;une des plus fortes activit\u00e9s sismiques au monde.<\/p>\n<p class=\"lead \">L&rsquo;archipel de 125 millions d&rsquo;habitants enregistre environ 1.500 tremblements de terre par an. La plupart sont faibles, m\u00eame si les d\u00e9g\u00e2ts peuvent varier en fonction de leur localisation et de leur profondeur.<\/p>\n<p class=\"lead \">En janvier, un groupe d&rsquo;experts gouvernementaux a l\u00e9g\u00e8rement augment\u00e9 la probabilit\u00e9 d&rsquo;une secousse majeure dans la fosse de Nankai au large du Japon au cours des trente prochaines ann\u00e9es, la portant \u00e0 75-82%.<\/p>\n<p class=\"lead \">Le gouvernement a ensuite publi\u00e9 une nouvelle estimation en mars, indiquant qu&rsquo;un tel \u00ab\u00a0m\u00e9ga-s\u00e9isme\u00a0\u00bb et le tsunami qui s&rsquo;ensuivrait pourraient causer jusqu&rsquo;\u00e0 298.000 morts et des dommages pouvant atteindre 2.000 milliards de dollars.<\/p>\n<p class=\"small font-weight-bold text-gray3 \"> publi\u00e9 le 9 d\u00e9cembre \u00e0 11h06, AFP<\/p>\n<p>                             Partager<\/p>\n","protected":false},"excerpt":{"rendered":"Un fort s\u00e9isme qui a frapp\u00e9 dans la nuit de lundi \u00e0 mardi le nord du Japon, o\u00f9&hellip;\n","protected":false},"author":2,"featured_media":588591,"comment_status":"","ping_status":"","sticky":false,"template":"","format":"standard","meta":{"footnotes":""},"categories":[5],"tags":[11,1011,27,14,2070,12,20867,6012,28],"class_list":{"0":"post-588590","1":"post","2":"type-post","3":"status-publish","4":"format-standard","5":"has-post-thumbnail","7":"category-international","8":"tag-actualites","9":"tag-fr","10":"tag-france","11":"tag-international","12":"tag-japon","13":"tag-news","14":"tag-sisme","15":"tag-tsunami","16":"tag-world"},"share_on_mastodon":{"url":"https:\/\/pubeurope.com\/@fr\/115689790149667643","error":""},"_links":{"self":[{"href":"https:\/\/www.europesays.com\/fr\/wp-json\/wp\/v2\/posts\/588590","targetHints":{"allow":["GET"]}}],"collection":[{"href":"https:\/\/www.europesays.com\/fr\/wp-json\/wp\/v2\/posts"}],"about":[{"href":"https:\/\/www.europesays.com\/fr\/wp-json\/wp\/v2\/types\/post"}],"author":[{"embeddable":true,"href":"https:\/\/www.europesays.com\/fr\/wp-json\/wp\/v2\/users\/2"}],"replies":[{"embeddable":true,"href":"https:\/\/www.europesays.com\/fr\/wp-json\/wp\/v2\/comments?post=588590"}],"version-history":[{"count":0,"href":"https:\/\/www.europesays.com\/fr\/wp-json\/wp\/v2\/posts\/588590\/revisions"}],"wp:featuredmedia":[{"embeddable":true,"href":"https:\/\/www.europesays.com\/fr\/wp-json\/wp\/v2\/media\/588591"}],"wp:attachment":[{"href":"https:\/\/www.europesays.com\/fr\/wp-json\/wp\/v2\/media?parent=588590"}],"wp:term":[{"taxonomy":"category","embeddable":true,"href":"https:\/\/www.europesays.com\/fr\/wp-json\/wp\/v2\/categories?post=588590"},{"taxonomy":"post_tag","embeddable":true,"href":"https:\/\/www.europesays.com\/fr\/wp-json\/wp\/v2\/tags?post=588590"}],"curies":[{"name":"wp","href":"https:\/\/api.w.org\/{rel}","templated":true}]}}