{"id":588598,"date":"2025-12-09T13:17:16","date_gmt":"2025-12-09T13:17:16","guid":{"rendered":"https:\/\/www.europesays.com\/fr\/588598\/"},"modified":"2025-12-09T13:17:16","modified_gmt":"2025-12-09T13:17:16","slug":"succession-de-gael-perdriau-ce-sera-finalement-un-ticket-berger-chassaubene","status":"publish","type":"post","link":"https:\/\/www.europesays.com\/fr\/588598\/","title":{"rendered":"Succession de Ga\u00ebl Perdriau\u00a0: ce sera finalement un \u00ab\u00a0ticket\u00a0\u00bb Berger &#8211; Chassaub\u00e9n\u00e9"},"content":{"rendered":"<p class=\"is-style-chapo\">Ga\u00ebl Perdriau condamn\u00e9 et d\u00e9missionnaire, le conseil municipal de Saint-Etienne se dote d\u2019un nouveau maire \u2013 et revoit ses adjoints avec \u2013 ce jeudi pour achever le mandat en attendant les \u00e9lections au suffrage universel d\u2019ici 3 mois. Comme nous l\u2019indiquions il y a une semaine, cette succession ne s\u2019est pas faite sans secousses au sein de la majorit\u00e9. Marc Chassaub\u00e9n\u00e9 sortant vainqueur d\u2019un vote au d\u00e9triment de Jean-Pierre Berger mais est rest\u00e9 contest\u00e9. Ce matin, un communiqu\u00e9 de la majorit\u00e9 annonce la fin, au moins apparente, de cet \u00e9ni\u00e8me conflit\u00a0: Jean-Pierre Berger sera propos\u00e9 comme maire, Marc Chassaub\u00e9n\u00e9 comme 1er adjoint.<\/p>\n<p><img fetchpriority=\"high\" decoding=\"async\" width=\"1024\" height=\"768\" src=\"https:\/\/www.europesays.com\/fr\/wp-content\/uploads\/2025\/12\/20230530_122043-1024x768.jpg\" alt=\"La mairie de Saint-Etienne. \u00a9If Saint-Etienne \/ Xavier Alix\" class=\"wp-image-76582\"  \/>L\u2019h\u00f4tel de Ville de Saint-Etienne. \u00a9If Saint-Etienne \/ Xavier Alix<\/p>\n<p>Au gr\u00e9 des s\u00e9ismes qui secouent sa vie publique, Saint-Etienne n\u2019en est plus \u00e0 une \u00ab\u00a0solution constructive et raisonnable\u00a0\u00bb pr\u00e8s. Pour rappel, la majorit\u00e9 municipale a <a href=\"https:\/\/www.if-saint-etienne.fr\/politique-societe\/succession-de-gael-perdriau-la-majorite-municipale-en-voie-de-faire-boum\" target=\"_blank\" rel=\"noreferrer noopener\">implos\u00e9<\/a> la semaine derni\u00e8re, lors de sa r\u00e9union lundi 1er d\u00e9cembre qui sa suivi le <a href=\"https:\/\/www.if-saint-etienne.fr\/immobilier-vie-juridique\/chantage-le-proces\/proces-de-chantage-monsieur-vous-ne-pouvez-plus-etre-le-maire-de-saint-etienne\" target=\"_blank\" rel=\"noreferrer noopener\">verdict<\/a> du proc\u00e8s condamnant son maire, Ga\u00ebl Perdriau, loin du ton consensuel du communiqu\u00e9 transmis le lendemain \u00e9voquant des \u00ab\u00a0\u00e9changes nourris et constructifs\u00a0\u00bb. \u00ab\u00a0Nourris\u00a0\u00bb oui, mais au moins aussi \u2013 si ce n\u2019est plus \u2013 conflictuels que \u00ab\u00a0constructifs\u00a0\u00bb. Pr\u00e9sent \u00e0 cette r\u00e9union, selon une partie des \u00e9lus pr\u00e9sents, l\u2019ex-maire a d\u00e9sign\u00e9 Marc Chassaub\u00e9n\u00e9, 5e adjoint \u00e0 la culture, pour lui succ\u00e9der.<\/p>\n<p>Des voix se sont \u00e9lev\u00e9es pour lui pr\u00e9f\u00e9rer Jean-Pierre Berger, 1er adjoint actuel, en charge de l\u2019urbanisme. Celles-ci le jugeant plus consensuel en interne comme en externe pour achever ce mandat de la mani\u00e8re la plus sereine possible, ses ambitions politiques \u00e0 80 ans pass\u00e9es, n\u2019entrant plus en jeu. C\u2019est ce qu\u2019argue Siham Labich, 2e adjointe \u2013 qui s\u2019est elle-m\u00eame retir\u00e9e avant le scrutin interne \u2013 \u00e0 la t\u00eate d\u2019une douzaine d\u2019\u00e9lus ayant sign\u00e9 un communiqu\u00e9 commun exprimant toujours clairement leur opposition au lendemain de ce \u00ab\u00a0choix\u00a0\u00bb. Choix ou plut\u00f4t vote, disent leurs contradicteurs, celui qui a donn\u00e9 la \u00ab\u00a0victoire\u00a0\u00bb \u00e0 Marc Chassaub\u00e9n\u00e9, obtenant 17 voix en sa faveur contre 15 pour Jean-Pierre Berger. La tentative de mettre sous couvercle cette \u00e9ni\u00e8me situation conflictuelle par un communiqu\u00e9 a rapidement \u00e9t\u00e9 soulev\u00e9e. Depuis\u00a0? Depuis, les tractations sont all\u00e9es bon train, les disputes et conversations anim\u00e9es derri\u00e8re les portes de bureaux de l\u2019h\u00f4tel de ville aussi.<\/p>\n<p>Il faut de toute fa\u00e7on un nouveau maire Saint-Etienne<\/p>\n<p>Il faut de toute fa\u00e7on un nouveau maire et des adjoints \u00e0 Saint-Etienne pour les trois mois \u00e0 venir. Hors majorit\u00e9, les oppositions de gauche ont rapidement indiqu\u00e9 qu\u2019elles ne pr\u00e9senteraient personne et ne voteraient pour personne ayant soutenu ou \u00e9tant rest\u00e9s aux c\u00f4t\u00e9s, m\u00eame sans aller jusqu\u2019au bout, de l\u2019ex maire de Saint-Etienne. Nicole Peycelon certes va se pr\u00e9senter au nom du groupe Saint-Etienne avant tout \u2013 9 \u00e9lus de la droite et du centre ayant quitt\u00e9 la majorit\u00e9 Perdriau en <a href=\"https:\/\/www.if-saint-etienne.fr\/politique-societe\/conseil-municipal-de-saint-etienne-autopsie-dun-chaos\" target=\"_blank\" rel=\"noreferrer noopener\">juin<\/a> 2024 \u2013 mais selon nos informations, elle \u00e9tait pr\u00eate \u00e0 se retirer en cas de deux candidatures issues de la majorit\u00e9 et de 2e tour (il peut y en avoir un 3e, si n\u00e9cessaire avec un vainqueur alors par majorit\u00e9 relative : voici les <a href=\"https:\/\/www.collectivites-locales.gouv.fr\/connaitre-les-acteurs-et-les-institutions\/elus-locaux\/les-adjoints-au-maire\" target=\"_blank\" rel=\"noreferrer noopener\">r\u00e8gles<\/a>) \u00a0au profit de Jean-Pierre Berger. Sans confirmer ni infirmer, contact\u00e9e par If, elle se contentait ce matin lors de notre \u00e9change de parler d\u2019\u00ab\u00a0une position raisonnablement possible, envisageable\u00a0qui reste \u00e0 trancher \u00bb\u2026<\/p>\n<p>Nicole Peycelon nous assurait aussi ne pas \u00eatre au courante de l\u2019accord finalement trouv\u00e9 entre Jean-Pierre berger et Marc Chassaub\u00e9n\u00e9 que nous avions appris hier, lundi. Rebondissement \u00e0 la r\u00e9alit\u00e9 confirm\u00e9e ce mardi 9 d\u00e9cembre peu apr\u00e8s 12 h et un nouveau communiqu\u00e9 de cette majorit\u00e9. Nous citons\u00a0: \u00ab\u00a0Jean-Pierre Berger et Marc Chassaub\u00e9n\u00e9 ont r\u00e9uni hier lundi en fin d\u2019apr\u00e8s-midi les \u00e9lus de la majorit\u00e9 municipale pour confirmer, en \u00e9lus responsables, qu\u2019une solution constructive et raisonnable avait \u00e9t\u00e9 trouv\u00e9e. Lundi dernier, un vote des \u00e9lus de la majorit\u00e9 municipale avait d\u00e9sign\u00e9 Marc Chassaub\u00e9n\u00e9, adjoint au maire charg\u00e9 de la culture, du patrimoine, du design, de la lutte contre les discriminations, vice-pr\u00e9sident de Saint-Etienne M\u00e9tropole, pour \u00eatre le candidat de la majorit\u00e9 municipale \u00e0 la fonction de maire de la ville de Saint-Etienne.\u00a0\u00bb<\/p>\n<p>\u00ab\u00a0Oui, il y aura une liste issue de la majorit\u00e9 actuelle\u00a0\u00bb<\/p>\n<p>Il poursuit\u00a0: \u00ab\u00a0Malgr\u00e9 ce vote et pour r\u00e9pondre \u00e0 un souci d\u2019apaisement, d\u2019unit\u00e9, de dialogue, de coh\u00e9sion, et dans l\u2019int\u00e9r\u00eat de la ville de Saint-Etienne et de la vie municipale, Marc Chassaub\u00e9n\u00e9, a propos\u00e9 \u00e0 Jean-Pierre Berger qu\u2019il soit le candidat de la majorit\u00e9 municipale, \u00e0 la fonction de maire, jeudi prochain au conseil municipal de Saint-Etienne. Lors de la r\u00e9union de la majorit\u00e9 municipale hier lundi, Jean-Pierre Berger a indiqu\u00e9 qu\u2019il serait bien le candidat de la majorit\u00e9 municipale, Marc Chassaub\u00e9n\u00e9 son 1er adjoint, et pr\u00e9sentera jeudi une liste d\u2019adjoints, afin de former une \u00e9quipe au travail, soud\u00e9e, \u00e0 l\u2019\u00e9coute, comp\u00e9tente, au service de Saint-Etienne et de ses habitants.\u00a0\u00bb Comme la semaine pass\u00e9e, Jean-Pierre Berger, sollicit\u00e9 par notre media comme d\u2019autres, conserve \u00e0 ce stade le silence. En revanche, Marc Chassaub\u00e9n\u00e9 a cette fois r\u00e9pondu \u00e0 nos questions, une fois ce nouveau communiqu\u00e9, celui de ce mardi, publi\u00e9. <\/p>\n<blockquote>\n<p>Ce qu\u2019on vous a dit est faux\u00a0: Ga\u00ebl Perdriau n\u2019a pas fait acte de d\u00e9signation envers moi. Il n\u2019a rien r\u00e9clam\u00e9, rien impos\u00e9 aux autres. Il a juste, en une phrase avant le vote indiqu\u00e9 sa pr\u00e9f\u00e9rence personnelle, c\u2019est tout<\/p>\n<p>Marc Chassaub\u00e9n\u00e9<\/p><\/blockquote>\n<p>Il conteste avoir \u00e9t\u00e9 d\u00e9sign\u00e9 autoritairement par Ga\u00ebl Perdriau\u00a0: \u00ab\u00a0Ce qu\u2019on vous a dit est faux\u00a0: il n\u2019a pas fait acte de d\u00e9signation envers moi. Il n\u2019a rien r\u00e9clam\u00e9, rien impos\u00e9. Il a juste, en une phrase avant le vote indiqu\u00e9 sa pr\u00e9f\u00e9rence personnelle, en ma faveur, c\u2019est tout. Puis a vot\u00e9 comme un autre. Il faut aussi savoir que Ga\u00ebl avait d\u00e9j\u00e0 sond\u00e9 il y a quelques mois les \u00e9lus de la majorit\u00e9 sur l\u2019\u00e9ventualit\u00e9 de sa succession pr\u00e9matur\u00e9e. Et d\u00e9j\u00e0, cela m\u2019\u00e9tait favorable. Il est trop t\u00f4t pour \u00e9voquer si j\u2019en serai \u00e0 sa t\u00eate car il y a d\u2019abord un mandat \u00e0 achever, des dossiers importants \u00e0 traiter mais oui, il y aura une liste issue de la majorit\u00e9 actuelle et oui, je veux \u00eatre de la continuit\u00e9 de l\u2019\u0153uvre politique men\u00e9e ici depuis 12 ans parce qu\u2019elle va dans le bon sens.\u00a0Certes, tout n\u2019est pas rose, on a conscience de la situation commerciale du centre-ville\u00a0: nous y avons encore travaill\u00e9 cette semaine avec la CCI. Mais cela ne doit pas occulter de franches avanc\u00e9es, de nombreuses dynamiques\u00a0: urbanisme, attractivit\u00e9, augmentation du nombre d\u2019habitants, d\u2019\u00e9tudiants, dans la culture. Il faut continuer pour les St\u00e9phanois malgr\u00e9 l\u2019affaire. \u00bb<\/p>\n<p>Places et \u00ab\u00a0moyens\u00a0\u00bb de communication <\/p>\n<p>Marc Chassaub\u00e9n\u00e9 pointe la volont\u00e9, selon lui, exprim\u00e9e la semaine pass\u00e9e, de plusieurs \u00e9lus n\u2019ayant pas vot\u00e9 pour lui \u00e0 l\u2019origine, le lundi 1er d\u00e9cembre mais pour Jean-Pierre Berger, de respecter ce \u00ab\u00a0r\u00e9sultat d\u00e9mocratique\u00a0\u00bb interne et donc de lui accorder leurs voix ce jeudi. Ils n\u2019auront donc finalement pas besoin d\u2019aller \u00e0 l\u2019encontre de leur premier choix. Les jeux sont donc faits \u00e0 moins que\u2026 A moins que la douzaine d\u2019\u00e9lus (12 voix sur les 15 contre Marc Chassaub\u00e9n\u00e9), ceux men\u00e9s par Siham Labich, ne persiste dans l\u2019id\u00e9e de ne pas vouloir de lui, \u00ab\u00a0en jetant\u00a0\u00bb Jean-Pierre Berger avec l\u2019eau du bain. Il faudrait pour cela qu\u2019ils votent tous ou presque pour Nicole Peycelon et ses 9 voix acquises d\u2019avance, voire 11 avec celles de Lionel Boucher (et Gilles Artigues). Poursuivons le calcul\u00a0: cela ferait du coup\u00a020 voix pour Jean-Pierre Berger avec Marc Chassaub\u00e9n\u00e9 en 1er adjoint\u00a0et jusqu\u2019\u00e0 23 donc pour une union de circonstance\u2026<\/p>\n<p>Mais l\u2019opposition de droite et du centre qu\u2019est Saint-Etienne Avant Tout \u2013 dont les membres sont partie prenante de la liste qui sera men\u00e9e par Dino Cinieri en a-t-elle r\u00e9ellement envie\u00a0? Plus d\u2019un de nos interlocuteurs avec qui nous avons \u00e9chang\u00e9 depuis une semaine pointe cet enjeu de communication, de pr\u00e9sence (et en cas de brusque \u00ab\u00a0emp\u00eachement\u00a0\u00bb du maire, un 1er adjoint prend l\u2019int\u00e9rim), d\u2019incarnation, de moyens qu\u2019offre le poste de maire, voire aussi de 1er adjoint si\u2026 le maire le veut bien. Certes, en pleine campagne \u00e9lectorale municipale, il y a des <a href=\"https:\/\/www.if-saint-etienne.fr\/politique-societe\/elections-municipales-2026-que-peut-encore-dire-une-collectivite-des-septembre\" target=\"_blank\" rel=\"noreferrer noopener\">r\u00e8gles<\/a> pour ne pas en profiter abusivement au d\u00e9triment des autres. Mais fatalement, la conduite de politiques publiques, am\u00e8ne \u00e0 une existence sur le terrain, \u00e0 la pr\u00e9sentation d\u2019initiatives en conf\u00e9rence de presse, \u00e0 la pr\u00e9sidence des d\u00e9bats en conseil municipal, bref \u00e0 une exposition m\u00e9diatique, supports municipaux compris. \u00a0<\/p>\n<p>Plus de coups \u00e0 prendre que de l\u00e9gitimit\u00e9 \u00e0 gagner ?<\/p>\n<p>Toutefois, au regard du contexte st\u00e9phanois, n\u2019y a-t-il pas plus de coups \u00e0 prendre que de l\u00e9gitimit\u00e9, d\u2019incarnation de la fonction, \u00e0 affirmer, \u00e0 gagner\u00a0? C\u2019est le sentiment de Siham Labich \u2013 toujours en r\u00e9flexion, dit-elle sur la pr\u00e9sentation d\u2019une liste propre \u00e0 elle aux \u00e9lections municipales \u2013 estimant que le poste de 1er adjoint donn\u00e9 \u00e0 Marc Chassaub\u00e9n\u00e9 reste un coup de projecteur \u00e0 une future candidature dont elle ne doute pas. De quoi potentiellement g\u00e9n\u00e9rer de nouvelles s\u00e9rie de tensions selon elle. \u00ab Pour les \u00e9viter et rester dans la s\u00e9r\u00e9nit\u00e9, j\u2019avais propos\u00e9 non pas ma personne en 1\u00e8re adjointe mais Nora Berroukeche qui en tant qu\u2019adjointe aux finances et ayant annonc\u00e9 qu\u2019elle ne ferait que deux mandats (2014\/20 et donc 2020\/26, Ndlr) dont ne pouvait qu\u2019\u00eatre consensuelle. Il est pr\u00e9f\u00e9rable que ceux qui ont de l\u2019ambition pour la suite se mettent en retrait\u00a0\u00bb, nous pr\u00e9cise-t-elle. \u00a0<\/p>\n<p>Les votes, jeudi seront probablement \u00e0 bulletin secret. Aussi, \u00e0 propos de secrets, qui sait quels autres peuvent \u00eatre mis \u00e0 jour d\u2019ici l\u00e0\u00a0? Derri\u00e8re, il y a un autre enjeu urgent : la tenue le 19 d\u00e9cembre du conseil municipal originel et habituel avec 80 dossiers \u00e0 l\u2019ordre du jour concernant le \u00ab\u00a0quotidien de St\u00e9phanois et des St\u00e9phanoises\u00a0\u00bb. Parmi eux, les potentiellement \u00e9pineuses Orientations budg\u00e9taires 2026  \u00e0 faire d\u00e9battre et voter\u00a0et dont h\u00e9ritera l\u2019\u00e9quipe \u00e9lue en mars prochain pour sa premi\u00e8re ann\u00e9e d\u2019exercice. Derri\u00e8re encore, les suites du verdict du proc\u00e8s n\u2019ont pas fini de faire le quotidien de Saint-Etienne\u00a0et au-del\u00e0 du Sud Loire : \u00e0 l\u2019\u00e9chelle de l\u2019agglom\u00e9ration, il va falloir \u00e9lire le 17 d\u00e9cembre un nouveau pr\u00e9sident \u00e0 la M\u00e9tropole et des vice-pr\u00e9sidents. Et vis-\u00e0-vis de tr\u00e8s nombreux \u00e9lus, qu\u2019ils soient de Saint-Etienne ou des 52 autres communes, les St\u00e9phanois occupant actuellement les postes seraient loin d\u2018\u00eatre tous en odeur de saintet\u00e9\u2026 \u00a0\u00a0\u00a0\u00a0\u00a0<\/p>\n","protected":false},"excerpt":{"rendered":"Ga\u00ebl Perdriau condamn\u00e9 et d\u00e9missionnaire, le conseil municipal de Saint-Etienne se dote d\u2019un nouveau maire \u2013 et revoit&hellip;\n","protected":false},"author":2,"featured_media":61463,"comment_status":"","ping_status":"","sticky":false,"template":"","format":"standard","meta":{"footnotes":""},"categories":[9653],"tags":[1111,11,2430,15916,1777,674,1011,27,12,25,4001],"class_list":{"0":"post-588598","1":"post","2":"type-post","3":"status-publish","4":"format-standard","5":"has-post-thumbnail","7":"category-saint-etienne","8":"tag-actu","9":"tag-actualites","10":"tag-auvergne-rhone-alpes","11":"tag-electif","12":"tag-eu","13":"tag-europe","14":"tag-fr","15":"tag-france","16":"tag-news","17":"tag-republique-francaise","18":"tag-saint-etienne"},"share_on_mastodon":{"url":"https:\/\/pubeurope.com\/@fr\/115689806765854202","error":""},"_links":{"self":[{"href":"https:\/\/www.europesays.com\/fr\/wp-json\/wp\/v2\/posts\/588598","targetHints":{"allow":["GET"]}}],"collection":[{"href":"https:\/\/www.europesays.com\/fr\/wp-json\/wp\/v2\/posts"}],"about":[{"href":"https:\/\/www.europesays.com\/fr\/wp-json\/wp\/v2\/types\/post"}],"author":[{"embeddable":true,"href":"https:\/\/www.europesays.com\/fr\/wp-json\/wp\/v2\/users\/2"}],"replies":[{"embeddable":true,"href":"https:\/\/www.europesays.com\/fr\/wp-json\/wp\/v2\/comments?post=588598"}],"version-history":[{"count":0,"href":"https:\/\/www.europesays.com\/fr\/wp-json\/wp\/v2\/posts\/588598\/revisions"}],"wp:featuredmedia":[{"embeddable":true,"href":"https:\/\/www.europesays.com\/fr\/wp-json\/wp\/v2\/media\/61463"}],"wp:attachment":[{"href":"https:\/\/www.europesays.com\/fr\/wp-json\/wp\/v2\/media?parent=588598"}],"wp:term":[{"taxonomy":"category","embeddable":true,"href":"https:\/\/www.europesays.com\/fr\/wp-json\/wp\/v2\/categories?post=588598"},{"taxonomy":"post_tag","embeddable":true,"href":"https:\/\/www.europesays.com\/fr\/wp-json\/wp\/v2\/tags?post=588598"}],"curies":[{"name":"wp","href":"https:\/\/api.w.org\/{rel}","templated":true}]}}