{"id":588603,"date":"2025-12-09T13:20:17","date_gmt":"2025-12-09T13:20:17","guid":{"rendered":"https:\/\/www.europesays.com\/fr\/588603\/"},"modified":"2025-12-09T13:20:17","modified_gmt":"2025-12-09T13:20:17","slug":"a-ollioules-une-experience-savoureuse-au-coeur-du-patrimoine","status":"publish","type":"post","link":"https:\/\/www.europesays.com\/fr\/588603\/","title":{"rendered":"\u00c0 Ollioules, une exp\u00e9rience savoureuse au c\u0153ur du patrimoine"},"content":{"rendered":"<p>                    <img loading=\"lazy\" decoding=\"async\" src=\"https:\/\/www.europesays.com\/fr\/wp-content\/uploads\/2025\/12\/95871c152734138423b99a03322b70.png\" class=\"img-responsive post-image\" width=\"680\" height=\"510\" alt=\"\u00c0 Ollioules, une exp\u00e9rien\" title=\"\u00c0 Ollioules, une exp\u00e9rience savoureuse au c\u0153ur du patrimoine\"\/><\/p>\n<p class=\"chapo\">L\u2019Office de Tourisme Provence M\u00e9diterran\u00e9e a d\u00e9voil\u00e9, le 27 novembre, une nouvelle exp\u00e9rience de d\u00e9couverte avec la Balade gourmande  d\u2019Ollioules.<\/p>\n<p>Une promenade sensorielle au c\u0153ur du centre ancien, entre histoire, rencontres humaines et plaisirs du palais. \u00c0 Ollioules, village perch\u00e9 dont l\u2019embl\u00e8me est l\u2019olivier, la Provence se d\u00e9guste comme un art de vivre, entre produits locaux et cuisine m\u00e9diterran\u00e9enne. Depuis ses collines d\u2019oliviers aux senteurs de garrigue, l\u2019Office de Tourisme a donc invit\u00e9 \u00e0 une exp\u00e9rience authentique, \u00e0 la crois\u00e9e des go\u00fbts et du patrimoine. Cette visite guid\u00e9e propose aux participants de parcourir les ruelles pittoresques de la cit\u00e9 m\u00e9di\u00e9vale tout en marquant des pauses gourmandes chez les artisans, les producteurs et commer\u00e7ants locaux.<\/p>\n<p><strong>Le programme de la balade <\/strong> <br class=\"autobr\"\/><br \/>\n\u2022       Balade guid\u00e9e et d\u00e9gustative<br class=\"autobr\"\/><br \/>\n\u2022       D\u00e9gustation de cade sur le march\u00e9<br class=\"autobr\"\/><br \/>\n\u2022       D\u00e9gustation des vins de Terrebrune<br class=\"autobr\"\/><br \/>\n\u2022       D\u00e9jeuner\u00a0: farcis proven\u00e7aux ou daube de poulpes<br class=\"autobr\"\/><br \/>\n\u2022       Caf\u00e9 Maurice ou th\u00e9 et tartellette Amandine au Cyrano<br class=\"autobr\"\/><br \/>\n\u2022       D\u00e9couverte de la Nougaterie Maison Jonquier<\/p>\n","protected":false},"excerpt":{"rendered":"L\u2019Office de Tourisme Provence M\u00e9diterran\u00e9e a d\u00e9voil\u00e9, le 27 novembre, une nouvelle exp\u00e9rience de d\u00e9couverte avec la Balade&hellip;\n","protected":false},"author":2,"featured_media":588604,"comment_status":"","ping_status":"","sticky":false,"template":"","format":"standard","meta":{"footnotes":""},"categories":[9619],"tags":[1111,11,2408,1777,674,1011,27,12,882,25,2310],"class_list":{"0":"post-588603","1":"post","2":"type-post","3":"status-publish","4":"format-standard","5":"has-post-thumbnail","7":"category-toulon","8":"tag-actu","9":"tag-actualites","10":"tag-appels-d","11":"tag-eu","12":"tag-europe","13":"tag-fr","14":"tag-france","15":"tag-news","16":"tag-provence-alpes-cote-dazur","17":"tag-republique-francaise","18":"tag-toulon"},"share_on_mastodon":{"url":"https:\/\/pubeurope.com\/@fr\/115689818475861536","error":""},"_links":{"self":[{"href":"https:\/\/www.europesays.com\/fr\/wp-json\/wp\/v2\/posts\/588603","targetHints":{"allow":["GET"]}}],"collection":[{"href":"https:\/\/www.europesays.com\/fr\/wp-json\/wp\/v2\/posts"}],"about":[{"href":"https:\/\/www.europesays.com\/fr\/wp-json\/wp\/v2\/types\/post"}],"author":[{"embeddable":true,"href":"https:\/\/www.europesays.com\/fr\/wp-json\/wp\/v2\/users\/2"}],"replies":[{"embeddable":true,"href":"https:\/\/www.europesays.com\/fr\/wp-json\/wp\/v2\/comments?post=588603"}],"version-history":[{"count":0,"href":"https:\/\/www.europesays.com\/fr\/wp-json\/wp\/v2\/posts\/588603\/revisions"}],"wp:featuredmedia":[{"embeddable":true,"href":"https:\/\/www.europesays.com\/fr\/wp-json\/wp\/v2\/media\/588604"}],"wp:attachment":[{"href":"https:\/\/www.europesays.com\/fr\/wp-json\/wp\/v2\/media?parent=588603"}],"wp:term":[{"taxonomy":"category","embeddable":true,"href":"https:\/\/www.europesays.com\/fr\/wp-json\/wp\/v2\/categories?post=588603"},{"taxonomy":"post_tag","embeddable":true,"href":"https:\/\/www.europesays.com\/fr\/wp-json\/wp\/v2\/tags?post=588603"}],"curies":[{"name":"wp","href":"https:\/\/api.w.org\/{rel}","templated":true}]}}