{"id":588605,"date":"2025-12-09T13:21:16","date_gmt":"2025-12-09T13:21:16","guid":{"rendered":"https:\/\/www.europesays.com\/fr\/588605\/"},"modified":"2025-12-09T13:21:16","modified_gmt":"2025-12-09T13:21:16","slug":"mignoni-sinquiete-de-la-blessure-de-jaminet-et-avoue-ne-pas-comprendre-ce-qui-lui-est-arrive","status":"publish","type":"post","link":"https:\/\/www.europesays.com\/fr\/588605\/","title":{"rendered":"Mignoni s\u2019inqui\u00e8te de la blessure de Jaminet et avoue ne pas comprendre ce qui lui est arriv\u00e9"},"content":{"rendered":"<p>Le Rugby Club Toulonnais a perdu gros ce dimanche soir en Ecosse. Pour leur entr\u00e9e en lice en Champions Cup, les hommes de Pierre Mignoni se <a href=\"https:\/\/www.quinzemondial.com\/champions-cup\/champions-cup-tous-les-resultats-et-les-classements-des-clubs-francais-apres-la-premiere-journee-821092\" target=\"_blank\" rel=\"noopener\">sont inclin\u00e9s face \u00e0 Edimbourgh<\/a>, sans parvenir \u00e0 prendre un seul point. Une d\u00e9faite qui hypoth\u00e8que d\u00e9j\u00e0 une partie de leurs chances de se qualifier pour les phases finales.<\/p>\n<p>Pour ne rien arranger, les Varois ont <a href=\"https:\/\/www.quinzemondial.com\/champions-cup\/toulon-suspicion-de-fracture-pour-jaminet-longue-absence-a-prevoir-821080\" target=\"_blank\" rel=\"noopener\">perdu d\u00e8s le d\u00e9but de la rencontre Melvyn Jaminet.<\/a> Apr\u00e8s la transformation du deuxi\u00e8me essai de Ben White, l\u2019arri\u00e8re international s\u2019est tenu la main droite et a d\u00fb quitter la pelouse. Alors qu\u2019une fracture est redout\u00e9e, personne ne comprend \u00e0 Toulon comment le joueur a bien pu se blesser. Dans les colonnes de <a href=\"https:\/\/www.lequipe.fr\/Rugby\/Actualites\/Pierre-mignoni-a-propos-de-l-etrange-blessure-de-melvyn-jaminet-contre-edimbourg-c-est-casse-c-est-certain\/1615565\" target=\"_blank\" rel=\"noopener\">L\u2019Equipe<\/a>, Mignoni a t\u00e9moign\u00e9 de son incompr\u00e9hension.<\/p>\n<blockquote>\n<p>\u00a0\u00ab\u00a0On n&rsquo;a toujours pas compris ce qui lui est arriv\u00e9. M\u00eame Melvyn, je ne sais pas s&rsquo;il sait comment il s&rsquo;est fait \u00e7a. C&rsquo;est sur une action de jeu, par terre ou pas, dans l&rsquo;action lui non plus n&rsquo;a pas d\u00fb sentir le choc. Coup de genou ou pas, c&rsquo;est sur un contact, c&rsquo;est certain. C&rsquo;est cass\u00e9, c&rsquo;est certain. \u00c0 quel endroit, on ne sait pas pr\u00e9cis\u00e9ment \u00bb<\/p>\n<\/blockquote>\n<p>Partagez cette info avec vos amis et vos proches en cliquant ici<br \/>Pour r\u00e9sumer<\/p>\n<p>Pierre Mignoni \u00e9tait dubitatif en conf\u00e9rence de presse sur la blessure de Melvyn Jaminet, touch\u00e9 au poignet et probablement victime d\u2019une fracture. L\u2019entra\u00eeneur toulonnais n\u2019a pas compris comment il s\u2019est bless\u00e9 durant la rencontre.<\/p>\n<p> <img decoding=\"async\" width=\"76\" height=\"76\" loading=\"lazy\" src=\"https:\/\/www.europesays.com\/fr\/wp-content\/uploads\/2025\/04\/avatar-quinze.png\" alt=\"Arnaud D\u00e9chelotte\"\/><\/p>\n","protected":false},"excerpt":{"rendered":"Le Rugby Club Toulonnais a perdu gros ce dimanche soir en Ecosse. Pour leur entr\u00e9e en lice en&hellip;\n","protected":false},"author":2,"featured_media":588606,"comment_status":"","ping_status":"","sticky":false,"template":"","format":"standard","meta":{"footnotes":""},"categories":[9619],"tags":[1111,11,3460,1777,674,1011,27,12,882,25,2310],"class_list":{"0":"post-588605","1":"post","2":"type-post","3":"status-publish","4":"format-standard","5":"has-post-thumbnail","7":"category-toulon","8":"tag-actu","9":"tag-actualites","10":"tag-champions-cup","11":"tag-eu","12":"tag-europe","13":"tag-fr","14":"tag-france","15":"tag-news","16":"tag-provence-alpes-cote-dazur","17":"tag-republique-francaise","18":"tag-toulon"},"share_on_mastodon":{"url":"https:\/\/pubeurope.com\/@fr\/115689822436249906","error":""},"_links":{"self":[{"href":"https:\/\/www.europesays.com\/fr\/wp-json\/wp\/v2\/posts\/588605","targetHints":{"allow":["GET"]}}],"collection":[{"href":"https:\/\/www.europesays.com\/fr\/wp-json\/wp\/v2\/posts"}],"about":[{"href":"https:\/\/www.europesays.com\/fr\/wp-json\/wp\/v2\/types\/post"}],"author":[{"embeddable":true,"href":"https:\/\/www.europesays.com\/fr\/wp-json\/wp\/v2\/users\/2"}],"replies":[{"embeddable":true,"href":"https:\/\/www.europesays.com\/fr\/wp-json\/wp\/v2\/comments?post=588605"}],"version-history":[{"count":0,"href":"https:\/\/www.europesays.com\/fr\/wp-json\/wp\/v2\/posts\/588605\/revisions"}],"wp:featuredmedia":[{"embeddable":true,"href":"https:\/\/www.europesays.com\/fr\/wp-json\/wp\/v2\/media\/588606"}],"wp:attachment":[{"href":"https:\/\/www.europesays.com\/fr\/wp-json\/wp\/v2\/media?parent=588605"}],"wp:term":[{"taxonomy":"category","embeddable":true,"href":"https:\/\/www.europesays.com\/fr\/wp-json\/wp\/v2\/categories?post=588605"},{"taxonomy":"post_tag","embeddable":true,"href":"https:\/\/www.europesays.com\/fr\/wp-json\/wp\/v2\/tags?post=588605"}],"curies":[{"name":"wp","href":"https:\/\/api.w.org\/{rel}","templated":true}]}}