{"id":588613,"date":"2025-12-09T13:27:16","date_gmt":"2025-12-09T13:27:16","guid":{"rendered":"https:\/\/www.europesays.com\/fr\/588613\/"},"modified":"2025-12-09T13:27:16","modified_gmt":"2025-12-09T13:27:16","slug":"grenoble-les-squatteurs-de-ce-batiment-refusent-leur-expulsion-bras-de-fer-avec-la-ville","status":"publish","type":"post","link":"https:\/\/www.europesays.com\/fr\/588613\/","title":{"rendered":"Grenoble. Les squatteurs de ce b\u00e2timent refusent leur expulsion, bras de fer avec la Ville"},"content":{"rendered":"<p>                    Par<br \/>\n        <strong><br \/>\n            <a href=\"https:\/\/actu.fr\/auteur\/lisa-rodrigues\" title=\"Consulter tous les articles de Lisa Rodrigues\" target=\"_blank\" rel=\"noopener\">Lisa Rodrigues<\/a><br \/>\n                    <\/strong><\/p>\n<p>        Publi\u00e9 le<\/p>\n<p>            9 d\u00e9c. 2025 \u00e0 11h22        <\/p>\n<p>Nouveau rebondissement dans le dossier de <strong>la Bobine<\/strong>, salle de spectacle associative de <a href=\"https:\/\/actu.fr\/grenoble\/\" target=\"_blank\" rel=\"noopener\">Grenoble<\/a> ferm\u00e9e en juin suite \u00e0 de gros probl\u00e8mes financiers. Le 18 septembre, en marge des <a href=\"https:\/\/actu.fr\/auvergne-rhone-alpes\/grenoble_38185\/greve-du-18-septembre-a-grenoble-15-000-manifestants-dans-les-rues-j-en-ai-marre-d-avoir-peur_63181122.html\" target=\"_blank\" rel=\"noopener\">manifestations du mouvement \u00ab\u00a0Bloquons tout\u00a0\u00bb<\/a>, un collectif de militants et d\u2019associations prend possession du site pour en faire \u00ab\u00a0un lieu d\u2019organisation politique, de vie et de f\u00eate\u00a0\u00bb.<\/p>\n<p class=\" wall-content\">Lundi 8 d\u00e9cembre, ce m\u00eame collectif annonce par voie de communiqu\u00e9 avoir \u00ab\u00a0re\u00e7u un arr\u00eat\u00e9 municipal sign\u00e9 par <a href=\"https:\/\/actu.fr\/tag\/eric-piolle\" target=\"_blank\" rel=\"noopener\">\u00c9ric Piolle<\/a>, nous annon\u00e7ant <strong>une expulsion sous 48 heures<\/strong>\u00ab\u00a0. D\u00e9cision que les occupants des lieux contestent.<\/p>\n<p>Une trentaine de personnes vivent sur place<\/p>\n<p class=\" wall-content\">Car en parall\u00e8le des \u00e9v\u00e9nements organis\u00e9s sur place, la Bobine sert aussi de refuge \u00e0 une trentaine de personnes dans \u00ab\u00a0un contexte de pr\u00e9carit\u00e9 et d\u2019isolement social grandissants, o\u00f9 la mairie rechigne \u00e0 utiliser sa <a href=\"https:\/\/actu.fr\/auvergne-rhone-alpes\/grenoble_38185\/grenoble-pour-aider-les-familles-sans-logement-la-mairie-passe-a-l-etape-superieure_62667310.html\" target=\"_blank\" rel=\"noopener\">pr\u00e9rogative de r\u00e9quisition<\/a> et de mise \u00e0 disposition de b\u00e2timents vides\u00a0\u00bb, souligne le collectif.<\/p>\n<p class=\" wall-content\">Mais pour la mairie, \u00ab\u00a0<strong>tous les \u00e9l\u00e9ments sont r\u00e9unis pour qu\u2019un drame se produise<\/strong> sur site du fait de l\u2019occupation actuelle.\u00a0\u00bb Outre des r\u00e8gles de s\u00e9curit\u00e9 et d\u2019accueil du public qui ne seraient pas respect\u00e9es, les personnes h\u00e9berg\u00e9es sur place vivraient dans \u00ab\u00a0un lieu inadapt\u00e9\u00a0\u00bb et \u00ab\u00a0dans des conditions d\u2019hygi\u00e8ne tr\u00e8s d\u00e9grad\u00e9es\u00a0\u00bb.<\/p>\n<p class=\" wall-content\">Des risques d\u2019incendie, de \u00ab\u00a0rixes et de violences r\u00e9currentes sur ce lieu\u00a0\u00bb sont \u00e9galement \u00e9voqu\u00e9s.<\/p>\n<p>Le projet de reprise de la Bobine tomb\u00e9 \u00e0 l&rsquo;eau<\/p>\n<p>En parall\u00e8le de l&rsquo;occupation de la Bobine, la proc\u00e9dure de reprise des lieux s&rsquo;est poursuivie. La justice a d\u00e9sign\u00e9 en octobre L&rsquo;Autre Asso. Mais elle a d\u00fb jeter l&rsquo;\u00e9ponge quelques semaines plus tard, \u00e0 la suite d&rsquo;une pol\u00e9mique n\u00e9e d&rsquo;un sondage \u00ab\u00a0maladroit\u00a0\u00bb sur les r\u00e9seaux sociaux, o\u00f9 une proposition \u00e9voquait l&rsquo;id\u00e9e de d\u00e9loger les squatteurs avec l&rsquo;aide des forces de l&rsquo;ordre. <br \/>Une solution qui pourrait donc finalement bien se r\u00e9aliser avec l&rsquo;arr\u00eat\u00e9 municipal d&rsquo;expulsion.<\/p>\n<p>\u00ab\u00a0Une expulsion sans fondement\u00a0\u00bb<\/p>\n<p class=\" wall-content\">Des arguments que la Bobine occup\u00e9e rejette en bloc. \u00ab\u00a0L\u2019arr\u00eat\u00e9 d\u2019expulsion met en avant de <strong>nombreux arguments malhonn\u00eates<\/strong> pour faire croire \u00e0 <strong>un risque imaginaire pour les occupants<\/strong>\u00a0\u00bb pour \u00ab\u00a0justifier une expulsion sans fondement d\u2019un lieu autog\u00e9r\u00e9\u00a0\u00bb.<\/p>\n<p>Votre r\u00e9gion, votre actu !<\/p>\n<p>Recevez chaque jour les infos qui comptent pour vous.<\/p>\n<p>\t<a href=\"https:\/\/actu.fr\/newsletter\" class=\"ac-btn ac-btn--corner ac-btn--medium ac-btn--blue800\" target=\"_blank\" rel=\"noopener\">S&rsquo;incrire<\/a><\/p>\n<p class=\" wall-content\">Le collectif met en avant les \u00ab\u00a0nombreux \u00e9quipements sanitaires\u00a0\u00bb et douches qui garantissent \u00ab\u00a0des conditions d\u2019hygi\u00e8ne correctes\u00a0\u00bb aux personnes h\u00e9berg\u00e9es. Et d\u00e9plore que la mairie veuille \u00ab\u00a0les renvoyer dans la rue en plein hiver, alors que le 115 est constamment satur\u00e9 et que les services de l\u2019\u00c9tat sont <a href=\"https:\/\/actu.fr\/auvergne-rhone-alpes\/grenoble_38185\/grenoble-une-famille-a-la-rue-inquiete-accusee-d-etre-defaillante-la-prefecture-repond_63536135.html\" target=\"_blank\" rel=\"noopener\">incapables de proposer des h\u00e9bergements dignes<\/a>\u00ab\u00a0.<\/p>\n<p class=\" wall-content\">Sur les troubles du voisinage, \u00ab\u00a0on ne peut qu\u2019\u00eatre oblig\u00e9s de rappeler que le lieu est au milieu d\u2019un parc et accueillait, il y a 8 mois, chaque semaine plusieurs soir\u00e9es et concerts. Depuis deux mois, nous constatons au contraire que <strong>le voisinage est ravi<\/strong> de voir ce lieu revivre.\u00a0\u00bb<\/p>\n<p>\u00ab\u00a0Diff\u00e9rentes propositions concr\u00e8tes leur ont \u00e9t\u00e9 faites\u00a0\u00bb<\/p>\n<p class=\" wall-content\">De son c\u00f4t\u00e9, la mairie met en avant sa volont\u00e9 pendant plusieurs mois \u00ab\u00a0d\u2019entretenir le dialogue\u00a0\u00bb avec les occupants qui \u00ab\u00a0ont investi cette propri\u00e9t\u00e9 municipale sans autorisation et <a href=\"https:\/\/actu.fr\/auvergne-rhone-alpes\/grenoble_38185\/grenoble-une-polemique-eclate-autour-de-ce-lieu-emblematique-squatte-le-repreneur-renonce_63427671.html\" target=\"_blank\" rel=\"noopener\">hors de tout cadre l\u00e9gal<\/a>\u00ab\u00a0.\u00a0<\/p>\n<p class=\" wall-content\">Une <strong>proposition de d\u00e9m\u00e9nagement<\/strong> des activit\u00e9s du collectif a \u00e9t\u00e9 faite, il y a quelques semaines, dans un \u00e9quipement partag\u00e9 avec d\u2019autres associations. \u00ab\u00a0Diff\u00e9rentes propositions concr\u00e8tes leur ont \u00e9t\u00e9 faites, tenant compte des besoins exprim\u00e9s, sans que celles-ci ne soient jamais accept\u00e9es par les occupants\u00a0\u00bb, d\u00e9plore la Ville de Grenoble.<\/p>\n<p>Rassemblement mercredi matin contre l\u2019expulsion<\/p>\n<p class=\" wall-content\">Dans un communiqu\u00e9, la Ville assure \u00ab\u00a0qu\u2019un diagnostic social a \u00e9t\u00e9 r\u00e9alis\u00e9 avec les personnes volontaires pr\u00e9sentes sur place\u00a0\u00bb pour trouver des solutions d\u2019h\u00e9bergement pour les occupants de la Bobine, \u00ab\u00a0en tr\u00e8s grande majorit\u00e9 des hommes seuls. <strong>Aucune famille ni aucun enfant ne sont pr\u00e9sents sur site<\/strong>.\u00a0\u00bb\u00a0<\/p>\n<p class=\" wall-content\">Elle appelle \u00e9galement \u00ab\u00a0les occupants \u00e0 quitter les lieux dans le calme et dans les meilleurs d\u00e9lais\u00a0\u00bb.<\/p>\n<p class=\" wall-content\">Le collectif de la Bobine occup\u00e9e r\u00e9pond en appelant \u00ab\u00a0\u00e0 venir dormir massivement dans les locaux toutes les nuits, pour \u00eatre nombreuses et nombreux en cas d\u2019expulsion\u00a0\u00bb. Un rassemblement est aussi pr\u00e9vu mercredi 10 d\u00e9cembre \u00e0 partir de 5h30 \u00e0 la Bobine.<\/p>\n<p class=\" wall-content\">Personnalisez votre actualit\u00e9 en ajoutant vos villes et m\u00e9dias en favori avec <a href=\"https:\/\/moncompte.actu.fr\" title=\"D\u00e9couvez Mon Actu\" rel=\"nofollow noopener\" data-trk=\"{&quot;cta&quot;:{&quot;action&quot;:&quot;https:\\\/\\\/moncompte.actu.fr&quot;,&quot;category&quot;:&quot;mon compte&quot;,&quot;from&quot;:&quot;article footer&quot;,&quot;name&quot;:&quot;Mon actu&quot;,&quot;type&quot;:&quot;cta&quot;}}\" target=\"_blank\">Mon Actu<\/a>.<\/p>\n","protected":false},"excerpt":{"rendered":"Par Lisa Rodrigues Publi\u00e9 le 9 d\u00e9c. 2025 \u00e0 11h22 Nouveau rebondissement dans le dossier de la Bobine,&hellip;\n","protected":false},"author":2,"featured_media":588614,"comment_status":"","ping_status":"","sticky":false,"template":"","format":"standard","meta":{"footnotes":""},"categories":[9566],"tags":[1111,11,2430,1697,1777,674,1011,27,2731,1908,12,25,104],"class_list":{"0":"post-588613","1":"post","2":"type-post","3":"status-publish","4":"format-standard","5":"has-post-thumbnail","7":"category-grenoble","8":"tag-actu","9":"tag-actualites","10":"tag-auvergne-rhone-alpes","11":"tag-concert","12":"tag-eu","13":"tag-europe","14":"tag-fr","15":"tag-france","16":"tag-grenoble","17":"tag-logement","18":"tag-news","19":"tag-republique-francaise","20":"tag-societe"},"share_on_mastodon":{"url":"https:\/\/pubeurope.com\/@fr\/115689845275858976","error":""},"_links":{"self":[{"href":"https:\/\/www.europesays.com\/fr\/wp-json\/wp\/v2\/posts\/588613","targetHints":{"allow":["GET"]}}],"collection":[{"href":"https:\/\/www.europesays.com\/fr\/wp-json\/wp\/v2\/posts"}],"about":[{"href":"https:\/\/www.europesays.com\/fr\/wp-json\/wp\/v2\/types\/post"}],"author":[{"embeddable":true,"href":"https:\/\/www.europesays.com\/fr\/wp-json\/wp\/v2\/users\/2"}],"replies":[{"embeddable":true,"href":"https:\/\/www.europesays.com\/fr\/wp-json\/wp\/v2\/comments?post=588613"}],"version-history":[{"count":0,"href":"https:\/\/www.europesays.com\/fr\/wp-json\/wp\/v2\/posts\/588613\/revisions"}],"wp:featuredmedia":[{"embeddable":true,"href":"https:\/\/www.europesays.com\/fr\/wp-json\/wp\/v2\/media\/588614"}],"wp:attachment":[{"href":"https:\/\/www.europesays.com\/fr\/wp-json\/wp\/v2\/media?parent=588613"}],"wp:term":[{"taxonomy":"category","embeddable":true,"href":"https:\/\/www.europesays.com\/fr\/wp-json\/wp\/v2\/categories?post=588613"},{"taxonomy":"post_tag","embeddable":true,"href":"https:\/\/www.europesays.com\/fr\/wp-json\/wp\/v2\/tags?post=588613"}],"curies":[{"name":"wp","href":"https:\/\/api.w.org\/{rel}","templated":true}]}}