{"id":588615,"date":"2025-12-09T13:28:18","date_gmt":"2025-12-09T13:28:18","guid":{"rendered":"https:\/\/www.europesays.com\/fr\/588615\/"},"modified":"2025-12-09T13:28:18","modified_gmt":"2025-12-09T13:28:18","slug":"tous-les-elements-dun-drame-sont-reunis","status":"publish","type":"post","link":"https:\/\/www.europesays.com\/fr\/588615\/","title":{"rendered":"\u00ab\u00a0Tous les \u00e9l\u00e9ments d\u2019un drame sont r\u00e9unis\u00a0\u00bb"},"content":{"rendered":"<p>Cette fois, la Ville tape du poing sur la table.<\/p>\n<p>Il y a bient\u00f4t trois mois, \u00e0 l\u2019issue d\u2019une manifestation, <a href=\"https:\/\/www.ledauphine.com\/societe\/2025\/10\/01\/isere-grenoble-la-bobine-occupee-depuis-dix-jours-que-s-y-passe-t-il\" target=\"_blank\" rel=\"nofollow noopener\">une centaine de personnes<\/a> avait \u00ab\u00a0investi\u00a0\u00bb les anciens locaux de La Bobine, parc Paul Mistral, lieu ferm\u00e9 depuis juin\u00a02025 \u00e0 la suite <a href=\"https:\/\/www.ledauphine.com\/economie\/2025\/06\/06\/isere-grenoble-la-bobine-en-liquidation-judiciaire-fermera-ses-portes-le-20-juin\" target=\"_blank\" rel=\"nofollow noopener\">de sa liquidation judiciaire.<\/a><\/p>\n<p>Alors que le projet de reprise avait \u00e9t\u00e9 abandonn\u00e9 par ses porteurs, la Ville demande cette fois fermement aux occupants de partir\u00a0: \u00ab\u00a0Apr\u00e8s plusieurs semaines de tentatives de dialogue, la Ville a \u00e9t\u00e9 forc\u00e9e de constater leur refus cat\u00e9gorique d\u2019envisager d\u2019autres solutions leur permettant de lib\u00e9rer ce lieu.<\/p>\n<p>  \u00ab\u00a0La Ville se voit contrainte de lancer la proc\u00e9dure d\u2019\u00e9vacuation du site\u00a0\u00bb<\/p>\n<p>Compte tenu de ce refus, au regard des conditions d\u2019occupation tr\u00e8s d\u00e9grad\u00e9es et afin de s\u2019assurer de la s\u00e9curit\u00e9 des personnes et des biens, la Ville se voit contrainte de lancer la proc\u00e9dure d\u2019\u00e9vacuation du site.\u00a0\u00bb<\/p>\n<p>Et de s\u2019inqui\u00e9ter dans un communiqu\u00e9\u00a0: \u00ab\u00a0Aujourd\u2019hui, la Ville constate que tous les \u00e9l\u00e9ments sont r\u00e9unis pour qu\u2019un drame se produise sur site du fait de l\u2019occupation actuelle. Les constats effectu\u00e9s sur place font en effet \u00e9tat d\u2019\u00e9v\u00e8nements festifs de large ampleur sans aucun cadre compatible avec l\u2019accueil de public en s\u00e9curit\u00e9, de l\u2019h\u00e9bergement de plusieurs personnes sur place dans un lieu totalement inadapt\u00e9 et dans des conditions d\u2019hygi\u00e8ne tr\u00e8s d\u00e9grad\u00e9es, d\u2019un risque fort d\u2019incendie et d\u2019intoxication, mais aussi de rixes et de violences r\u00e9currentes sur ce lieu [\u2026] La Ville a donc d\u00e9cid\u00e9 d\u2019enjoindre officiellement les occupants \u00e0 quitter le site [\u2026] dans le calme et dans les meilleurs d\u00e9lais.<\/p>\n","protected":false},"excerpt":{"rendered":"Cette fois, la Ville tape du poing sur la table. Il y a bient\u00f4t trois mois, \u00e0 l\u2019issue&hellip;\n","protected":false},"author":2,"featured_media":588616,"comment_status":"","ping_status":"","sticky":false,"template":"","format":"standard","meta":{"footnotes":""},"categories":[9566],"tags":[1111,11,2430,9671,1687,112,1777,674,107,1011,27,2731,2732,108,12,25,801,104],"class_list":{"0":"post-588615","1":"post","2":"type-post","3":"status-publish","4":"format-standard","5":"has-post-thumbnail","7":"category-grenoble","8":"tag-actu","9":"tag-actualites","10":"tag-auvergne-rhone-alpes","11":"tag-conflit-social","12":"tag-culture-loisirs","13":"tag-edition-grenoble-agglomeration","14":"tag-eu","15":"tag-europe","16":"tag-fil-info","17":"tag-fr","18":"tag-france","19":"tag-grenoble","20":"tag-grenoble-bassin","21":"tag-isere","22":"tag-news","23":"tag-republique-francaise","24":"tag-social","25":"tag-societe"},"share_on_mastodon":{"url":"https:\/\/pubeurope.com\/@fr\/115689849144099559","error":""},"_links":{"self":[{"href":"https:\/\/www.europesays.com\/fr\/wp-json\/wp\/v2\/posts\/588615","targetHints":{"allow":["GET"]}}],"collection":[{"href":"https:\/\/www.europesays.com\/fr\/wp-json\/wp\/v2\/posts"}],"about":[{"href":"https:\/\/www.europesays.com\/fr\/wp-json\/wp\/v2\/types\/post"}],"author":[{"embeddable":true,"href":"https:\/\/www.europesays.com\/fr\/wp-json\/wp\/v2\/users\/2"}],"replies":[{"embeddable":true,"href":"https:\/\/www.europesays.com\/fr\/wp-json\/wp\/v2\/comments?post=588615"}],"version-history":[{"count":0,"href":"https:\/\/www.europesays.com\/fr\/wp-json\/wp\/v2\/posts\/588615\/revisions"}],"wp:featuredmedia":[{"embeddable":true,"href":"https:\/\/www.europesays.com\/fr\/wp-json\/wp\/v2\/media\/588616"}],"wp:attachment":[{"href":"https:\/\/www.europesays.com\/fr\/wp-json\/wp\/v2\/media?parent=588615"}],"wp:term":[{"taxonomy":"category","embeddable":true,"href":"https:\/\/www.europesays.com\/fr\/wp-json\/wp\/v2\/categories?post=588615"},{"taxonomy":"post_tag","embeddable":true,"href":"https:\/\/www.europesays.com\/fr\/wp-json\/wp\/v2\/tags?post=588615"}],"curies":[{"name":"wp","href":"https:\/\/api.w.org\/{rel}","templated":true}]}}