{"id":588620,"date":"2025-12-09T13:31:30","date_gmt":"2025-12-09T13:31:30","guid":{"rendered":"https:\/\/www.europesays.com\/fr\/588620\/"},"modified":"2025-12-09T13:31:30","modified_gmt":"2025-12-09T13:31:30","slug":"strasbourg-resume-des-points-votes-au-conseil-municipal-de-decembre","status":"publish","type":"post","link":"https:\/\/www.europesays.com\/fr\/588620\/","title":{"rendered":"Strasbourg. R\u00e9sum\u00e9 des points vot\u00e9s au conseil municipal de d\u00e9cembre"},"content":{"rendered":"<p class=\"has-drop-cap\">Un conseil municipal un peu particulier, lundi 8 d\u00e9cembre 2025. Il s\u2019agissait du dernier vote budg\u00e9taire du mandat de Jeanne Barseghian avant les \u00e9lections municipales en mars 2026. L\u2019ordre du jour a d\u00e9bouch\u00e9 sur l\u2019adoption du budget 2026. Une motion a aussi \u00e9t\u00e9 vot\u00e9e \u00e0 l\u2019unanimit\u00e9 pour le relogement de 30 personnes au foyer Jean-Jaur\u00e8s.<\/p>\n<p>\t\tOpposition contre le budget<\/p>\n<p>\u00c0 Strasbourg, le d\u00e9bat budg\u00e9taire a pris des allures de r\u00e9p\u00e9tition g\u00e9n\u00e9rale avant les \u00e9lections municipales. D\u00e8s l\u2019ouverture, la majorit\u00e9 a resserr\u00e9 les rangs avec de nombreuses interventions d\u2019adjoints pour d\u00e9fendre un budget que Jeanne Barseghian, la maire \u00e9cologiste, pr\u00e9sente comme un \u00ab\u00a0cap assum\u00e9\u00a0\u00bb malgr\u00e9 les \u00ab\u00a0turbulences\u00a0\u00bb. Elle revendique des investissements massifs dans les \u00e9coles, la petite enfance et la r\u00e9novation des \u00e9quipements, au prix de travaux parfois impopulaires\u00a0: \u00ab\u00a0Personne n\u2019aime les travaux, mais quand on aime sa ville on en prend soin.\u00a0\u00bb<\/p>\n<p>\u00c0 ses c\u00f4t\u00e9s, Syamak Agha Babaei, premier adjoint aux finances a attaqu\u00e9 frontalement l\u2019opposition, en d\u00e9non\u00e7ant \u00ab\u00a0la coalition de ceux qui veulent que rien ne bouge\u00a0\u00bb et en rappelant la philosophie du budget de 2026\u00a0: \u00ab\u00a0C\u2019est un budget solide pour fabriquer une ville robuste (\u2026) une ville qui regarde l\u2019avenir sans d\u00e9tourner les yeux\u00a0: r\u00e9chauffement climatique, mont\u00e9e du fascisme.\u00a0\u00bb<\/p>\n<p>Face \u00e0 cette d\u00e9fense, les oppositions, notamment celles candidates aux municipales entrent en campagne. Jean-Philippe Vetter (Les R\u00e9publicains) a livr\u00e9 un r\u00e9quisitoire alarmiste, accusant la majorit\u00e9 d\u2019avoir fait exploser la dette\u00a0: \u00ab\u00a0Tous les voyants basculent au rouge. (\u2026). Plus de 100\u00a0000 euros de plus de dette par jour depuis 2020. Jamais une majorit\u00e9 n\u2019a autant endett\u00e9 la Ville en si peu de temps.\u00a0\u00bb Pierre Jakubowicz (Horizons) a d\u00e9nonc\u00e9 un mandat \u00ab\u00a0qui n\u2019aura jamais trouv\u00e9 son cap\u00a0\u00bb, \u00e9voquant \u00ab\u00a0une flamme de la Ville \u00e9teinte\u00a0\u00bb et \u00ab\u00a0un d\u00e9p\u00f4t de bilan\u00a0\u00bb politique. Dans l\u2019opposition \u00e9galement, la socialiste Caroline Barri\u00e8re a accus\u00e9 la majorit\u00e9 d\u2019\u00eatre \u00ab\u00a0les fossoyeurs des finances\u00a0\u00bb, tandis que Catherine Trautmann (PS) a reproch\u00e9 l\u2019absence de planification sur la transition climatique et l\u2019habitat.<\/p>\n<p>Apr\u00e8s plus de trois heures d\u2019\u00e9changes, le d\u00e9bat sur le budget 2026 est finalement rest\u00e9 tr\u00e8s mince. Difficile dans cette atmosph\u00e8re largement \u00e9lectorale de mesurer ce qui pose r\u00e9ellement probl\u00e8me sur le plan financier, tant les prises de parole ont gliss\u00e9 vers des d\u00e9clarations de campagne. La maire a fustig\u00e9 des prises de parole \u00ab\u00a0d\u00e9mesur\u00e9es et caricaturales\u00a0\u00bb, rappelant que l\u2019opposition avait vot\u00e9 \u00ab\u00a075\u00a0% des d\u00e9lib\u00e9rations depuis cinq\u00a0ans\u00a0\u00bb. Tous les groupes d\u2019opposition ont vot\u00e9 contre ce budget estimant \u00ab\u00a0faire mieux\u00a0\u00bb s\u2019ils gagnaient l\u2019acc\u00e8s \u00e0 l\u2019h\u00f4tel de ville en mars 2026. Le budget a \u00e9t\u00e9 adopt\u00e9 par 46 voix contre les 18 des groupes d\u2019opposition.<\/p>\n<p>\t\tPossible r\u00e9quisition de l\u2019h\u00f4tel Mercure<\/p>\n<p>Annonc\u00e9e le 5 d\u00e9cembre, une d\u00e9lib\u00e9ration d\u2019urgence pr\u00e9voit de d\u00e9bloquer 65\u00a0000 euros pour <a href=\"https:\/\/www.rue89strasbourg.com\/ville-ouvrir-batiment-vide-loger-familles-rue-368653\" target=\"_blank\" rel=\"noreferrer noopener\">accueillir 30 personnes au foyer Jean-Jaur\u00e8s<\/a>, confi\u00e9 \u00e0 l\u2019association Les Petites roues. La Ville pr\u00e9cise que l\u2019h\u00e9bergement sera r\u00e9serv\u00e9 \u00e0 des familles dont les enfants sont scolaris\u00e9s \u00e0 Strasbourg, en priorit\u00e9 les plus vuln\u00e9rables. La mesure a \u00e9t\u00e9 vot\u00e9e \u00e0 l\u2019unanimit\u00e9, sans \u00e9viter les critiques. Rebecca Breitman (Modem, centre-droit) et Jean-Philippe Vetter (LR, droite) ont rappel\u00e9 qu\u2019une mesure d\u2019urgence ne peut se substituer \u00e0 une politique publique solide sur l\u2019h\u00e9bergement des personnes \u00e0 la rue. \u00ab\u00a0On a le sentiment d\u2019\u00eatre constamment en train d\u2019\u00e9teindre des incendies\u00a0\u00bb, tance Jean-Philippe Vetter.<\/p>\n<p>Pour la majorit\u00e9, l\u2019action insuffisante de l\u2019\u00c9tat y est pour beaucoup. Jeanne Barseghian d\u00e9taille\u00a0:<\/p>\n<blockquote class=\"wp-block-quote is-layout-flow wp-block-quote-is-layout-flow\">\n<p>\u00ab\u00a0L\u2019\u00c9tat a supprim\u00e9 des places d\u2019h\u00e9bergement. Et m\u00eame si on en a cr\u00e9\u00e9e, il y a un effet de vases communicants. Il faut r\u00e9former au niveau national. Vous n\u2019imaginez pas le nombre de courriers que j\u2019ai envoy\u00e9s au pr\u00e9fet pour qu\u2019on ait un comit\u00e9 avec l\u2019\u00c9tat. Je demandais qu\u2019on puisse anticiper ensemble les besoins, pour qu\u2019avec la CeA, la Ville, la pr\u00e9fecture et les associations de solidarit\u00e9, on se mette autour d\u2019une m\u00eame table.\u00a0\u00bb<\/p>\n<\/blockquote>\n<p>Ce comit\u00e9 s\u2019est tenu pour la premi\u00e8re fois \u00ab\u00a0il y a quelques jours\u00a0\u00bb, en pr\u00e9sence du nouveau pr\u00e9fet, une \u00ab\u00a0petite avanc\u00e9e\u00a0\u00bb selon la maire, mais qui laisse l\u2019urgence pr\u00e9valoir. Elle a \u00e9galement propos\u00e9 la r\u00e9quisition de l\u2019h\u00f4tel Mercure, actuellement vacant, \u00e0 <a href=\"https:\/\/www.rue89strasbourg.com\/nouveau-prefet-bas-rhin-amaury-de-saint-quentin-remplace-jacques-witkowski-367001\" target=\"_blank\" rel=\"noreferrer noopener\">l\u2019ancien pr\u00e9fet Jacques Witkowski<\/a>\u00a0: <\/p>\n<blockquote class=\"wp-block-quote is-layout-flow wp-block-quote-is-layout-flow\">\n<p>\u00ab\u00a0Il est indispensable que l\u2019\u00c9tat r\u00e9quisitionne un b\u00e2timent. Il faut intervenir avant que les temp\u00e9ratures retombent. Cette gestion au thermom\u00e8tre est indigne, absurde.\u00a0\u00bb<\/p>\n<\/blockquote>\n<p>En effet, des places d\u2019h\u00e9bergement en h\u00f4tel ne sont financ\u00e9es que lorsque le <a href=\"https:\/\/www.rue89strasbourg.com\/strasbourg-plan-grand-froid-etat-13-lits-pliables-sans-abris-330231\" target=\"_blank\" rel=\"noreferrer noopener\">plan grand froid<\/a> est d\u00e9clench\u00e9 par le pr\u00e9fet, en cas de temp\u00e9ratures tr\u00e8s basses pendant plusieurs nuits de suite, mettant en danger les personnes sans-abri.<\/p>\n<p>Tension autour des animaux liminaires <\/p>\n<p>Vers 16h45, la maire presse d\u2019acc\u00e9l\u00e9rer le rythme, le conseil n\u2019en \u00e9tant qu\u2019au point 15 sur les quelques 80 pr\u00e9vus. Les \u00e9lus doivent voter des subventions pour des projets de sensibilisation des habitant\u00b7es des logements sociaux aux animaux liminaires (rats, punaises de lit\u2026). Le d\u00e9bat va finalement durer pr\u00e8s d\u2019une heure et provoquer une suspension de s\u00e9ance d\u2019une minute.<\/p>\n<p>Rebecca Breitman (Modem) s\u2019est emport\u00e9e, en d\u00e9non\u00e7ant le manque d\u2019action de la majorit\u00e9 et raille l\u2019id\u00e9e qu\u2019il ne faudrait plus qualifier ces animaux de \u00ab\u00a0nuisibles\u00a0\u00bb. Selon elle, Strasbourg ne prend pas le probl\u00e8me des rats au s\u00e9rieux. Anne-Pernelle\u00a0Richardot, \u00e9lue d\u2019opposition du Parti socialiste rench\u00e9rit\u00a0: \u00ab\u00a0Rien n\u2019a \u00e9t\u00e9 fait \u00e0 la hauteur du probl\u00e8me.\u00a0\u00bb<\/p>\n<p>Au tour de Benjamin Soulet, adjoint de la majorit\u00e9, de d\u00e9fendre les campagnes de d\u00e9ratisation de la majorit\u00e9, soulignant la collecte des d\u00e9chets et l\u2019enterrement des points de collecte comme mesures concr\u00e8tes. Et de juger ce sujet constamment instrumentalis\u00e9. La tension monte, et Jeanne Barseghian accuse Rebecca Breitman de tenir des propos diffamatoires. Ce point aura finalement suscit\u00e9 plus de v\u00e9h\u00e9mence que le vote du budget\u2026. Mais aura \u00e9t\u00e9 vot\u00e9 \u00e0 l\u2019unanimit\u00e9. <\/p>\n<p>Le photovolta\u00efque au vote <\/p>\n<p>Le conseil municipal a mis au vote un autre dossier cl\u00e9 de la s\u00e9ance qui n\u2019a pourtant suscit\u00e9 aucun d\u00e9bat\u00a0: le contrat de concession confi\u00e9 \u00e0 la nouvelle Soci\u00e9t\u00e9 publique locale (SPL) Strasbourg \u00c9nergies Renouvelables Eurom\u00e9tropolitaines (Sere), charg\u00e9e de produire de l\u2019\u00e9lectricit\u00e9 photovolta\u00efque. Pour Joris Castiglione (Parti Communiste), \u00ab\u00a0il faut acc\u00e9l\u00e9rer l\u2019\u00e9nergie bas carbone\u00a0\u00bb, en privil\u00e9giant un mix \u00e9nerg\u00e9tique \u00e9quilibr\u00e9. Selon lui, c\u2019est le cas avec ce projet. Syamak Agha Babaei, premier adjoint, a soutenu l\u2019\u00ab\u00a0un des \u00e9l\u00e9ments qui nous permettra dans la dur\u00e9e de diminuer notre facture \u00e9nerg\u00e9tique\u00a0\u00bb.<\/p>\n<p>Le contrat, d\u2019une dur\u00e9e de 30 ans \u00e0 compter du 1er janvier 2026, pr\u00e9voit un programme d\u2019investissement initial de 10 millions d\u2019euros, financ\u00e9 par la SPL. Les premiers sites identifi\u00e9s concernent des toitures d\u2019\u00e9coles, des b\u00e2timents sportifs, des d\u00e9p\u00f4ts techniques et des parkings \u00e9quip\u00e9s d\u2019ombri\u00e8res, avec la possibilit\u00e9 de d\u00e9velopper des installations sur des friches et des zones d\u2019activit\u00e9s, voire de d\u00e9velopper des projets d\u2019autoconsommation collective.<\/p>\n<p>50\u00a0000 euros pour un centre de sant\u00e9<\/p>\n<p>C\u00f4t\u00e9 sant\u00e9, la Ville de Strasbourg a adopt\u00e9 une d\u00e9lib\u00e9ration visant \u00e0 \u00ab\u00a0renforcer l\u2019acc\u00e8s aux soins de premier recours dans les quartiers populaires\u00a0\u00bb en soutenant le Centre de sant\u00e9 communautaire de Cronenbourg. Ce projet, port\u00e9 par l\u2019association L\u2019\u00cele Aux Sant\u00e9s, proposera des soins primaires accessibles sans d\u00e9passement d\u2019honoraires, des actions de pr\u00e9vention et de promotion de la sant\u00e9, ainsi que des espaces d\u2019accueil pour les femmes et enfants victimes de violences. Situ\u00e9 au 11 rue Augustin-Fresnel, dans un quartier consid\u00e9r\u00e9 comme \u00ab\u00a0d\u00e9sert m\u00e9dical\u00a0\u00bb, le centre va b\u00e9n\u00e9ficier d\u2019une premi\u00e8re subvention de 50 000 euros pour son projet immobilier, sur un investissement total estim\u00e9 \u00e0 pr\u00e8s de 500\u00a0000 euros.<\/p>\n<p>Lourd silence dans l\u2019h\u00e9micycle<\/p>\n<p>\u00c0 21h, trois \u00e9lus d\u2019opposition \u2013 Anne-Pernelle Richardot (PS), Rebecca Breitman (Modem) et Nicolas Matt (ex-Renaissance d\u00e9sormais alli\u00e9 de Jean-Philippe Vetter (LR) en vue des municipales de 2026) \u2013 ont interrog\u00e9 l\u2019ex\u00e9cutif sur le rapport \u00c9ga\u00e9. D\u00e9voil\u00e9 par Rue89 Strasbourg le 22 novembre, <a href=\"https:\/\/www.rue89strasbourg.com\/rapport-egae-gestion-affaire-herve-polesi-367184\" target=\"_blank\" rel=\"noreferrer noopener\">ce document retrace plusieurs mois d\u2019alertes minimis\u00e9es<\/a> autour d\u2019Herv\u00e9 Polesi, ancien adjoint \u00e0 la maire en charge de la coordination des \u00e9lus de quartier. Rebecca Breitman interroge la m\u00e9thodologie de l\u2019enqu\u00eate, qui n\u2019a fait appel qu\u2019\u00e0 16 entretiens.<\/p>\n<p>Ce rapport r\u00e9v\u00e8le aussi des propos discriminatoire \u2013 \u00e0 caract\u00e8re raciste, sexiste, grossophobe ou visant la religion<strong>\u00a0<\/strong>\u2013 tenus par des \u00e9lu\u00b7es ou agents de la collectivit\u00e9. \u00ab\u00a0Qui les a tenus ?\u00a0\u00bb, demande l\u2019opposition. Nicolas Matt insiste \u00e0 de nombreuses reprises. La maire, Jeanne Barseghian, r\u00e9pond qu\u2019elle l\u2019ignore : \u00ab\u00a0J\u2019aimerais le savoir aussi. Si quelqu\u2019un a quelque chose sur la conscience\u2026 Je vous \u00e9coute\u00a0\u00bb, lance-t-elle, provoquant un long silence dans l\u2019h\u00e9micycle. Elle rappelle que toutes les alertes visant des \u00e9lu\u00b7es seront d\u00e9sormais trait\u00e9es de mani\u00e8re sp\u00e9cifique. <\/p>\n<p>Deux motions vot\u00e9es<\/p>\n<p>La majorit\u00e9 a pr\u00e9sent\u00e9 une motion de soutien au Plant Based Treaty, un appel international qui encourage les collectivit\u00e9s \u00e0 favoriser une alimentation plus v\u00e9g\u00e9tale, \u00e0 prot\u00e9ger les \u00e9cosyst\u00e8mes et \u00e0 soutenir des mod\u00e8les agricoles plus durables. Elle a \u00e9t\u00e9 adopt\u00e9e \u00e0 la majorit\u00e9. Tout comme une motion pour renforcer la pr\u00e9sence humaine dans les gares et rouvrir des guichets \u00e0 Strasbourg et dans le Grand Est. <\/p>\n<p>En parall\u00e8le, Pierre Jakubowicz (Horizons), a demand\u00e9 au conseil de voter une r\u00e9solution pour approfondir l\u2019\u00e9tude d\u2019un rapport publi\u00e9 le 1\u1d49\u02b3 d\u00e9cembre 2025 par le Comit\u00e9 science, sant\u00e9 et soci\u00e9t\u00e9 (C4S). Ce document alerte sur les difficult\u00e9s croissantes rencontr\u00e9es par les soignants, les services d\u2019urgence et les patients dans l\u2019Eurom\u00e9tropole, notamment autour des \u00e9tablissements du centre-ville, en lien avec les \u00e9volutions du stationnement, des sens de circulation, les travaux ou encore les restrictions de la zone \u00e0 faibles \u00e9missions. Sa proposition a \u00e9t\u00e9 rejet\u00e9e.<\/p>\n","protected":false},"excerpt":{"rendered":"Un conseil municipal un peu particulier, lundi 8 d\u00e9cembre 2025. Il s\u2019agissait du dernier vote budg\u00e9taire du mandat&hellip;\n","protected":false},"author":2,"featured_media":588621,"comment_status":"","ping_status":"","sticky":false,"template":"","format":"standard","meta":{"footnotes":""},"categories":[2820],"tags":[1111,11,1003,18352,1984,1777,674,1011,27,775,5222,12,25,640],"class_list":{"0":"post-588620","1":"post","2":"type-post","3":"status-publish","4":"format-standard","5":"has-post-thumbnail","7":"category-strasbourg","8":"tag-actu","9":"tag-actualites","10":"tag-budget","11":"tag-budget-2026","12":"tag-conseil-municipal","13":"tag-eu","14":"tag-europe","15":"tag-fr","16":"tag-france","17":"tag-grand-est","18":"tag-hebergement","19":"tag-news","20":"tag-republique-francaise","21":"tag-strasbourg"},"share_on_mastodon":{"url":"https:\/\/pubeurope.com\/@fr\/115689860999132530","error":""},"_links":{"self":[{"href":"https:\/\/www.europesays.com\/fr\/wp-json\/wp\/v2\/posts\/588620","targetHints":{"allow":["GET"]}}],"collection":[{"href":"https:\/\/www.europesays.com\/fr\/wp-json\/wp\/v2\/posts"}],"about":[{"href":"https:\/\/www.europesays.com\/fr\/wp-json\/wp\/v2\/types\/post"}],"author":[{"embeddable":true,"href":"https:\/\/www.europesays.com\/fr\/wp-json\/wp\/v2\/users\/2"}],"replies":[{"embeddable":true,"href":"https:\/\/www.europesays.com\/fr\/wp-json\/wp\/v2\/comments?post=588620"}],"version-history":[{"count":0,"href":"https:\/\/www.europesays.com\/fr\/wp-json\/wp\/v2\/posts\/588620\/revisions"}],"wp:featuredmedia":[{"embeddable":true,"href":"https:\/\/www.europesays.com\/fr\/wp-json\/wp\/v2\/media\/588621"}],"wp:attachment":[{"href":"https:\/\/www.europesays.com\/fr\/wp-json\/wp\/v2\/media?parent=588620"}],"wp:term":[{"taxonomy":"category","embeddable":true,"href":"https:\/\/www.europesays.com\/fr\/wp-json\/wp\/v2\/categories?post=588620"},{"taxonomy":"post_tag","embeddable":true,"href":"https:\/\/www.europesays.com\/fr\/wp-json\/wp\/v2\/tags?post=588620"}],"curies":[{"name":"wp","href":"https:\/\/api.w.org\/{rel}","templated":true}]}}