{"id":588622,"date":"2025-12-09T13:32:13","date_gmt":"2025-12-09T13:32:13","guid":{"rendered":"https:\/\/www.europesays.com\/fr\/588622\/"},"modified":"2025-12-09T13:32:13","modified_gmt":"2025-12-09T13:32:13","slug":"la-police-veut-savoir-ce-qui-est-arrive-a-cet-homme-decouvert-gravement-blesse-a-strasbourg-et","status":"publish","type":"post","link":"https:\/\/www.europesays.com\/fr\/588622\/","title":{"rendered":"La police veut savoir ce qui est arriv\u00e9 \u00e0 cet homme d\u00e9couvert gravement bless\u00e9 \u00e0 Strasbourg et"},"content":{"rendered":"<p>Que s\u2019est-il pass\u00e9\u00a0dans le quartier de Neudorf,\u00a0<a href=\"https:\/\/maubeuge.maville.com\/\/\" target=\"_self\" rel=\"noopener\">\u00e0 Strasbourg (Bas-Rhin)<\/a>, le 29\u00a0novembre 2025\u00a0? Ce jour-l\u00e0, vers 22\u00a0h, la\u00a0police a d\u00e9couvert un homme gri\u00e8vement bless\u00e9. Il est depuis dans le coma et malgr\u00e9 l\u2019enqu\u00eate ouverte, la police ne sait toujours pas ce qui lui est arriv\u00e9. Lundi 8\u00a0d\u00e9cembre, elle a d\u00e9cid\u00e9 de lancer un appel \u00e0 t\u00e9moins, rapporte\u00a0 <a href=\"https:\/\/france3-regions.franceinfo.fr\/grand-est\/bas-rhin\/strasbourg-0\/c-est-vraiment-un-mystere-un-homme-decouvert-grievement-blesse-la-police-lance-un-appel-a-temoins-pour-faire-avancer-l-enquete-3262967.html\" target=\"_blank\" rel=\"noopener\">France 3\u00a0Grand Est<\/a> .<\/p>\n<p>Le quinquag\u00e9naire avait \u00e9t\u00e9 retrouv\u00e9\u00a0avec d\u2019importantes blessures au\u00a0visage.\u00a0<strong>\u00ab\u00a0Il pr\u00e9sentait une grosse plaie au front qui a entra\u00een\u00e9 des fractures et sur ses jambes, des traces comme s\u2019il \u00e9tait tomb\u00e9 apr\u00e8s une course\u00a0\u00bb<\/strong>, expliquent les forces de l\u2019ordre. Il a \u00e9t\u00e9 rapidement pris en charge par les secours puis plong\u00e9 dans le coma. Son pronostic vital est encore engag\u00e9, selon nos confr\u00e8res.<\/p>\n<p>\n                Nous avons bloqu\u00e9 l\u2019affichage de ce contenu pour respecter vos choix en mati\u00e8re de cookies.<br \/>En cliquant sur \u00abConsulter\u00bb, vous acceptez le d\u00e9p\u00f4t de cookies par des services de r\u00e9seaux sociaux tels que Twitter.<br \/>\n                Consulter\n            <\/p>\n<blockquote class=\"twitter-tweet\" wp_automatic_readability=\"4.2290748898678\">\n<p lang=\"fr\" dir=\"ltr\"><a href=\"https:\/\/twitter.com\/hashtag\/APPELATEMOINS?src=hash&amp;ref_src=twsrc%5Etfw\" target=\"_blank\" rel=\"noopener\">#APPELATEMOINS<\/a> | Nous vous remercions de relayer cet appel \u00e0 t\u00e9moins afin d&rsquo;aider le service d&rsquo;enqu\u00eate de l\u2019H\u00f4tel de police de <a href=\"https:\/\/twitter.com\/hashtag\/Strasbourg?src=hash&amp;ref_src=twsrc%5Etfw\" target=\"_blank\" rel=\"noopener\">#Strasbourg<\/a>. <a href=\"https:\/\/t.co\/d3UH0DfXYL\">pic.twitter.com\/d3UH0DfXYL<\/a><\/p>\n<p>\u2014 Police Nationale 67 (@PoliceNat67) <a href=\"https:\/\/twitter.com\/PoliceNat67\/status\/1998026954117878222?ref_src=twsrc%5Etfw\" target=\"_blank\" rel=\"noopener\">December 8, 2025<\/a><\/p><\/blockquote>\n<p>\u00ab\u00a0C\u2019est vraiment un myst\u00e8re\u00a0\u00bb<\/p>\n<p>La police esp\u00e8re que l\u2019appel \u00e0 t\u00e9moins permettra de faire avancer l\u2019enqu\u00eate. Car pour l\u2019heure, les enqu\u00eateurs ne savent toujours pas\u00a0comment l\u2019homme\u00a0a \u00e9t\u00e9 bless\u00e9. A-t-il \u00e9t\u00e9 victime d\u2019une chute\u00a0? D\u2019une agression\u00a0? D\u2019un accident\u00a0?\u00a0<strong>\u00ab\u00a0C\u2019est vraiment un myst\u00e8re. On est dans le flou\u00a0\u00bb<\/strong>, reconna\u00eet un enqu\u00eateur aupr\u00e8s de France 3.<\/p>\n<p>Selon ses proches, cet habitant de la commune de Benfeld\u00a0n\u2019aurait pas d\u2019ennemi connu et\u00a0n\u2019avait d\u2019ailleurs aucune raison de se rendre \u00e0 Strasbourg ce soir-l\u00e0. Toute personne ayant des informations susceptibles de faire avancer les investigations est invit\u00e9e \u00e0 contacter les forces de l\u2019ordre au\u00a003\u00a090\u00a023\u00a016\u00a070 ou au\u00a003\u00a090\u00a023\u00a014\u00a030.<\/p>\n<p>\u00a0<\/p>\n<p>\t\t<script async src=\"https:\/\/platform.twitter.com\/widgets.js\" charset=\"utf-8\"><\/script><\/p>\n","protected":false},"excerpt":{"rendered":"Que s\u2019est-il pass\u00e9\u00a0dans le quartier de Neudorf,\u00a0\u00e0 Strasbourg (Bas-Rhin), le 29\u00a0novembre 2025\u00a0? Ce jour-l\u00e0, vers 22\u00a0h, la\u00a0police a&hellip;\n","protected":false},"author":2,"featured_media":588623,"comment_status":"","ping_status":"","sticky":false,"template":"","format":"standard","meta":{"footnotes":""},"categories":[2820],"tags":[1111,11,15200,3916,5492,8982,13916,1777,674,1011,27,775,16508,4933,12,5536,1072,25,640],"class_list":{"0":"post-588622","1":"post","2":"type-post","3":"status-publish","4":"format-standard","5":"has-post-thumbnail","7":"category-strasbourg","8":"tag-actu","9":"tag-actualites","10":"tag-arrive","11":"tag-blesse","12":"tag-caen","13":"tag-coma","14":"tag-decouvert","15":"tag-eu","16":"tag-europe","17":"tag-fr","18":"tag-france","19":"tag-grand-est","20":"tag-gravement","21":"tag-homme","22":"tag-news","23":"tag-place","24":"tag-police","25":"tag-republique-francaise","26":"tag-strasbourg"},"share_on_mastodon":{"url":"https:\/\/pubeurope.com\/@fr\/115689864858099762","error":""},"_links":{"self":[{"href":"https:\/\/www.europesays.com\/fr\/wp-json\/wp\/v2\/posts\/588622","targetHints":{"allow":["GET"]}}],"collection":[{"href":"https:\/\/www.europesays.com\/fr\/wp-json\/wp\/v2\/posts"}],"about":[{"href":"https:\/\/www.europesays.com\/fr\/wp-json\/wp\/v2\/types\/post"}],"author":[{"embeddable":true,"href":"https:\/\/www.europesays.com\/fr\/wp-json\/wp\/v2\/users\/2"}],"replies":[{"embeddable":true,"href":"https:\/\/www.europesays.com\/fr\/wp-json\/wp\/v2\/comments?post=588622"}],"version-history":[{"count":0,"href":"https:\/\/www.europesays.com\/fr\/wp-json\/wp\/v2\/posts\/588622\/revisions"}],"wp:featuredmedia":[{"embeddable":true,"href":"https:\/\/www.europesays.com\/fr\/wp-json\/wp\/v2\/media\/588623"}],"wp:attachment":[{"href":"https:\/\/www.europesays.com\/fr\/wp-json\/wp\/v2\/media?parent=588622"}],"wp:term":[{"taxonomy":"category","embeddable":true,"href":"https:\/\/www.europesays.com\/fr\/wp-json\/wp\/v2\/categories?post=588622"},{"taxonomy":"post_tag","embeddable":true,"href":"https:\/\/www.europesays.com\/fr\/wp-json\/wp\/v2\/tags?post=588622"}],"curies":[{"name":"wp","href":"https:\/\/api.w.org\/{rel}","templated":true}]}}