{"id":588630,"date":"2025-12-09T13:36:25","date_gmt":"2025-12-09T13:36:25","guid":{"rendered":"https:\/\/www.europesays.com\/fr\/588630\/"},"modified":"2025-12-09T13:36:25","modified_gmt":"2025-12-09T13:36:25","slug":"le-plus-petit-theatre-de-nantes-voit-les-choses-en-grand","status":"publish","type":"post","link":"https:\/\/www.europesays.com\/fr\/588630\/","title":{"rendered":"Le plus petit th\u00e9\u00e2tre de Nantes voit les choses en grand !"},"content":{"rendered":"<p><img decoding=\"async\" class=\"\" style=\"width:100%\" src=\"https:\/\/www.europesays.com\/fr\/wp-content\/uploads\/2025\/12\/krapo1765271083574.png\" alt=\"Le directeur du Krapo Roy, Alexis Ziane, et Val\u00e9rie Gr\u00e8zes portent ensemble ce projet.\"\/><\/p>\n<p>Le directeur du Krapo Roy, Alexis Ziane, et Val\u00e9rie Gr\u00e8zes portent ensemble ce projet.<\/p>\n<p>Cr\u00e9dit : H\u00e9l\u00e8ne Hamon<\/p>\n<p><strong>Bient\u00f4t un th\u00e9\u00e2tre dans une chapelle ! <\/strong>C&rsquo;est l&rsquo;id\u00e9e folle qu&rsquo;a eu le directeur du Krapo Roy, le plus petit th\u00e9\u00e2tre de Nantes ! Alexis Ziane porte un projet original, qui devrait voir le jour en septembre 2026. Cette id\u00e9e a \u00e9t\u00e9 pl\u00e9biscit\u00e9e dans le cadre des <a href=\"https:\/\/metropole.nantes.fr\/mes-services-mon-quotidien\/aides-et-bons-plans\/vos-projets\/les-lieux-reinventer\" rel=\"noopener\" target=\"_blank\">Lieux \u00e0 r\u00e9inventer,<\/a> du nom de ce dispositif mis en place par la ville, qui permet aux citoyens de r\u00e9fl\u00e9chir eux-m\u00eames \u00e0 des initiatives pour redonner vie \u00e0 des lieux inoccup\u00e9s.<\/p>\n<p>\u00a0<\/p>\n<blockquote><p>\n\u00ab\u00a0On va pouvoir faire les plus grosses b\u00eatises qu&rsquo;on a envie d&rsquo;imaginer\u00a0\u00bb\n<\/p><\/blockquote>\n<p>\u00a0<\/p>\n<p>Ainsi, la chapelle du Martray, situ\u00e9e derri\u00e8re le march\u00e9 de Talensac, accueillera l\u2019an prochain des pi\u00e8ces de th\u00e9\u00e2tre et autres spectacles imagin\u00e9s par le Krapo Roy, une id\u00e9e port\u00e9e depuis longtemps par son directeur. \u00ab\u00a0Tr\u00e8s simplement, le th\u00e9\u00e2tre Krapo Roy a ouvert rue L\u00e9on Jamin en 2017, l&rsquo;ann\u00e9e de la premi\u00e8re \u00e9dition des Lieux \u00e0 r\u00e9inventer dans laquelle il y avait la chapelle du Martray. En fait, on \u00e9tait trop occup\u00e9s \u00e0 cr\u00e9er notre lieu pour s&rsquo;en soucier. Mais d\u00e8s que \u00e7a a commenc\u00e9 \u00e0 se tasser, on s&rsquo;est rendu compte qu&rsquo;il y avait cette chapelle et qu&rsquo;en fait, c&rsquo;\u00e9tait un projet de champignonni\u00e8re qui avait mis la main dessus. En voyant le lieu, on s&rsquo;est dit mais c&rsquo;est g\u00e9nial, \u00e7a ferait un super th\u00e9\u00e2tre, et j&rsquo;ai ce lieu en t\u00eate. <\/p>\n<p><strong>Quand on a su que la chapelle du Martray r\u00e9apparaissait sur cette troisi\u00e8me \u00e9dition, on s&rsquo;est dit, \u00ab\u00a0on y va car ce lieu est fait pour nous\u00a0\u00bb.<\/strong> Il est \u00e0 100 m\u00e8tres de la salle actuelle ce qui permet de conserver les deux avec des offres diff\u00e9renci\u00e9es. Il faut savoir qu&rsquo;au sol, dans la chapelle, on peut mettre 9 fois Krapo Roy. On va pouvoir faire les plus grosses b\u00eatises qu&rsquo;on a envie d&rsquo;imaginer\u00a0\u00bb.<\/p>\n<p>Prochaine \u00e9tape cruciale pour Alexis Ziane : le 12 d\u00e9cembre. C&rsquo;est ce jour-l\u00e0 qu&rsquo;il r\u00e9cup\u00e8rera les cl\u00e9s de la chapelle. L&rsquo;occasion de faire un point sur les travaux \u00e0 entreprendre. \u00ab\u00a0On a un rendez-vous avec les services de la mairie pour qu&rsquo;ils nous expliquent ce qui est possible de faire et ce qui ne l&rsquo;est pas dans la chapelle parce qu&rsquo;il y a une partie du b\u00e2timent inscrit au patrimoine, et on ne fait pas n&rsquo;importe quoi avec le patrimoine, surtout en France.<\/p>\n<p>\u00a0<\/p>\n<blockquote><p>\nL&rsquo;ampleur du projet va n\u00e9cessiter des co\u00fbts de 40 \u00e0 50 000 euros\n<\/p><\/blockquote>\n<p>\u00a0<\/p>\n<p><strong> Apr\u00e8s, il y aura des choses qui vont n\u00e9cessiter de trouver des murs ou d&rsquo;augmenter la capacit\u00e9 \u00e9lectrique parce qu&rsquo;une salle de spectacle consomme de l&rsquo;\u00e9lectricit\u00e9&#8230;<\/strong> L&rsquo;ampleur de notre projet va n\u00e9cessiter des co\u00fbts de 40 \u00e0 50 000 euros pour transformer int\u00e9gralement la chapelle en une salle de spectacle fonctionnelle. La base, on l&rsquo;a, mais il faut aller dans le fin, maintenant avec les services de la mairie\u00a0\u00bb.<\/p>\n<p>Les projets s\u00e9lectionn\u00e9s par les habitant\/es pour donner une nouvelle vie \u00e0 10 lieux \u00e0 r\u00e9inventer dont <a href=\"https:\/\/dialoguecitoyen.metropole.nantes.fr\/project\/lieux-a-reinventer-3\/collect\/appel-a-projets\/proposals\/la-krapchapelle-le-plus-petit-theatre-de-nantes-sagrandit\" rel=\"noopener\" target=\"_blank\">La Krap&rsquo;Chapelle <\/a>ont \u00e9t\u00e9 d\u00e9voil\u00e9s mi-octobre. Neuf projets avaient d\u00e9j\u00e0 vu le jour lors de la 2\u00e8me saison des lieux \u00e0 r\u00e9inventer lanc\u00e9e en 2021, et 12 projets lors de la 1\u00e8re saison lanc\u00e9e en 2017.<\/p>\n<p><strong>Retrouvez toutes les infos sur les 10 projets sur le site <\/strong>: <a href=\"https:\/\/hitwest.ouest-france.fr\/dialoguecitoyen.metropole.nantes.fr\" rel=\"noopener\" target=\"_blank\">dialoguecitoyen.metropole.nantes.fr<\/a><\/p>\n","protected":false},"excerpt":{"rendered":"Le directeur du Krapo Roy, Alexis Ziane, et Val\u00e9rie Gr\u00e8zes portent ensemble ce projet. Cr\u00e9dit : H\u00e9l\u00e8ne Hamon&hellip;\n","protected":false},"author":2,"featured_media":588631,"comment_status":"","ping_status":"","sticky":false,"template":"","format":"standard","meta":{"footnotes":""},"categories":[2818],"tags":[1111,11,13980,1777,674,1011,27,70203,766,12,2636,25],"class_list":{"0":"post-588630","1":"post","2":"type-post","3":"status-publish","4":"format-standard","5":"has-post-thumbnail","7":"category-nantes","8":"tag-actu","9":"tag-actualites","10":"tag-chapelle","11":"tag-eu","12":"tag-europe","13":"tag-fr","14":"tag-france","15":"tag-krapo-roy","16":"tag-nantes","17":"tag-news","18":"tag-pays-de-la-loire","19":"tag-republique-francaise"},"share_on_mastodon":{"url":"https:\/\/pubeurope.com\/@fr\/115689881721209368","error":""},"_links":{"self":[{"href":"https:\/\/www.europesays.com\/fr\/wp-json\/wp\/v2\/posts\/588630","targetHints":{"allow":["GET"]}}],"collection":[{"href":"https:\/\/www.europesays.com\/fr\/wp-json\/wp\/v2\/posts"}],"about":[{"href":"https:\/\/www.europesays.com\/fr\/wp-json\/wp\/v2\/types\/post"}],"author":[{"embeddable":true,"href":"https:\/\/www.europesays.com\/fr\/wp-json\/wp\/v2\/users\/2"}],"replies":[{"embeddable":true,"href":"https:\/\/www.europesays.com\/fr\/wp-json\/wp\/v2\/comments?post=588630"}],"version-history":[{"count":0,"href":"https:\/\/www.europesays.com\/fr\/wp-json\/wp\/v2\/posts\/588630\/revisions"}],"wp:featuredmedia":[{"embeddable":true,"href":"https:\/\/www.europesays.com\/fr\/wp-json\/wp\/v2\/media\/588631"}],"wp:attachment":[{"href":"https:\/\/www.europesays.com\/fr\/wp-json\/wp\/v2\/media?parent=588630"}],"wp:term":[{"taxonomy":"category","embeddable":true,"href":"https:\/\/www.europesays.com\/fr\/wp-json\/wp\/v2\/categories?post=588630"},{"taxonomy":"post_tag","embeddable":true,"href":"https:\/\/www.europesays.com\/fr\/wp-json\/wp\/v2\/tags?post=588630"}],"curies":[{"name":"wp","href":"https:\/\/api.w.org\/{rel}","templated":true}]}}