{"id":588637,"date":"2025-12-09T13:40:19","date_gmt":"2025-12-09T13:40:19","guid":{"rendered":"https:\/\/www.europesays.com\/fr\/588637\/"},"modified":"2025-12-09T13:40:19","modified_gmt":"2025-12-09T13:40:19","slug":"pour-son-dernier-match-avec-les-sharks-plumtree-rend-un-superbe-hommage-a-toulouse","status":"publish","type":"post","link":"https:\/\/www.europesays.com\/fr\/588637\/","title":{"rendered":"pour son dernier match avec les Sharks, Plumtree rend un superbe hommage \u00e0 Toulouse"},"content":{"rendered":"<p>Des sc\u00e8nes que l\u2019on adore voir sur un terrain de rugby. Dimanche dernier, les Sharks faisaient leur entr\u00e9e en lice en Champions Cup sur la pelouse du <a href=\"https:\/\/www.quinzemondial.com\/top-14\/affaire-jaminet-apres-une-longue-audience-le-stade-toulousain-sera-fixe-en-fin-de-semaine-821116\" target=\"_blank\" rel=\"noopener\">Stade Toulousain.<\/a> Rapidement d\u00e9pass\u00e9s et priv\u00e9s de leurs internationaux, les Sud-Africains n\u2019ont pas \u00e9t\u00e9 en mesure de rivaliser et <a href=\"https:\/\/www.quinzemondial.com\/champions-cup\/stade-toulousain-mola-na-pas-aime-les-prestations-de-certains-joueurs-et-a-lexplication-821084\" target=\"_blank\" rel=\"noopener\">se sont lourdement inclin\u00e9s<\/a> (56-19). Une rencontre qui avait une saveur forc\u00e9ment particuli\u00e8re pour John Plumtree. A la t\u00eate de l\u2019\u00e9quipe depuis de longues ann\u00e9es, le technicien avait d\u00e9cid\u00e9 avant la rencontre de quitter son poste et de laisser son adjoint JP Pietersen lui succ\u00e9der.<\/p>\n<p>En conf\u00e9rence de presse, il a partag\u00e9 son \u00e9motion dans des propos rapport\u00e9s par <a href=\"https:\/\/www.rugbyrama.fr\/2025\/12\/09\/champions-cup-toulouse-est-un-merveilleux-endroit-pour-terminer-john-plumtree-quitte-les-sharks-apres-la-defaite-face-au-stade-toulousain-13098054.php\" target=\"_blank\" rel=\"noopener\">Rugbyrama<\/a>, mettant en avant Toulouse et le rugby fran\u00e7ais.<\/p>\n<blockquote>\n<p>\u00ab\u00a0Mais quel endroit pour finir\u00a0! J\u2019adore Toulouse\u00a0! J\u2019adore les Fran\u00e7ais et leur mani\u00e8re de supporter leur \u00e9quipe. C\u2019est une v\u00e9ritable ville de rugby et j\u2019admire la mani\u00e8re dont les Toulousains soutiennent leur \u00e9quipe et j\u2019esp\u00e8re qu\u2019ils auront beaucoup de succ\u00e8s cette saison. Je sais que leurs standards sont tr\u00e8s \u00e9lev\u00e9s et ils ont des joueurs incroyables, donc quel merveilleux endroit pour terminer\u00a0!\u00a0\u00bb<\/p>\n<\/blockquote>\n<p>Partagez cette info avec vos amis et vos proches en cliquant ici<br \/>Pour r\u00e9sumer<\/p>\n<p>John Plumtree a disput\u00e9 son dernier match \u00e0 la t\u00eate des Sharks lors de la d\u00e9faite face au Stade Toulousain. Apr\u00e8s avoir d\u00e9cid\u00e9 de se retirer, le N\u00e9o-Z\u00e9landais a rendu un bel hommage \u00e0 la ville rose et \u00e0 la famille Roumat.<\/p>\n<p> <img decoding=\"async\" width=\"76\" height=\"76\" loading=\"lazy\" src=\"https:\/\/www.europesays.com\/fr\/wp-content\/uploads\/2025\/04\/avatar-quinze.png\" alt=\"Arnaud D\u00e9chelotte\"\/><\/p>\n","protected":false},"excerpt":{"rendered":"Des sc\u00e8nes que l\u2019on adore voir sur un terrain de rugby. Dimanche dernier, les Sharks faisaient leur entr\u00e9e&hellip;\n","protected":false},"author":2,"featured_media":588638,"comment_status":"","ping_status":"","sticky":false,"template":"","format":"standard","meta":{"footnotes":""},"categories":[2816],"tags":[1111,11,3460,1777,674,1011,27,12,2680,25,2312],"class_list":{"0":"post-588637","1":"post","2":"type-post","3":"status-publish","4":"format-standard","5":"has-post-thumbnail","7":"category-toulouse","8":"tag-actu","9":"tag-actualites","10":"tag-champions-cup","11":"tag-eu","12":"tag-europe","13":"tag-fr","14":"tag-france","15":"tag-news","16":"tag-occitanie","17":"tag-republique-francaise","18":"tag-toulouse"},"share_on_mastodon":{"url":"https:\/\/pubeurope.com\/@fr\/115689897001513082","error":""},"_links":{"self":[{"href":"https:\/\/www.europesays.com\/fr\/wp-json\/wp\/v2\/posts\/588637","targetHints":{"allow":["GET"]}}],"collection":[{"href":"https:\/\/www.europesays.com\/fr\/wp-json\/wp\/v2\/posts"}],"about":[{"href":"https:\/\/www.europesays.com\/fr\/wp-json\/wp\/v2\/types\/post"}],"author":[{"embeddable":true,"href":"https:\/\/www.europesays.com\/fr\/wp-json\/wp\/v2\/users\/2"}],"replies":[{"embeddable":true,"href":"https:\/\/www.europesays.com\/fr\/wp-json\/wp\/v2\/comments?post=588637"}],"version-history":[{"count":0,"href":"https:\/\/www.europesays.com\/fr\/wp-json\/wp\/v2\/posts\/588637\/revisions"}],"wp:featuredmedia":[{"embeddable":true,"href":"https:\/\/www.europesays.com\/fr\/wp-json\/wp\/v2\/media\/588638"}],"wp:attachment":[{"href":"https:\/\/www.europesays.com\/fr\/wp-json\/wp\/v2\/media?parent=588637"}],"wp:term":[{"taxonomy":"category","embeddable":true,"href":"https:\/\/www.europesays.com\/fr\/wp-json\/wp\/v2\/categories?post=588637"},{"taxonomy":"post_tag","embeddable":true,"href":"https:\/\/www.europesays.com\/fr\/wp-json\/wp\/v2\/tags?post=588637"}],"curies":[{"name":"wp","href":"https:\/\/api.w.org\/{rel}","templated":true}]}}