{"id":588639,"date":"2025-12-09T13:41:24","date_gmt":"2025-12-09T13:41:24","guid":{"rendered":"https:\/\/www.europesays.com\/fr\/588639\/"},"modified":"2025-12-09T13:41:24","modified_gmt":"2025-12-09T13:41:24","slug":"dans-les-coulisses-dune-celebration-particuliere-a-la-catho","status":"publish","type":"post","link":"https:\/\/www.europesays.com\/fr\/588639\/","title":{"rendered":"dans les coulisses d&rsquo;une c\u00e9l\u00e9bration particuli\u00e8re \u00e0 la Catho"},"content":{"rendered":"<p>                    Par<br \/>\n        <strong><br \/>\n            <a href=\"https:\/\/actu.fr\/auteur\/annesophie-2\" title=\"Consulter tous les articles de Anne-Sophie Hourdeaux\" target=\"_blank\" rel=\"noopener\">Anne-Sophie Hourdeaux<\/a><br \/>\n                    <\/strong><\/p>\n<p>        Publi\u00e9 le<\/p>\n<p>            9 d\u00e9c. 2025 \u00e0 13h46        <\/p>\n<p>Quand on regarde la <b>messe<\/b> <a href=\"https:\/\/actu.fr\/tag\/television\" target=\"_blank\" rel=\"noopener\">t\u00e9l\u00e9vis\u00e9e<\/a> sur <b>France 2<\/b>, on ne se doute pas de l\u2019organisation que cela demande. Ce <a href=\"https:\/\/actu.fr\/hauts-de-france\/lille_59350\/pour-le-jour-du-seigneur-la-messe-televisee-tournee-en-direct-a-luniversite-catholique-de-lille-dimanche_63534342.html\" target=\"_blank\" rel=\"noopener\">fut le cas dimanche 7 d\u00e9cembre 2025<\/a> \u00e0 l\u2019<a href=\"https:\/\/actu.fr\/tag\/universite-catholique-de-lille\" target=\"_blank\" rel=\"noopener\">universit\u00e9 catholique de Lille<\/a>. Les <b>camions de la r\u00e9gie<\/b> du Jour du Seigneur sont arriv\u00e9s la veille, le 6\u00a0d\u00e9cembre, ils se sont install\u00e9s j<b>uste en face de l\u2019entr\u00e9e de la Catho<\/b>. <b>Sept cam\u00e9ras, fixes et mobiles<\/b>, ont \u00e9t\u00e9 plac\u00e9es dans la chapelle Saint-Joseph, plus de <b>nombreux projecteurs lumi\u00e8res<\/b>. On vous <b>plonge en coulisses<\/b>.<\/p>\n<p>    <img   decoding=\"async\" loading=\"lazy\" class=\"size-large\" src=\"https:\/\/www.europesays.com\/fr\/wp-content\/uploads\/2025\/12\/79236466963967d236466963971336v-960x640.jpg\" alt=\"messe t\u00e9l\u00e9vis\u00e9e chapelle universit\u00e9 catholique lille\" width=\"960\" height=\"640\"\/><br \/>\n    Environ 600\u00a0personnes ont particip\u00e9 \u00e0 la messe t\u00e9l\u00e9vis\u00e9e, dont beaucoup d\u2019\u00e9tudiants, de salari\u00e9s et d\u2019anciens. \u00a9AS Hourdeaux\/Croix du NordMesse t\u00e9l\u00e9vis\u00e9e \u00e0 Lille : une r\u00e9p\u00e9tition d\u00e8s la veille<\/p>\n<p class=\" wall-content\">Une <b>r\u00e9p\u00e9tition a eu lieu toute l\u2019apr\u00e8s-midi <\/b>samedi 6\u00a0d\u00e9cembre avec les diff\u00e9rents acteurs de cette messe exceptionnelle. Et le dimanche matin, les <b>fid\u00e8les sont arriv\u00e9s bien avant 11\u2009h<\/b>. Les consignes ont commenc\u00e9 \u00e0 \u00eatre donn\u00e9es d\u00e8s 9\u2009h\u200930\u2009!<\/p>\n<p class=\" wall-content\">C\u2019est St\u00e9phanie Gugny, charg\u00e9e de liturgie t\u00e9l\u00e9vis\u00e9e au Jour du Seigneur, qui a \u00e9t\u00e9 la \u00ab\u2009cheffe\u2009\u00bb d\u2019orchestre. Car le <b>cadre est serr\u00e9\u2009<\/b>: la c\u00e9l\u00e9bration ne peut pas d\u00e9passer 52 minutes. \u00ab\u2009Nous sommes l\u00e0 pour ceux qui ne peuvent se d\u00e9placer \u00e0 la messe, n<b>ous sommes suivis par 800\u2009000 personnes qu\u2019on aime appeler \u2018t\u00e9l\u00e9fid\u00e8les\u2019 <\/b>plut\u00f4t que t\u00e9l\u00e9spectateurs, car on ne regarde pas la messe t\u00e9l\u00e9vis\u00e9e, on y participe\u2009!\u2009\u00bb<\/p>\n<p class=\" wall-content\">Elle donne de nombreuses consignes\u2009: \u00ab\u2009Pour le mouvement de qu\u00eate, les ministres de la communion vont se positionner, ainsi vous verrez comment cela va se passer. Vous vous avancerez, et retournerez \u00e0 votre place en faisant le tour. Selon le timing, peut-\u00eatre tout le monde ne pourra pas communier, car nous devons respecter l\u2019horaire. Mais ne vous inqui\u00e9tez pas, apr\u00e8s la messe, on pr\u00e9voira un moment de rattrapage\u2026\u2009\u00bb<\/p>\n<p class=\" wall-content\">Et encore\u2009: \u00ab\u2009Il n\u2019y aura pas de qu\u00eate. N\u2019oubliez pas de sourire pour montrer des chr\u00e9tiens heureux. <b>Coupez vos t\u00e9l\u00e9phones, c\u2019est arriv\u00e9 r\u00e9cemment qu\u2019une sonnerie retentisse au moment de la cons\u00e9cration\u2009!\u2009<\/b>\u00bb Et elle entonne le g\u00e9n\u00e9rique de \u00ab\u2009Mission impossible\u2009\u00bb\u2009!<\/p>\n<p>    <img   decoding=\"async\" loading=\"lazy\" class=\"size-large\" src=\"https:\/\/www.europesays.com\/fr\/wp-content\/uploads\/2025\/12\/8866646696396ec6664669639e0766v-960x640.jpg\" alt=\"messe t\u00e9l\u00e9vis\u00e9e chapelle universit\u00e9 catholique lille\" width=\"960\" height=\"640\"\/><br \/>\n    Les consignes de St\u00e9phanie Gugny du Jour du Seigneur avant le direct. \u00a9AS Hourdeaux\/Croix du NordOffrir un \u00ab\u2009\u00e9clat d\u2019esp\u00e9rance\u2009\u00bb<\/p>\n<p class=\" wall-content\">Plusieurs chants et pri\u00e8res sont r\u00e9p\u00e9t\u00e9s. \u00ab\u2009Le chant lors des intentions de pri\u00e8re est celui qu\u2019on retrouve \u00e0 chaque messe t\u00e9l\u00e9vis\u00e9e de l\u2019Avent. L\u2019\u00e9toile install\u00e9e dans la <b>cr\u00e8che est aussi un fil rouge de nos messes<\/b> pendant cette p\u00e9riode vers <a href=\"https:\/\/actu.fr\/tag\/noel\" target=\"_blank\" rel=\"noopener\">No\u00ebl<\/a>\u2026\u2009\u00bb<\/p>\n<p>Votre r\u00e9gion, votre actu !<\/p>\n<p>Recevez chaque jour les infos qui comptent pour vous.<\/p>\n<p>\t<a href=\"https:\/\/actu.fr\/newsletter\" class=\"ac-btn ac-btn--corner ac-btn--medium ac-btn--blue800\" target=\"_blank\" rel=\"noopener\">S&rsquo;incrire<\/a><\/p>\n<p class=\" wall-content\">Des petites bougies dans leur \u00e9crin rouge sont diss\u00e9min\u00e9es dans le ch\u0153ur. Un clin d\u2019\u0153il, que pr\u00e9cise Charles-Marie Rigail, aum\u00f4nier de la Catho, avant le d\u00e9but du direct\u2009: \u00ab\u2009D\u2019habitude, il n\u2019y a pas de c\u00e9l\u00e9bration ici le dimanche. Notre rendez-vous, c\u2019est le mardi soir, pour la messe \u00e0 la bougie. <b>On a voulu offrir un \u2018\u00e9clat d\u2019esp\u00e9rance\u2019 de cette messe \u00e0 la bougie<\/b>, rendre un peu de l\u2019ambiance de ce moment \u00e0 la t\u00e9l\u00e9, et transmettre cette esp\u00e9rance\u2009\u00bb.<\/p>\n<p>    <img   decoding=\"async\" loading=\"lazy\" class=\"size-large\" src=\"https:\/\/www.europesays.com\/fr\/wp-content\/uploads\/2025\/12\/31b794669639625b79466963919b79v-960x640.jpg\" alt=\"messe t\u00e9l\u00e9vis\u00e9e chapelle universit\u00e9 catholique lille\" width=\"960\" height=\"640\"\/><br \/>\n    Des bougies ont \u00e9t\u00e9 install\u00e9es pour rappeler la messe \u00e0 la bougie du lieu. \u00a9AS Hourdeaux\/Croix du NordMontrer que les jeunes sont l\u00e0<\/p>\n<p class=\" wall-content\">\u00c0 droite du ch\u0153ur, l\u2019\u00e9quipe technique est install\u00e9e, avec deux cam\u00e9ras, les derniers r\u00e9glages se font. Dans la <b>belle chapelle enti\u00e8rement r\u00e9nov\u00e9e en 2021, aux vitraux lumineux et expressifs<\/b>, on remarque que les projecteurs \u00e9clairent harmonieusement des d\u00e9tails dor\u00e9s, la croix, les fleurs des cl\u00e9s de vo\u00fbte. Le souci esth\u00e9tique du d\u00e9tail, pour donner les meilleures images t\u00e9l\u00e9visuelles.<\/p>\n<p class=\" wall-content\">Parmi les participants, on retrouve Olivia, Roxane et Cyprien, \u00e9tudiants \u00e0 la Catho, confient\u2009: \u00ab\u2009On vient le mardi soir, le p\u00e8re Rigail nous a incit\u00e9s \u00e0 participer aujourd\u2019hui, pour <b>montrer que les jeunes catholiques sont l\u00e0, c\u2019est important<\/b> car beaucoup de personnes \u00e2g\u00e9es regardent le Jour du Seigneur\u2026\u2009\u00bb<\/p>\n<p>    <img   decoding=\"async\" loading=\"lazy\" class=\"size-large\" src=\"https:\/\/www.europesays.com\/fr\/wp-content\/uploads\/2025\/12\/7daa3466963964cba3466963956da3v-960x640.jpg\" alt=\"messe t\u00e9l\u00e9vis\u00e9e chapelle universit\u00e9 catholique lille\" width=\"960\" height=\"640\"\/><br \/>\n    L\u2019aum\u00f4nerie \u00e9tudiante a particip\u00e9 \u00e0 l\u2019organisation, avec chorale et musiciens exceptionnels. \u00a9AS Hourdeaux\/Croix du Nord<\/p>\n<p class=\" wall-content\">Julia et In\u00e8s \u00e9tudient \u00e0 Skema, elles viennent souvent \u00e0 la messe \u00e0 la bougie\u2009: \u00ab\u2009Comme c\u2019est l\u2019Avent, on participe davantage aux messes, on s\u2019est dit\u2009: pourquoi pas une messe t\u00e9l\u00e9vis\u00e9e\u2009? C\u2019est une premi\u00e8re\u2009!\u2009\u00bb \u00c9tienne est salari\u00e9 de la Catho\u2009: \u00ab\u2009On <b>participe \u00e0 la vie de l\u2019Universit\u00e9<\/b>, cette messe en fait partie\u2009\u00bb.<\/p>\n<p class=\" wall-content\">\u00ab\u2009\u00c7a commence dans une minute\u2009\u00bb. Le chant d\u2019entr\u00e9e peut commencer. Cette messe sera accompagn\u00e9e par la chorale et les musiciens de l\u2019aum\u00f4nerie des \u00e9tudiants, partenaire de l\u2019organisation. Plusieurs de ses membres sont reconnaissables \u00e0 la veste portant ce message de sainte Catherine de Sienne \u00ab\u2009Si vous \u00eates ce que vous devez \u00eatre, vous mettrez le feu au monde entier\u2009\u00bb.<\/p>\n<p class=\" wall-content\">Le recteur accueille\u2009: \u00ab\u2009Bonjour \u00e0 tous, \u00e0 vous pr\u00e9sents dans la chapelle et \u00e0 vous devant vos t\u00e9l\u00e9viseurs. Depuis 150\u00a0ans, l\u2019Universit\u00e9 catholique de Lille d\u00e9veloppe son action, avec 20 \u00e9tablissements et 43\u2009000 \u00e9tudiants\u2009\u00bb.<\/p>\n<p>\u00ab\u2009Je pense \u00e0 Monique\u2009\u00bb<\/p>\n<p class=\" wall-content\">Les chants s\u2019encha\u00eenent, d\u2019une incroyable beaut\u00e9, port\u00e9s par la chorale et les musiciens de l\u2019aum\u00f4nerie. C\u2019est le fr\u00e8re dominicain Franck Dubois qui assure l\u2019hom\u00e9lie. Il est vice-recteur de la Catho\u2009: \u00ab\u2009<b>Ce matin, je pense \u00e0 Monique, notre voisine du bout de la rue, qui nous regarde \u00e0 la t\u00e9l\u00e9<\/b>. Elle se d\u00e9sole souvent que les messes sont ennuyeuses. Il ne manquerait plus que Jean Baptiste d\u00e9barque. Il dirait\u2009: \u2018Avec vos livres, vos savoirs, qu\u2019avez-vous fait pour propager les voies du Seigneur\u2009?\u2019 Mais il serait peut-\u00eatre \u00e0 l\u2019aise ici. C\u2019est \u00e0 coups d\u2019intelligence que nous d\u00e9sarmerons le monde. Au bout des mots, il y a les bras. Au bout de la rue, il y a Monique, elle sait que la Parole nous demande qu\u2019une chose, s\u2019incarner\u2026\u2009\u00bb<\/p>\n<p>\u00ab\u2009Toute l\u2019\u00e9quipe est boulevers\u00e9e\u2009\u00bb<\/p>\n<p class=\" wall-content\">Les 50 minutes sont pass\u00e9es comme une fl\u00e8che. St\u00e9phanie Gugny conclut une fois que le direct est fini\u2009: \u00ab\u2009<b>On a eu une messe magnifique, bravo<\/b>\u2009! En r\u00e9gie, tout le monde est boulevers\u00e9, je n\u2019avais jamais vu autant d\u2019\u00e9motions dans mon \u00e9quipe\u2026\u2009\u00bb Tout le monde applaudit.<\/p>\n<p class=\" wall-content\">Mais en v\u00e9rit\u00e9, pour vraiment profiter de cette messe t\u00e9l\u00e9vis\u00e9e, il faudra la revoir sur internet et c\u2019est une chance\u2009! Car toute la beaut\u00e9 du lieu et la qualit\u00e9 sono sont bien plus valoris\u00e9es sur \u00e9cran, gr\u00e2ce au talent de l\u2019\u00e9quipe du Jour du Seigneur. L\u2019accent est mis sur les visages, les d\u00e9tails, magnifiques, et m\u00eame les anecdotes, avec la voix off.<\/p>\n<p><a href=\"https:\/\/www.youtube.com\/watch?v=oH6Xpm9VHKI\" target=\"_blank\" rel=\"noopener\">Vous pouvez revoir cette messe sur youtube en cliquant ici.<\/a><\/p>\n<p class=\" wall-content\">Personnalisez votre actualit\u00e9 en ajoutant vos villes et m\u00e9dias en favori avec <a href=\"https:\/\/moncompte.actu.fr\" title=\"D\u00e9couvez Mon Actu\" rel=\"nofollow noopener\" data-trk=\"{&quot;cta&quot;:{&quot;action&quot;:&quot;https:\\\/\\\/moncompte.actu.fr&quot;,&quot;category&quot;:&quot;mon compte&quot;,&quot;from&quot;:&quot;article footer&quot;,&quot;name&quot;:&quot;Mon actu&quot;,&quot;type&quot;:&quot;cta&quot;}}\" target=\"_blank\">Mon Actu<\/a>.<\/p>\n","protected":false},"excerpt":{"rendered":"Par Anne-Sophie Hourdeaux Publi\u00e9 le 9 d\u00e9c. 2025 \u00e0 13h46 Quand on regarde la messe t\u00e9l\u00e9vis\u00e9e sur France&hellip;\n","protected":false},"author":2,"featured_media":588640,"comment_status":"","ping_status":"","sticky":false,"template":"","format":"standard","meta":{"footnotes":""},"categories":[2815],"tags":[1111,11,1777,674,1011,27,811,1307,12,4020,25,104,252],"class_list":{"0":"post-588639","1":"post","2":"type-post","3":"status-publish","4":"format-standard","5":"has-post-thumbnail","7":"category-lille","8":"tag-actu","9":"tag-actualites","10":"tag-eu","11":"tag-europe","12":"tag-fr","13":"tag-france","14":"tag-hauts-de-france","15":"tag-lille","16":"tag-news","17":"tag-religion","18":"tag-republique-francaise","19":"tag-societe","20":"tag-television"},"share_on_mastodon":{"url":"https:\/\/pubeurope.com\/@fr\/115689901144288244","error":""},"_links":{"self":[{"href":"https:\/\/www.europesays.com\/fr\/wp-json\/wp\/v2\/posts\/588639","targetHints":{"allow":["GET"]}}],"collection":[{"href":"https:\/\/www.europesays.com\/fr\/wp-json\/wp\/v2\/posts"}],"about":[{"href":"https:\/\/www.europesays.com\/fr\/wp-json\/wp\/v2\/types\/post"}],"author":[{"embeddable":true,"href":"https:\/\/www.europesays.com\/fr\/wp-json\/wp\/v2\/users\/2"}],"replies":[{"embeddable":true,"href":"https:\/\/www.europesays.com\/fr\/wp-json\/wp\/v2\/comments?post=588639"}],"version-history":[{"count":0,"href":"https:\/\/www.europesays.com\/fr\/wp-json\/wp\/v2\/posts\/588639\/revisions"}],"wp:featuredmedia":[{"embeddable":true,"href":"https:\/\/www.europesays.com\/fr\/wp-json\/wp\/v2\/media\/588640"}],"wp:attachment":[{"href":"https:\/\/www.europesays.com\/fr\/wp-json\/wp\/v2\/media?parent=588639"}],"wp:term":[{"taxonomy":"category","embeddable":true,"href":"https:\/\/www.europesays.com\/fr\/wp-json\/wp\/v2\/categories?post=588639"},{"taxonomy":"post_tag","embeddable":true,"href":"https:\/\/www.europesays.com\/fr\/wp-json\/wp\/v2\/tags?post=588639"}],"curies":[{"name":"wp","href":"https:\/\/api.w.org\/{rel}","templated":true}]}}